{"id":9767,"date":"2024-06-03T13:06:43","date_gmt":"2024-06-03T16:06:43","guid":{"rendered":"https:\/\/cbxonline.com.br\/?p=9767"},"modified":"2024-06-03T13:06:45","modified_gmt":"2024-06-03T16:06:45","slug":"integrantes-do-pl-ja-tem-preferido-para-disputa-contra-lula","status":"publish","type":"post","link":"https:\/\/cbxonline.com.br\/index.php\/2024\/06\/03\/integrantes-do-pl-ja-tem-preferido-para-disputa-contra-lula\/","title":{"rendered":"Integrantes do PL j\u00e1 t\u00eam preferido para disputa contra Lula"},"content":{"rendered":"\n<p>Integrantes do PL avaliam que, mesmo em um cen\u00e1rio remoto de Jair Bolsonaro recuperar seus direitos pol\u00edticos para a pr\u00f3xima elei\u00e7\u00e3o, o melhor nome para concorrer \u00e0 presid\u00eancia em 2026 \u00e9 o do governador Tarc\u00edsio de Freitas.<\/p>\n\n\n\n<p>A leitura na c\u00fapula do partido \u00e9 que a rejei\u00e7\u00e3o de Bolsonaro est\u00e1 cristalizada e deve seguir alta at\u00e9 o pr\u00f3ximo pleito, o que daria mais chances \u00e0 reelei\u00e7\u00e3o de Lula em uma eventual disputa.<\/p>\n\n\n\n<p>Pesquisas contratadas pelo PL mostram que Tarc\u00edsio conseguiu se aproximar consideravelmente do presidente nas inten\u00e7\u00f5es de voto. Em janeiro, o governador aparecia 21 pontos atr\u00e1s do petista e, em maio, a diferen\u00e7a caiu para cinco pontos, com Lula na dianteira. Os dois levantamentos foram feitos pela Paran\u00e1 Pesquisas. Para membros do PL, o trunfo de Tarc\u00edsio \u00e9 a rejei\u00e7\u00e3o inferior \u00e0 de Bolsonaro.<\/p>\n\n\n\n<p>A postura do governador tem gerado cr\u00edticas entre os filhos do ex-presidente e parte de seu entorno. Eles consideram que os gestos de Tarc\u00edsio ao centro, como a aproxima\u00e7\u00e3o com ministros do Supremo Tribunal Federal, como Alexandre de Moraes, deixam o governador com a imagem de direita mais moderada, enquanto acentua o radicalismo de Bolsonaro.<\/p>\n\n\n\n<p>O discurso p\u00fablico de Tarc\u00edsio continua sendo o de que seu foco \u00e9 a reelei\u00e7\u00e3o ao governo de S\u00e3o Paulo.<\/p>\n\n\n\n<p>Fonte: Tribuna da Bahia <\/p>\n","protected":false},"excerpt":{"rendered":"<p>Integrantes do PL avaliam que, mesmo em um cen\u00e1rio remoto de Jair Bolsonaro recuperar seus direitos pol\u00edticos para a pr\u00f3xima elei\u00e7\u00e3o, o melhor nome para concorrer \u00e0 presid\u00eancia em 2026 \u00e9 o do governador Tarc\u00edsio de Freitas. A leitura na c\u00fapula do partido \u00e9 que a rejei\u00e7\u00e3o de Bolsonaro est\u00e1 cristalizada e deve seguir alta [&hellip;]<\/p>\n","protected":false},"author":2,"featured_media":9768,"comment_status":"open","ping_status":"open","sticky":false,"template":"","format":"standard","meta":{"jnews-multi-image_gallery":[],"jnews_single_post":{"subtitle":"","format":"standard","video":"","gallery":"","source_name":"","source_url":"","via_name":"","via_url":"","override_template":"0","override":[{"template":"1","single_blog_custom":"","parallax":"1","fullscreen":"1","layout":"right-sidebar","sidebar":"default-sidebar","second_sidebar":"default-sidebar","sticky_sidebar":"1","share_position":"top","share_float_style":"share-monocrhome","show_share_counter":"0","show_view_counter":"0","show_featured":"1","show_post_meta":"1","show_post_author":"0","show_post_author_image":"1","show_post_date":"1","post_date_format":"default","post_date_format_custom":"Y\/m\/d","show_post_category":"1","show_post_reading_time":"0","post_reading_time_wpm":"300","show_zoom_button":"0","zoom_button_out_step":"2","zoom_button_in_step":"3","show_post_tag":"1","show_prev_next_post":"1","show_popup_post":"1","number_popup_post":"1","show_author_box":"0","show_post_related":"0","show_inline_post_related":"0"}],"override_image_size":"0","image_override":[{"single_post_thumbnail_size":"no-crop","single_post_gallery_size":"crop-715"}],"trending_post":"0","trending_post_position":"meta","trending_post_label":"Trending","sponsored_post":"0","sponsored_post_label":"Sponsored by","sponsored_post_name":"","sponsored_post_url":"","sponsored_post_logo_enable":"0","sponsored_post_logo":"","sponsored_post_desc":"","disable_ad":"0"},"jnews_primary_category":{"id":"","hide":""},"footnotes":""},"categories":[85,91],"tags":[],"class_list":["post-9767","post","type-post","status-publish","format-standard","has-post-thumbnail","hentry","category-noticias","category-politica"],"_links":{"self":[{"href":"https:\/\/cbxonline.com.br\/index.php\/wp-json\/wp\/v2\/posts\/9767","targetHints":{"allow":["GET"]}}],"collection":[{"href":"https:\/\/cbxonline.com.br\/index.php\/wp-json\/wp\/v2\/posts"}],"about":[{"href":"https:\/\/cbxonline.com.br\/index.php\/wp-json\/wp\/v2\/types\/post"}],"author":[{"embeddable":true,"href":"https:\/\/cbxonline.com.br\/index.php\/wp-json\/wp\/v2\/users\/2"}],"replies":[{"embeddable":true,"href":"https:\/\/cbxonline.com.br\/index.php\/wp-json\/wp\/v2\/comments?post=9767"}],"version-history":[{"count":1,"href":"https:\/\/cbxonline.com.br\/index.php\/wp-json\/wp\/v2\/posts\/9767\/revisions"}],"predecessor-version":[{"id":9769,"href":"https:\/\/cbxonline.com.br\/index.php\/wp-json\/wp\/v2\/posts\/9767\/revisions\/9769"}],"wp:featuredmedia":[{"embeddable":true,"href":"https:\/\/cbxonline.com.br\/index.php\/wp-json\/wp\/v2\/media\/9768"}],"wp:attachment":[{"href":"https:\/\/cbxonline.com.br\/index.php\/wp-json\/wp\/v2\/media?parent=9767"}],"wp:term":[{"taxonomy":"category","embeddable":true,"href":"https:\/\/cbxonline.com.br\/index.php\/wp-json\/wp\/v2\/categories?post=9767"},{"taxonomy":"post_tag","embeddable":true,"href":"https:\/\/cbxonline.com.br\/index.php\/wp-json\/wp\/v2\/tags?post=9767"}],"curies":[{"name":"wp","href":"https:\/\/api.w.org\/{rel}","templated":true}]}}