{"id":9733,"date":"2024-05-29T11:42:32","date_gmt":"2024-05-29T14:42:32","guid":{"rendered":"https:\/\/cbxonline.com.br\/?p=9733"},"modified":"2024-05-29T11:42:34","modified_gmt":"2024-05-29T14:42:34","slug":"bruno-reis-provoca-adversarios-politicos-estou-doido-para-comparar","status":"publish","type":"post","link":"https:\/\/cbxonline.com.br\/index.php\/2024\/05\/29\/bruno-reis-provoca-adversarios-politicos-estou-doido-para-comparar\/","title":{"rendered":"Bruno Reis provoca advers\u00e1rios pol\u00edticos: \u201cEstou doido para comparar\u201d"},"content":{"rendered":"\n<p>O prefeito Bruno Reis (Uni\u00e3o Brasil) tem estado com a l\u00edngua afiada nas \u00faltimas semanas. Na manh\u00e3 desta quarta-feira, 29, o gestor municipal aproveitou&nbsp;a entrega de diversos monumentos restaurados em Salvador&nbsp;para cutucar ainda mais os seus advers\u00e1rios pol\u00edticos, \u00e0 medida em que se aproximam as elei\u00e7\u00f5es de 2024.<\/p>\n\n\n\n<p>Reis exaltou sua pr\u00f3pria gest\u00e3o, afirmando que houve avan\u00e7o em todos os setores da administra\u00e7\u00e3o municipal, mesmo com as diversas limita\u00e7\u00f5es dos \u00faltimos anos, como a crise arrecadat\u00f3ria dos munic\u00edpios e a pandemia de Covid-19.<\/p>\n\n\n\n<p>\u201cDoa a quem doer, queira reconhecer ou n\u00e3o, n\u00f3s avan\u00e7amos muito em todas as \u00e1reas. Melhoramos muito. Foi feito mais do que era poss\u00edvel\u201d, afirmou Bruno Reis.<\/p>\n\n\n\n<p>Segundo o prefeito de Salvador, as elei\u00e7\u00f5es ser\u00e3o o momento ideal para realizar compara\u00e7\u00f5es entre sua gest\u00e3o e as administra\u00e7\u00f5es realizadas por seus advers\u00e1rios pol\u00edticos. Sem citar nomes, o prefeito apontou que seu opositor \u00e9 \u201cbom de bravata\u201d, mas n\u00e3o consegue entregar resultados.<\/p>\n\n\n\n<p>\u201cEu estou doido para comparar o antes e o depois. E, principalmente, quem \u00e9 bom de bravata, de ret\u00f3rica, de conversa, mas de trabalho n\u00e3o d\u00e1 resultado. Essa hora vai chegar\u201d, disparou o gestor.<\/p>\n\n\n\n<p>O&nbsp;Portal A TARDE&nbsp;revelou nesta ter\u00e7a, 28, que&nbsp;Bruno Reis j\u00e1 bateu o martelo sobre quando anunciar\u00e1 sua pr\u00e9-candidatura \u00e0 reelei\u00e7\u00e3o.&nbsp;O prefeito dever\u00e1 convocar um evento no Centro de Conven\u00e7\u00f5es de Salvador ap\u00f3s o feriad\u00e3o de Corpus Christi, entre os dias 3 e 6 de junho, para celebrar a decis\u00e3o. <\/p>\n\n\n\n<p>Fonte: A Tarde <\/p>\n","protected":false},"excerpt":{"rendered":"<p>O prefeito Bruno Reis (Uni\u00e3o Brasil) tem estado com a l\u00edngua afiada nas \u00faltimas semanas. Na manh\u00e3 desta quarta-feira, 29, o gestor municipal aproveitou&nbsp;a entrega de diversos monumentos restaurados em Salvador&nbsp;para cutucar ainda mais os seus advers\u00e1rios pol\u00edticos, \u00e0 medida em que se aproximam as elei\u00e7\u00f5es de 2024. Reis exaltou sua pr\u00f3pria gest\u00e3o, afirmando que [&hellip;]<\/p>\n","protected":false},"author":2,"featured_media":9734,"comment_status":"open","ping_status":"open","sticky":false,"template":"","format":"standard","meta":{"jnews-multi-image_gallery":[],"jnews_single_post":{"subtitle":"","format":"standard","video":"","gallery":"","source_name":"","source_url":"","via_name":"","via_url":"","override_template":"0","override":[{"template":"1","single_blog_custom":"","parallax":"1","fullscreen":"1","layout":"right-sidebar","sidebar":"default-sidebar","second_sidebar":"default-sidebar","sticky_sidebar":"1","share_position":"top","share_float_style":"share-monocrhome","show_share_counter":"0","show_view_counter":"0","show_featured":"1","show_post_meta":"1","show_post_author":"0","show_post_author_image":"1","show_post_date":"1","post_date_format":"default","post_date_format_custom":"Y\/m\/d","show_post_category":"1","show_post_reading_time":"0","post_reading_time_wpm":"300","show_zoom_button":"0","zoom_button_out_step":"2","zoom_button_in_step":"3","show_post_tag":"1","show_prev_next_post":"1","show_popup_post":"1","number_popup_post":"1","show_author_box":"0","show_post_related":"0","show_inline_post_related":"0"}],"override_image_size":"0","image_override":[{"single_post_thumbnail_size":"no-crop","single_post_gallery_size":"crop-715"}],"trending_post":"0","trending_post_position":"meta","trending_post_label":"Trending","sponsored_post":"0","sponsored_post_label":"Sponsored by","sponsored_post_name":"","sponsored_post_url":"","sponsored_post_logo_enable":"0","sponsored_post_logo":"","sponsored_post_desc":"","disable_ad":"0"},"jnews_primary_category":{"id":"","hide":""},"footnotes":""},"categories":[85],"tags":[],"class_list":["post-9733","post","type-post","status-publish","format-standard","has-post-thumbnail","hentry","category-noticias"],"_links":{"self":[{"href":"https:\/\/cbxonline.com.br\/index.php\/wp-json\/wp\/v2\/posts\/9733","targetHints":{"allow":["GET"]}}],"collection":[{"href":"https:\/\/cbxonline.com.br\/index.php\/wp-json\/wp\/v2\/posts"}],"about":[{"href":"https:\/\/cbxonline.com.br\/index.php\/wp-json\/wp\/v2\/types\/post"}],"author":[{"embeddable":true,"href":"https:\/\/cbxonline.com.br\/index.php\/wp-json\/wp\/v2\/users\/2"}],"replies":[{"embeddable":true,"href":"https:\/\/cbxonline.com.br\/index.php\/wp-json\/wp\/v2\/comments?post=9733"}],"version-history":[{"count":1,"href":"https:\/\/cbxonline.com.br\/index.php\/wp-json\/wp\/v2\/posts\/9733\/revisions"}],"predecessor-version":[{"id":9735,"href":"https:\/\/cbxonline.com.br\/index.php\/wp-json\/wp\/v2\/posts\/9733\/revisions\/9735"}],"wp:featuredmedia":[{"embeddable":true,"href":"https:\/\/cbxonline.com.br\/index.php\/wp-json\/wp\/v2\/media\/9734"}],"wp:attachment":[{"href":"https:\/\/cbxonline.com.br\/index.php\/wp-json\/wp\/v2\/media?parent=9733"}],"wp:term":[{"taxonomy":"category","embeddable":true,"href":"https:\/\/cbxonline.com.br\/index.php\/wp-json\/wp\/v2\/categories?post=9733"},{"taxonomy":"post_tag","embeddable":true,"href":"https:\/\/cbxonline.com.br\/index.php\/wp-json\/wp\/v2\/tags?post=9733"}],"curies":[{"name":"wp","href":"https:\/\/api.w.org\/{rel}","templated":true}]}}