{"id":9730,"date":"2024-05-29T11:27:00","date_gmt":"2024-05-29T14:27:00","guid":{"rendered":"https:\/\/cbxonline.com.br\/?p=9730"},"modified":"2024-05-29T11:27:02","modified_gmt":"2024-05-29T14:27:02","slug":"homens-sao-presos-suspeitos-de-torturar-e-roubar-empresario","status":"publish","type":"post","link":"https:\/\/cbxonline.com.br\/index.php\/2024\/05\/29\/homens-sao-presos-suspeitos-de-torturar-e-roubar-empresario\/","title":{"rendered":"Homens s\u00e3o presos suspeitos de torturar e roubar empres\u00e1rio"},"content":{"rendered":"\n<p>A Pol\u00edcia realizou a pris\u00e3o de tr\u00eas homens suspeitos de torturar e roubar um empres\u00e1rio na cidade de Feira de Santana, no interior da Bahia. Segundo as investiga\u00e7\u00f5es, a v\u00edtima teve a casa invadida no bairro Feira 10, na ter\u00e7a-feira, 10, e foi for\u00e7ado a mostrar o local do cofre.<\/p>\n\n\n\n<p>Ap\u00f3s agredir a v\u00edtima, os suspeitos roubaram dinheiro, cheques, um carro, celulares, rel\u00f3gios e uma televis\u00e3o. O empres\u00e1rio est\u00e1 internado em um hospital de Feira de Santana. N\u00e3o h\u00e1 detalhes sobre o estado de sa\u00fade dele.<\/p>\n\n\n\n<p>Os suspeitos foram presos horas ap\u00f3s o crime, durante uma opera\u00e7\u00e3o que envolveu equipes da Pol\u00edcia Rodovi\u00e1ria Federal (PRF), do Batalh\u00e3o da Pol\u00edcia Militar e da Delegacia de Repress\u00e3o a Furtos e Roubos de Ve\u00edculos (DRFRV) de Feira de Santana.<\/p>\n\n\n\n<p>Policiais da PRF cercaram os ve\u00edculos, um dos motoristas suspeitos tentou fugir por uma \u00e1rea de matagal, perdeu o controle da dire\u00e7\u00e3o do carro, que capotou. O condutor foi detido.<\/p>\n\n\n\n<p>Em seguida, o segundo carro foi interceptado. Nele estavam os outros dois homens. A dupla estava com um rev\u00f3lver, seis celulares e uma quantia em dinheiro, cujo valor n\u00e3o foi revelado.<\/p>\n\n\n\n<p>O trio deve passar por audi\u00eancia de cust\u00f3dia nesta quarta. 29. Eles foram autuados por latroc\u00ednio tentado.<\/p>\n\n\n\n<p>Fonte: A Tarde <\/p>\n","protected":false},"excerpt":{"rendered":"<p>A Pol\u00edcia realizou a pris\u00e3o de tr\u00eas homens suspeitos de torturar e roubar um empres\u00e1rio na cidade de Feira de Santana, no interior da Bahia. Segundo as investiga\u00e7\u00f5es, a v\u00edtima teve a casa invadida no bairro Feira 10, na ter\u00e7a-feira, 10, e foi for\u00e7ado a mostrar o local do cofre. Ap\u00f3s agredir a v\u00edtima, os [&hellip;]<\/p>\n","protected":false},"author":2,"featured_media":9731,"comment_status":"open","ping_status":"open","sticky":false,"template":"","format":"standard","meta":{"jnews-multi-image_gallery":[],"jnews_single_post":{"subtitle":"","format":"standard","video":"","gallery":"","source_name":"","source_url":"","via_name":"","via_url":"","override_template":"0","override":[{"template":"1","single_blog_custom":"","parallax":"1","fullscreen":"1","layout":"right-sidebar","sidebar":"default-sidebar","second_sidebar":"default-sidebar","sticky_sidebar":"1","share_position":"top","share_float_style":"share-monocrhome","show_share_counter":"0","show_view_counter":"0","show_featured":"1","show_post_meta":"1","show_post_author":"0","show_post_author_image":"1","show_post_date":"1","post_date_format":"default","post_date_format_custom":"Y\/m\/d","show_post_category":"1","show_post_reading_time":"0","post_reading_time_wpm":"300","show_zoom_button":"0","zoom_button_out_step":"2","zoom_button_in_step":"3","show_post_tag":"1","show_prev_next_post":"1","show_popup_post":"1","number_popup_post":"1","show_author_box":"0","show_post_related":"0","show_inline_post_related":"0"}],"override_image_size":"0","image_override":[{"single_post_thumbnail_size":"no-crop","single_post_gallery_size":"crop-715"}],"trending_post":"0","trending_post_position":"meta","trending_post_label":"Trending","sponsored_post":"0","sponsored_post_label":"Sponsored by","sponsored_post_name":"","sponsored_post_url":"","sponsored_post_logo_enable":"0","sponsored_post_logo":"","sponsored_post_desc":"","disable_ad":"0"},"jnews_primary_category":{"id":"","hide":""},"footnotes":""},"categories":[85],"tags":[],"class_list":["post-9730","post","type-post","status-publish","format-standard","has-post-thumbnail","hentry","category-noticias"],"_links":{"self":[{"href":"https:\/\/cbxonline.com.br\/index.php\/wp-json\/wp\/v2\/posts\/9730","targetHints":{"allow":["GET"]}}],"collection":[{"href":"https:\/\/cbxonline.com.br\/index.php\/wp-json\/wp\/v2\/posts"}],"about":[{"href":"https:\/\/cbxonline.com.br\/index.php\/wp-json\/wp\/v2\/types\/post"}],"author":[{"embeddable":true,"href":"https:\/\/cbxonline.com.br\/index.php\/wp-json\/wp\/v2\/users\/2"}],"replies":[{"embeddable":true,"href":"https:\/\/cbxonline.com.br\/index.php\/wp-json\/wp\/v2\/comments?post=9730"}],"version-history":[{"count":1,"href":"https:\/\/cbxonline.com.br\/index.php\/wp-json\/wp\/v2\/posts\/9730\/revisions"}],"predecessor-version":[{"id":9732,"href":"https:\/\/cbxonline.com.br\/index.php\/wp-json\/wp\/v2\/posts\/9730\/revisions\/9732"}],"wp:featuredmedia":[{"embeddable":true,"href":"https:\/\/cbxonline.com.br\/index.php\/wp-json\/wp\/v2\/media\/9731"}],"wp:attachment":[{"href":"https:\/\/cbxonline.com.br\/index.php\/wp-json\/wp\/v2\/media?parent=9730"}],"wp:term":[{"taxonomy":"category","embeddable":true,"href":"https:\/\/cbxonline.com.br\/index.php\/wp-json\/wp\/v2\/categories?post=9730"},{"taxonomy":"post_tag","embeddable":true,"href":"https:\/\/cbxonline.com.br\/index.php\/wp-json\/wp\/v2\/tags?post=9730"}],"curies":[{"name":"wp","href":"https:\/\/api.w.org\/{rel}","templated":true}]}}