{"id":9628,"date":"2024-05-21T10:48:37","date_gmt":"2024-05-21T13:48:37","guid":{"rendered":"https:\/\/cbxonline.com.br\/?p=9628"},"modified":"2024-05-21T10:48:39","modified_gmt":"2024-05-21T13:48:39","slug":"dorival-junior-realiza-convocacao-da-selecao-brasileira-para-amistosos","status":"publish","type":"post","link":"https:\/\/cbxonline.com.br\/index.php\/2024\/05\/21\/dorival-junior-realiza-convocacao-da-selecao-brasileira-para-amistosos\/","title":{"rendered":"Dorival Junior realiza convoca\u00e7\u00e3o da Sele\u00e7\u00e3o Brasileira para amistosos"},"content":{"rendered":"\n<p>Neste domingo, o t\u00e9cnico Dorival J\u00fanior anunciou a convoca\u00e7\u00e3o de mais tr\u00eas jogadores para representarem a sele\u00e7\u00e3o brasileira na Copa Am\u00e9rica e nos amistosos que antecedem a competi\u00e7\u00e3o, contra M\u00e9xico e Estados Unidos, em junho. Os escolhidos foram Bremer, zagueiro da Juventus, \u00c9derson, volante da Atalanta, e Pep\u00ea, ponta do Porto.<\/p>\n\n\n\n<p>Esses atletas se juntam aos demais convocados na \u00faltima sexta-feira, ampliando o n\u00famero de op\u00e7\u00f5es \u00e0 disposi\u00e7\u00e3o da equipe brasileira. A inclus\u00e3o de mais jogadores foi um pleito da CBF, autorizado pela Conmebol em reuni\u00e3o realizada nesta madrugada em Bangkok, na Tail\u00e2ndia.<\/p>\n\n\n\n<p>A lista de convocados, divulgada pelo t\u00e9cnico Dorival J\u00fanior, inclui jogadores de diversas partes do mundo, refletindo a amplitude do talento brasileiro espalhado por diversas ligas em v\u00e1rios continentes. Al\u00e9m dos j\u00e1 mencionados Bremer, \u00c9derson e Pep\u00ea, nomes como Alisson, Danilo, Marquinhos, Lucas Paquet\u00e1 e Gabriel Martinelli tamb\u00e9m fazem parte do grupo convocado.<\/p>\n\n\n\n<p>A convoca\u00e7\u00e3o do goleiro Rafael, do S\u00e3o Paulo, merece destaque, sendo chamado para substituir o lesionado Ederson, do Manchester City. Esta ser\u00e1 a segunda convoca\u00e7\u00e3o de Rafael para a sele\u00e7\u00e3o brasileira, representando um reconhecimento de seu desempenho no cen\u00e1rio nacional.<\/p>\n\n\n\n<p>A prepara\u00e7\u00e3o da equipe brasileira para a Copa Am\u00e9rica ser\u00e1 intensa, com os convocados que atuam no exterior se apresentando em Orlando a partir do dia 30 de maio, enquanto os jogadores que defendem clubes brasileiros s\u00e3o esperados a partir de 3 de junho. O planejamento inclui amistosos contra o M\u00e9xico e os Estados Unidos, visando o entrosamento e a prepara\u00e7\u00e3o f\u00edsica dos atletas para o torneio continental.<\/p>\n\n\n\n<p>A convoca\u00e7\u00e3o de novos jogadores, aliada ao empenho da comiss\u00e3o t\u00e9cnica em observar e acompanhar de perto o desempenho dos atletas, demonstra a determina\u00e7\u00e3o do Brasil em montar uma equipe competitiva e preparada para os desafios que vir\u00e3o pela frente. Com o talento e a dedica\u00e7\u00e3o dos jogadores convocados, a sele\u00e7\u00e3o brasileira busca alcan\u00e7ar o t\u00e3o almejado sucesso na Copa Am\u00e9rica e al\u00e9m.<\/p>\n\n\n\n<p><strong>Veja lista completa:\u00a0<\/strong><\/p>\n\n\n\n<figure class=\"wp-block-image size-large\"><img loading=\"lazy\" decoding=\"async\" width=\"1024\" height=\"142\" src=\"https:\/\/cbxonline.com.br\/wp-content\/uploads\/2024\/05\/Sem-titulo-1024x142.png\" alt=\"\" class=\"wp-image-9630\" srcset=\"https:\/\/cbxonline.com.br\/wp-content\/uploads\/2024\/05\/Sem-titulo-1024x142.png 1024w, https:\/\/cbxonline.com.br\/wp-content\/uploads\/2024\/05\/Sem-titulo-300x41.png 300w, https:\/\/cbxonline.com.br\/wp-content\/uploads\/2024\/05\/Sem-titulo-768x106.png 768w, https:\/\/cbxonline.com.br\/wp-content\/uploads\/2024\/05\/Sem-titulo.png 1135w\" sizes=\"auto, (max-width: 1024px) 100vw, 1024px\" \/><\/figure>\n\n\n\n<p>Fonte: Varela Net <\/p>\n","protected":false},"excerpt":{"rendered":"<p>Neste domingo, o t\u00e9cnico Dorival J\u00fanior anunciou a convoca\u00e7\u00e3o de mais tr\u00eas jogadores para representarem a sele\u00e7\u00e3o brasileira na Copa Am\u00e9rica e nos amistosos que antecedem a competi\u00e7\u00e3o, contra M\u00e9xico e Estados Unidos, em junho. Os escolhidos foram Bremer, zagueiro da Juventus, \u00c9derson, volante da Atalanta, e Pep\u00ea, ponta do Porto. Esses atletas se juntam [&hellip;]<\/p>\n","protected":false},"author":2,"featured_media":9629,"comment_status":"open","ping_status":"open","sticky":false,"template":"","format":"standard","meta":{"jnews-multi-image_gallery":[],"jnews_single_post":{"subtitle":"","format":"standard","video":"","gallery":"","source_name":"","source_url":"","via_name":"","via_url":"","override_template":"0","override":[{"template":"1","single_blog_custom":"","parallax":"1","fullscreen":"1","layout":"right-sidebar","sidebar":"default-sidebar","second_sidebar":"default-sidebar","sticky_sidebar":"1","share_position":"top","share_float_style":"share-monocrhome","show_share_counter":"0","show_view_counter":"0","show_featured":"1","show_post_meta":"1","show_post_author":"0","show_post_author_image":"1","show_post_date":"1","post_date_format":"default","post_date_format_custom":"Y\/m\/d","show_post_category":"1","show_post_reading_time":"0","post_reading_time_wpm":"300","show_zoom_button":"0","zoom_button_out_step":"2","zoom_button_in_step":"3","show_post_tag":"1","show_prev_next_post":"1","show_popup_post":"1","number_popup_post":"1","show_author_box":"0","show_post_related":"0","show_inline_post_related":"0"}],"override_image_size":"0","image_override":[{"single_post_thumbnail_size":"no-crop","single_post_gallery_size":"crop-715"}],"trending_post":"0","trending_post_position":"meta","trending_post_label":"Trending","sponsored_post":"0","sponsored_post_label":"Sponsored by","sponsored_post_name":"","sponsored_post_url":"","sponsored_post_logo_enable":"0","sponsored_post_logo":"","sponsored_post_desc":"","disable_ad":"0"},"jnews_primary_category":{"id":"","hide":""},"footnotes":""},"categories":[89],"tags":[],"class_list":["post-9628","post","type-post","status-publish","format-standard","has-post-thumbnail","hentry","category-esportes"],"_links":{"self":[{"href":"https:\/\/cbxonline.com.br\/index.php\/wp-json\/wp\/v2\/posts\/9628","targetHints":{"allow":["GET"]}}],"collection":[{"href":"https:\/\/cbxonline.com.br\/index.php\/wp-json\/wp\/v2\/posts"}],"about":[{"href":"https:\/\/cbxonline.com.br\/index.php\/wp-json\/wp\/v2\/types\/post"}],"author":[{"embeddable":true,"href":"https:\/\/cbxonline.com.br\/index.php\/wp-json\/wp\/v2\/users\/2"}],"replies":[{"embeddable":true,"href":"https:\/\/cbxonline.com.br\/index.php\/wp-json\/wp\/v2\/comments?post=9628"}],"version-history":[{"count":1,"href":"https:\/\/cbxonline.com.br\/index.php\/wp-json\/wp\/v2\/posts\/9628\/revisions"}],"predecessor-version":[{"id":9631,"href":"https:\/\/cbxonline.com.br\/index.php\/wp-json\/wp\/v2\/posts\/9628\/revisions\/9631"}],"wp:featuredmedia":[{"embeddable":true,"href":"https:\/\/cbxonline.com.br\/index.php\/wp-json\/wp\/v2\/media\/9629"}],"wp:attachment":[{"href":"https:\/\/cbxonline.com.br\/index.php\/wp-json\/wp\/v2\/media?parent=9628"}],"wp:term":[{"taxonomy":"category","embeddable":true,"href":"https:\/\/cbxonline.com.br\/index.php\/wp-json\/wp\/v2\/categories?post=9628"},{"taxonomy":"post_tag","embeddable":true,"href":"https:\/\/cbxonline.com.br\/index.php\/wp-json\/wp\/v2\/tags?post=9628"}],"curies":[{"name":"wp","href":"https:\/\/api.w.org\/{rel}","templated":true}]}}