{"id":9561,"date":"2024-05-16T12:25:21","date_gmt":"2024-05-16T15:25:21","guid":{"rendered":"https:\/\/cbxonline.com.br\/?p=9561"},"modified":"2024-05-16T12:25:23","modified_gmt":"2024-05-16T15:25:23","slug":"bruno-reis-diz-que-tematica-ambiental-precisa-de-respostas-necessarias","status":"publish","type":"post","link":"https:\/\/cbxonline.com.br\/index.php\/2024\/05\/16\/bruno-reis-diz-que-tematica-ambiental-precisa-de-respostas-necessarias\/","title":{"rendered":"Bruno Reis diz que tem\u00e1tica ambiental precisa de respostas necess\u00e1rias"},"content":{"rendered":"\n<p>Em conversa na\u00a0Sala A TARDE, espa\u00e7o no II Congresso Brasileiro de Direito e Sustentabilidade, no Wish Hotel da Bahia dedicado \u00e0 dissemina\u00e7\u00e3o de ideias e debates sobre o assunto, o prefeito Bruno Reis afirmou que a\u00a0tem\u00e1tica ambiental precisa de respostas necess\u00e1rias do setor p\u00fablico, privado e da sociedade de modo geral.\u00a0 <\/p>\n\n\n\n<p>O gestor mencionou o desastre ambiental ocorrido no Rio Grande do Sul como prova de se investir para previnir nos demais estados brasileiros.&nbsp;<\/p>\n\n\n\n<p>&#8220;Esse tema nunca teve um momento de tanta import\u00e2ncia como agora. \u00c9 urgente se debater os efeitos das mudan\u00e7as clim\u00e1ticas. \u00c9 uma necessidade de todos n\u00f3s assumirmos um pacto, sejam os agentes pol\u00edticos, o setor privado, ou a sociedade em geral para que possam dar as respostas que s\u00e3o cada vez mais necess\u00e1rias. Nos \u00faltimos anos, Salvador\u00a0passou a ter reconhecimento no Brasil\u00a0e no mundo por pr\u00e1ticas, a\u00e7\u00f5es e iniciativas que nos consolidaram como refer\u00eancia em sustentabilidade, resili\u00eancia e preserva\u00e7\u00e3o do meio ambiente&#8221;, disse Bruno. <\/p>\n\n\n\n<p>O prefeito relembrou a\u00a0cria\u00e7\u00e3o da\u00a0Secretaria de Cidade Sustent\u00e1vel\u00a0como uma estrutura espec\u00edfica para tratar da tem\u00e1tica sustent\u00e1vel na capital baiana desde 2013.<\/p>\n\n\n\n<p>&#8220;Desde a chegada do nosso grupo \u00e0 prefeitura em 2013, criamos a secretaria municipal de sustentabilidade. Naquela ocasi\u00e3o, n\u00f3s \u00e9ramos a primeira capital do Brasil a ter uma estrutura com tanta representatividade para propor pol\u00edticas p\u00fablicas e implement\u00e1-las&#8221;, pontuou o prefeito.<\/p>\n\n\n\n<p>O\u00a0Sala A TARDE\u00a0foi pensado para ser um espa\u00e7o essencial do evento, onde as maiores autoridades dos assuntos abordados poder\u00e3o trocar ideias e experi\u00eancias, al\u00e9m de apresentar solu\u00e7\u00f5es e cases para um seleto e exclusivo grupo de convidados, entre empres\u00e1rios e pol\u00edticos.<\/p>\n\n\n\n<p>Fonte: A Tarde<\/p>\n","protected":false},"excerpt":{"rendered":"<p>Em conversa na\u00a0Sala A TARDE, espa\u00e7o no II Congresso Brasileiro de Direito e Sustentabilidade, no Wish Hotel da Bahia dedicado \u00e0 dissemina\u00e7\u00e3o de ideias e debates sobre o assunto, o prefeito Bruno Reis afirmou que a\u00a0tem\u00e1tica ambiental precisa de respostas necess\u00e1rias do setor p\u00fablico, privado e da sociedade de modo geral.\u00a0 O gestor mencionou o [&hellip;]<\/p>\n","protected":false},"author":2,"featured_media":9562,"comment_status":"open","ping_status":"open","sticky":false,"template":"","format":"standard","meta":{"jnews-multi-image_gallery":[],"jnews_single_post":{"subtitle":"","format":"standard","video":"","gallery":"","source_name":"","source_url":"","via_name":"","via_url":"","override_template":"0","override":[{"template":"1","single_blog_custom":"","parallax":"1","fullscreen":"1","layout":"right-sidebar","sidebar":"default-sidebar","second_sidebar":"default-sidebar","sticky_sidebar":"1","share_position":"top","share_float_style":"share-monocrhome","show_share_counter":"0","show_view_counter":"0","show_featured":"1","show_post_meta":"1","show_post_author":"0","show_post_author_image":"1","show_post_date":"1","post_date_format":"default","post_date_format_custom":"Y\/m\/d","show_post_category":"1","show_post_reading_time":"0","post_reading_time_wpm":"300","show_zoom_button":"0","zoom_button_out_step":"2","zoom_button_in_step":"3","show_post_tag":"1","show_prev_next_post":"1","show_popup_post":"1","number_popup_post":"1","show_author_box":"0","show_post_related":"0","show_inline_post_related":"0"}],"override_image_size":"0","image_override":[{"single_post_thumbnail_size":"no-crop","single_post_gallery_size":"crop-715"}],"trending_post":"0","trending_post_position":"meta","trending_post_label":"Trending","sponsored_post":"0","sponsored_post_label":"Sponsored by","sponsored_post_name":"","sponsored_post_url":"","sponsored_post_logo_enable":"0","sponsored_post_logo":"","sponsored_post_desc":"","disable_ad":"0"},"jnews_primary_category":{"id":"","hide":""},"footnotes":""},"categories":[91],"tags":[],"class_list":["post-9561","post","type-post","status-publish","format-standard","has-post-thumbnail","hentry","category-politica"],"_links":{"self":[{"href":"https:\/\/cbxonline.com.br\/index.php\/wp-json\/wp\/v2\/posts\/9561","targetHints":{"allow":["GET"]}}],"collection":[{"href":"https:\/\/cbxonline.com.br\/index.php\/wp-json\/wp\/v2\/posts"}],"about":[{"href":"https:\/\/cbxonline.com.br\/index.php\/wp-json\/wp\/v2\/types\/post"}],"author":[{"embeddable":true,"href":"https:\/\/cbxonline.com.br\/index.php\/wp-json\/wp\/v2\/users\/2"}],"replies":[{"embeddable":true,"href":"https:\/\/cbxonline.com.br\/index.php\/wp-json\/wp\/v2\/comments?post=9561"}],"version-history":[{"count":1,"href":"https:\/\/cbxonline.com.br\/index.php\/wp-json\/wp\/v2\/posts\/9561\/revisions"}],"predecessor-version":[{"id":9563,"href":"https:\/\/cbxonline.com.br\/index.php\/wp-json\/wp\/v2\/posts\/9561\/revisions\/9563"}],"wp:featuredmedia":[{"embeddable":true,"href":"https:\/\/cbxonline.com.br\/index.php\/wp-json\/wp\/v2\/media\/9562"}],"wp:attachment":[{"href":"https:\/\/cbxonline.com.br\/index.php\/wp-json\/wp\/v2\/media?parent=9561"}],"wp:term":[{"taxonomy":"category","embeddable":true,"href":"https:\/\/cbxonline.com.br\/index.php\/wp-json\/wp\/v2\/categories?post=9561"},{"taxonomy":"post_tag","embeddable":true,"href":"https:\/\/cbxonline.com.br\/index.php\/wp-json\/wp\/v2\/tags?post=9561"}],"curies":[{"name":"wp","href":"https:\/\/api.w.org\/{rel}","templated":true}]}}