{"id":9540,"date":"2024-05-15T16:56:14","date_gmt":"2024-05-15T19:56:14","guid":{"rendered":"https:\/\/cbxonline.com.br\/?p=9540"},"modified":"2024-05-15T16:56:16","modified_gmt":"2024-05-15T19:56:16","slug":"conselho-da-petrobras-aprova-fim-do-mandato-de-jean-paul-prates","status":"publish","type":"post","link":"https:\/\/cbxonline.com.br\/index.php\/2024\/05\/15\/conselho-da-petrobras-aprova-fim-do-mandato-de-jean-paul-prates\/","title":{"rendered":"Conselho da Petrobras aprova fim do mandato de Jean Paul Prates"},"content":{"rendered":"\n<p>O Conselho de Administra\u00e7\u00e3o da Petrobras aprovou, na manh\u00e3 desta quarta-feira (15), o encerramento antecipado do mandato do presidente Jean Paul Prates. Para o seu lugar, foi nomeada interinamente a diretora executiva de assuntos corporativos, Clarice Coppetti.<\/p>\n\n\n\n<p>No m\u00eas passado, o ministro de Minas e Energia, Alexandre Silveira, reconheceu a exist\u00eancia de posi\u00e7\u00f5es p\u00fablicas divergentes entre o presidente da companhia e o governo, mas classificou rumores sobre demiss\u00e3o como especula\u00e7\u00f5es. &nbsp;<\/p>\n\n\n\n<p>O Minist\u00e9rio de Minas e Energia (MME) indicou a engenheira Magda Chambriard para substituir Prates.<\/p>\n\n\n\n<p>O nome de Magda ainda precisa passar por an\u00e1lises internas da empresa. S\u00e3o investigados potenciais conflitos de interesse e preparo para o cargo. Posteriormente, a indica\u00e7\u00e3o de Magda dever\u00e1 ser aprovada no Conselho de Administra\u00e7\u00e3o e referendada pela Assembleia dos Acionistas.<\/p>\n\n\n\n<p>Ela \u00e9 engenheira qu\u00edmica e civil e iniciou sua carreira na Petrobras em 1980, tendo sido posteriormente cedida \u00e0 Ag\u00eancia Nacional de Petr\u00f3leo, G\u00e1s Natural e Biocombust\u00edveis (ANP) em 2002. Ela ocupou a diretoria geral da ANP entre 2012 e 2016, nomeada pela ent\u00e3o presidenta Dilma Rousseff.<\/p>\n\n\n\n<p>O diretor financeiro e de relacionamento com investidores, Sergio Caetano Leite, tamb\u00e9m foi destitu\u00eddo do cargo pelo Conselho de Administra\u00e7\u00e3o. Ele era pr\u00f3ximo a Jean Paul Prates. Para o seu lugar, foi nomeado interinamente Carlos Alberto Rechelo Neto, atual gerente executivo de finan\u00e7as.<\/p>\n\n\n\n<p>Fonte: Ag\u00eancia Brasil<\/p>\n","protected":false},"excerpt":{"rendered":"<p>O Conselho de Administra\u00e7\u00e3o da Petrobras aprovou, na manh\u00e3 desta quarta-feira (15), o encerramento antecipado do mandato do presidente Jean Paul Prates. Para o seu lugar, foi nomeada interinamente a diretora executiva de assuntos corporativos, Clarice Coppetti. No m\u00eas passado, o ministro de Minas e Energia, Alexandre Silveira, reconheceu a exist\u00eancia de posi\u00e7\u00f5es p\u00fablicas divergentes [&hellip;]<\/p>\n","protected":false},"author":2,"featured_media":9541,"comment_status":"open","ping_status":"open","sticky":false,"template":"","format":"standard","meta":{"jnews-multi-image_gallery":[],"jnews_single_post":{"subtitle":"","format":"standard","video":"","gallery":"","source_name":"","source_url":"","via_name":"","via_url":"","override_template":"0","override":[{"template":"1","single_blog_custom":"","parallax":"1","fullscreen":"1","layout":"right-sidebar","sidebar":"default-sidebar","second_sidebar":"default-sidebar","sticky_sidebar":"1","share_position":"top","share_float_style":"share-monocrhome","show_share_counter":"0","show_view_counter":"0","show_featured":"1","show_post_meta":"1","show_post_author":"0","show_post_author_image":"1","show_post_date":"1","post_date_format":"default","post_date_format_custom":"Y\/m\/d","show_post_category":"1","show_post_reading_time":"0","post_reading_time_wpm":"300","show_zoom_button":"0","zoom_button_out_step":"2","zoom_button_in_step":"3","show_post_tag":"1","show_prev_next_post":"1","show_popup_post":"1","number_popup_post":"1","show_author_box":"0","show_post_related":"0","show_inline_post_related":"0"}],"override_image_size":"0","image_override":[{"single_post_thumbnail_size":"no-crop","single_post_gallery_size":"crop-715"}],"trending_post":"0","trending_post_position":"meta","trending_post_label":"Trending","sponsored_post":"0","sponsored_post_label":"Sponsored by","sponsored_post_name":"","sponsored_post_url":"","sponsored_post_logo_enable":"0","sponsored_post_logo":"","sponsored_post_desc":"","disable_ad":"0"},"jnews_primary_category":{"id":"","hide":""},"footnotes":""},"categories":[92],"tags":[],"class_list":["post-9540","post","type-post","status-publish","format-standard","has-post-thumbnail","hentry","category-economia"],"_links":{"self":[{"href":"https:\/\/cbxonline.com.br\/index.php\/wp-json\/wp\/v2\/posts\/9540","targetHints":{"allow":["GET"]}}],"collection":[{"href":"https:\/\/cbxonline.com.br\/index.php\/wp-json\/wp\/v2\/posts"}],"about":[{"href":"https:\/\/cbxonline.com.br\/index.php\/wp-json\/wp\/v2\/types\/post"}],"author":[{"embeddable":true,"href":"https:\/\/cbxonline.com.br\/index.php\/wp-json\/wp\/v2\/users\/2"}],"replies":[{"embeddable":true,"href":"https:\/\/cbxonline.com.br\/index.php\/wp-json\/wp\/v2\/comments?post=9540"}],"version-history":[{"count":1,"href":"https:\/\/cbxonline.com.br\/index.php\/wp-json\/wp\/v2\/posts\/9540\/revisions"}],"predecessor-version":[{"id":9542,"href":"https:\/\/cbxonline.com.br\/index.php\/wp-json\/wp\/v2\/posts\/9540\/revisions\/9542"}],"wp:featuredmedia":[{"embeddable":true,"href":"https:\/\/cbxonline.com.br\/index.php\/wp-json\/wp\/v2\/media\/9541"}],"wp:attachment":[{"href":"https:\/\/cbxonline.com.br\/index.php\/wp-json\/wp\/v2\/media?parent=9540"}],"wp:term":[{"taxonomy":"category","embeddable":true,"href":"https:\/\/cbxonline.com.br\/index.php\/wp-json\/wp\/v2\/categories?post=9540"},{"taxonomy":"post_tag","embeddable":true,"href":"https:\/\/cbxonline.com.br\/index.php\/wp-json\/wp\/v2\/tags?post=9540"}],"curies":[{"name":"wp","href":"https:\/\/api.w.org\/{rel}","templated":true}]}}