{"id":9369,"date":"2024-05-07T16:14:38","date_gmt":"2024-05-07T19:14:38","guid":{"rendered":"https:\/\/cbxonline.com.br\/?p=9369"},"modified":"2024-05-07T16:14:40","modified_gmt":"2024-05-07T19:14:40","slug":"rede-bahia-lanca-programacao-para-sao-joao-da-bahia-durante-evento-em-restaurante-de-salvador","status":"publish","type":"post","link":"https:\/\/cbxonline.com.br\/index.php\/2024\/05\/07\/rede-bahia-lanca-programacao-para-sao-joao-da-bahia-durante-evento-em-restaurante-de-salvador\/","title":{"rendered":"Rede Bahia lan\u00e7a programa\u00e7\u00e3o para S\u00e3o Jo\u00e3o da Bahia durante evento em restaurante de Salvador"},"content":{"rendered":"\n<p>A Rede Bahia, afiliada \u00e0 TV Globo, apresentou nesta ter\u00e7a-feira (7) suas iniciativas para o per\u00edodo do S\u00e3o Jo\u00e3o durante um caf\u00e9 da manh\u00e3 realizado pela emissora no restaurante Barbacoa, localizado na Avenida Tancredo Neves, em Salvador.<\/p>\n\n\n\n<p>Em entrevista ao BN Hall, o presidente da Rede Bahia, Rog\u00e9rio Bruxelas, ressaltou a import\u00e2ncia de valorizar a festa junina baiana.\u00a0<\/p>\n\n\n\n<p>\u201cNo fim do dia, quando voc\u00ea soma todos os munic\u00edpios que realizam grandes festas aqui no nosso estado, a gente tem o maior S\u00e3o Jo\u00e3o realmente, mas n\u00e3o \u00e9 essa percep\u00e7\u00e3o ainda clara. Ent\u00e3o, acho que a miss\u00e3o da gente da Bahia \u00e9 aumentar cada vez mais, investir na cobertura dessas grandes festas e projetar essa cultura t\u00e3o especial e t\u00e3o \u00edmpar da Bahia para todo o Brasil. Mais uma vez, a gente est\u00e1 lan\u00e7ando hoje um projeto de cobertura muito robusto, que passa por todo o interior, passa por todos os munic\u00edpios, pelos grandes e pequenos, trazendo culin\u00e1ria, m\u00fasica, curiosidades de tudo que acontece pelo interior. Qui\u00e7\u00e1 isso v\u00e1 ser projetado para todo o Brasil, aumentando cada vez mais a relev\u00e2ncia do S\u00e3o Jo\u00e3o da Bahia para todo o pa\u00eds. E que seja cada vez mais um destino para as pessoas aproveitarem essa data t\u00e3o especial\u201d, afirmou Bruxelas.\u00a0<\/p>\n\n\n\n<p>A programa\u00e7\u00e3o da emissora durante os festejos juninos incluir\u00e1 uma cobertura abrangente em diversos meios de comunica\u00e7\u00e3o, como r\u00e1dio, programas de entretenimento e jornalismo. Na r\u00e1dio, a Bahia FM, Fuzu\u00ea e Atitude ter\u00e3o edi\u00e7\u00f5es especiais. Na televis\u00e3o, os programas Mosaico Bai\u00e3o, Conex\u00e3o Bai\u00e3o e a novidade do programa \u201cVem, S\u00e3o Jo\u00e3o\u201d, que ser\u00e3o gravados em cidades do interior. Al\u00e9m disso, o jornalismo da emissora realizar\u00e1 a cobertura dos festejos em todo o estado e apresentar\u00e1 mat\u00e9rias voltadas ao per\u00edodo. <\/p>\n\n\n\n<p>Segundo Juliana Jozzolino, diretora comercial da Rede Bahia, as a\u00e7\u00f5es para o S\u00e3o Jo\u00e3o s\u00e3o parte de um trabalho cont\u00ednuo que come\u00e7ou desde o ver\u00e3o. \u201c \u201cA Rede Bahia tem feito um trabalho de jogar a Bahia para o Brasil e para o mundo. Tem um holofote enorme aqui em cima da gente, e a gente tem provocado isso atrav\u00e9s de produ\u00e7\u00f5es de conte\u00fados especiais. A gente fez a transmiss\u00e3o do R\u00e9veillon para o Brasil, do Festival de Ver\u00e3o, do Carnaval. E agora, muito mais importante, porque \u00e9 uma festa muito regional, onde as coisas acontecem e s\u00e3o potencializadas no Nordeste\u201d, explicou Jozzolino.<\/p>\n\n\n\n<p>\u201cA gente tem 417 munic\u00edpios que se vestem dessa festa. \u00c9 uma oportunidade para as marcas se conectarem com os consumidores, principalmente na comunica\u00e7\u00e3o regional. E \u00e9 sobre isso que a gente vem falar aqui um pouco hoje. A gente vem mostrar tudo que a gente produziu, para que os anunciantes, os stakeholders possam chancelar esse movimento conosco e colher os frutos disso\u201d, completou a diretora comercial.\u00a0<\/p>\n\n\n\n<p>\u201cA gente tem 417 munic\u00edpios que se vestem dessa festa. \u00c9 uma oportunidade para as marcas se conectarem com os consumidores, principalmente na comunica\u00e7\u00e3o regional. E \u00e9 sobre isso que a gente vem falar aqui um pouco hoje. A gente vem mostrar tudo que a gente produziu, para que os anunciantes, os stakeholders possam chancelar esse movimento conosco e colher os frutos disso\u201d, completou a diretora comercial. <\/p>\n\n\n\n<p>Fonte: Bahia Not\u00edcias<\/p>\n","protected":false},"excerpt":{"rendered":"<p>A Rede Bahia, afiliada \u00e0 TV Globo, apresentou nesta ter\u00e7a-feira (7) suas iniciativas para o per\u00edodo do S\u00e3o Jo\u00e3o durante um caf\u00e9 da manh\u00e3 realizado pela emissora no restaurante Barbacoa, localizado na Avenida Tancredo Neves, em Salvador. Em entrevista ao BN Hall, o presidente da Rede Bahia, Rog\u00e9rio Bruxelas, ressaltou a import\u00e2ncia de valorizar a [&hellip;]<\/p>\n","protected":false},"author":2,"featured_media":9370,"comment_status":"open","ping_status":"open","sticky":false,"template":"","format":"standard","meta":{"jnews-multi-image_gallery":[],"jnews_single_post":{"subtitle":"","format":"standard","video":"","gallery":"","source_name":"","source_url":"","via_name":"","via_url":"","override_template":"0","override":[{"template":"1","single_blog_custom":"","parallax":"1","fullscreen":"1","layout":"right-sidebar","sidebar":"default-sidebar","second_sidebar":"default-sidebar","sticky_sidebar":"1","share_position":"top","share_float_style":"share-monocrhome","show_share_counter":"0","show_view_counter":"0","show_featured":"1","show_post_meta":"1","show_post_author":"0","show_post_author_image":"1","show_post_date":"1","post_date_format":"default","post_date_format_custom":"Y\/m\/d","show_post_category":"1","show_post_reading_time":"0","post_reading_time_wpm":"300","show_zoom_button":"0","zoom_button_out_step":"2","zoom_button_in_step":"3","show_post_tag":"1","show_prev_next_post":"1","show_popup_post":"1","number_popup_post":"1","show_author_box":"0","show_post_related":"0","show_inline_post_related":"0"}],"override_image_size":"0","image_override":[{"single_post_thumbnail_size":"no-crop","single_post_gallery_size":"crop-715"}],"trending_post":"0","trending_post_position":"meta","trending_post_label":"Trending","sponsored_post":"0","sponsored_post_label":"Sponsored by","sponsored_post_name":"","sponsored_post_url":"","sponsored_post_logo_enable":"0","sponsored_post_logo":"","sponsored_post_desc":"","disable_ad":"0"},"jnews_primary_category":{"id":"","hide":""},"footnotes":""},"categories":[93],"tags":[],"class_list":["post-9369","post","type-post","status-publish","format-standard","has-post-thumbnail","hentry","category-entretenimento"],"_links":{"self":[{"href":"https:\/\/cbxonline.com.br\/index.php\/wp-json\/wp\/v2\/posts\/9369","targetHints":{"allow":["GET"]}}],"collection":[{"href":"https:\/\/cbxonline.com.br\/index.php\/wp-json\/wp\/v2\/posts"}],"about":[{"href":"https:\/\/cbxonline.com.br\/index.php\/wp-json\/wp\/v2\/types\/post"}],"author":[{"embeddable":true,"href":"https:\/\/cbxonline.com.br\/index.php\/wp-json\/wp\/v2\/users\/2"}],"replies":[{"embeddable":true,"href":"https:\/\/cbxonline.com.br\/index.php\/wp-json\/wp\/v2\/comments?post=9369"}],"version-history":[{"count":1,"href":"https:\/\/cbxonline.com.br\/index.php\/wp-json\/wp\/v2\/posts\/9369\/revisions"}],"predecessor-version":[{"id":9371,"href":"https:\/\/cbxonline.com.br\/index.php\/wp-json\/wp\/v2\/posts\/9369\/revisions\/9371"}],"wp:featuredmedia":[{"embeddable":true,"href":"https:\/\/cbxonline.com.br\/index.php\/wp-json\/wp\/v2\/media\/9370"}],"wp:attachment":[{"href":"https:\/\/cbxonline.com.br\/index.php\/wp-json\/wp\/v2\/media?parent=9369"}],"wp:term":[{"taxonomy":"category","embeddable":true,"href":"https:\/\/cbxonline.com.br\/index.php\/wp-json\/wp\/v2\/categories?post=9369"},{"taxonomy":"post_tag","embeddable":true,"href":"https:\/\/cbxonline.com.br\/index.php\/wp-json\/wp\/v2\/tags?post=9369"}],"curies":[{"name":"wp","href":"https:\/\/api.w.org\/{rel}","templated":true}]}}