{"id":9276,"date":"2024-05-02T13:50:53","date_gmt":"2024-05-02T16:50:53","guid":{"rendered":"https:\/\/cbxonline.com.br\/?p=9276"},"modified":"2024-05-02T13:50:55","modified_gmt":"2024-05-02T16:50:55","slug":"prefeitura-inaugura-centro-de-reabilitacao-no-bairro-da-paz","status":"publish","type":"post","link":"https:\/\/cbxonline.com.br\/index.php\/2024\/05\/02\/prefeitura-inaugura-centro-de-reabilitacao-no-bairro-da-paz\/","title":{"rendered":"Prefeitura inaugura centro de reabilita\u00e7\u00e3o no Bairro da Paz"},"content":{"rendered":"\n<p>O Bairro da Paz ganhou nesta quinta-feira (2) o Centro Especializado de Reabilita\u00e7\u00e3o N\u00edvel II (CER II), constru\u00eddo pela Prefeitura de Salvador e que ser\u00e1 operacionalizado pela Santa Casa de Miseric\u00f3rdia da Bahia. O equipamento, que foi inaugurado pelo prefeito Bruno Reis e pela vice-prefeita e secret\u00e1ria municipal da Sa\u00fade (SMS), Ana Paula Matos, vai oferecer servi\u00e7os especializados em reabilita\u00e7\u00e3o para pessoas com defici\u00eancia de origem f\u00edsica, intelectual e com Transtornos do Espectro Autista (TEA), sobretudo crian\u00e7as e jovens.<\/p>\n\n\n\n<p>O CER II tem capacidade para realizar at\u00e9 2 mil procedimentos por m\u00eas, atendendo de 200 a 400 pessoas que ser\u00e3o reguladas pela Secretaria Municipal da Sa\u00fade (SMS). O atendimento m\u00e9dico ambulatorial inclui as especialidades de Ortopedia, Neurologia, Psiquiatria e Fisiatria e envolve avalia\u00e7\u00f5es cl\u00ednicas (consultas) e servi\u00e7os de reabilita\u00e7\u00e3o com fisioterapia, terapia ocupacional, fonoaudiologia, psicologia, servi\u00e7o social, enfermagem, nutri\u00e7\u00e3o, pedagogia, educador f\u00edsico e musicoterapeuta.<\/p>\n\n\n\n<p>Bruno Reis lembrou que a Prefeitura conta com um CER, no Sub\u00farbio 360, em Coutos, inaugurado em 2019, e que era um compromisso seu inaugurar mais equipamentos do tipo em outros bairros. \u201cQueremos levar os servi\u00e7os para mais pr\u00f3ximo da casa das pessoas. A gente sabe a dificuldade que passam os pais e m\u00e3es de fam\u00edlia, que precisam se deslocar at\u00e9 o Centro da cidade para que o seu parente, o seu filho, tenha esse servi\u00e7o. Agora, ter\u00e3o atendimento aqui, mais perto, com todo o carinho, o que significa qualidade de vida\u201d, disse.<\/p>\n\n\n\n<p>Ele afirmou que a Prefeitura j\u00e1 est\u00e1 trabalhando para inaugurar mais tr\u00eas centros de reabilita\u00e7\u00e3o. As unidades est\u00e3o sendo implantadas em Mussurunga, em parceria com os Mission\u00e1rios da Compaix\u00e3o; na Pituba, em parceria com a Apae; e em Cajazeiras, que ainda passar\u00e1 pelo processo de escolha da organiza\u00e7\u00e3o social respons\u00e1vel. Junto a outros CERs que s\u00e3o apoiados pela gest\u00e3o municipal, como o das Obras Sociais Irm\u00e3 Dulce e o Instituto Guanabara, Salvador ter\u00e1 10 equipamentos deste tipo.<\/p>\n\n\n\n<p><strong>Estrutura &#8211;&nbsp;<\/strong>O CER do Bairro da Paz tem dois andares, incluindo recep\u00e7\u00e3o, duas salas de atendimento terap\u00eautico, quatro consult\u00f3rios, sala de estimula\u00e7\u00e3o e gin\u00e1sio de terapia. Os atendimentos ser\u00e3o feitos por uma equipe multidisciplinar formada por m\u00e9dicos, fisioterapeutas, terapeutas ocupacionais, psic\u00f3logos, fonoaudi\u00f3logos, dentre outros especialistas em reabilita\u00e7\u00e3o que atuam de forma integrada para atender \u00e0s necessidades espec\u00edficas de cada pessoa assistida.<\/p>\n\n\n\n<p>Segundo Ana Paula Matos, a Prefeitura investiu R$1 milh\u00e3o no equipamento. \u201c\u00c9 importante a gente acolher, entender qual \u00e9 o n\u00edvel de suporte que cada crian\u00e7a precisa e ajudar nessa constru\u00e7\u00e3o, n\u00e3o s\u00f3 com a quest\u00e3o pedag\u00f3gica e de sa\u00fade, mas tamb\u00e9m com a l\u00f3gica daqui, de um atendimento multidisciplinar de reabilita\u00e7\u00e3o. Salvador tem muitas crian\u00e7as com TEA na cidade, muitas delas precisando de uma aten\u00e7\u00e3o por defici\u00eancia intelectual, e por isso estamos investindo\u201d, afirmou.<\/p>\n\n\n\n<p>Jos\u00e9 Ant\u00f4nio Rodrigues Alves, provedor da Santa Casa, pontuou que existe uma grande car\u00eancia de centros de reabilita\u00e7\u00e3o na cidade. \u201cEnt\u00e3o, houve essa proposi\u00e7\u00e3o, por parte do prefeito, de instalar aqui um CER para o p\u00fablico infanto-juvenil, que tamb\u00e9m atenda a alguns casos de idosos, e n\u00f3s topamos esse desafio. \u00c9 importante destacar a participa\u00e7\u00e3o da SMS nisso, pois sem a Prefeitura n\u00f3s ofereceria um servi\u00e7o muito mais enxuto. Teremos quase 40 profissionais nesta estrutura, uma m\u00e3o de obra muito especializada\u201d, disse.<\/p>\n\n\n\n<p><strong>Conv\u00eanio &#8211;<\/strong>&nbsp;No mesmo evento, o prefeito Bruno Reis assinou um conv\u00eanio com a Santa Casa de Miseric\u00f3rdia da Bahia para a implanta\u00e7\u00e3o do servi\u00e7o de oncopediatria no Hospital Santa Izabel. Atrav\u00e9s da parceria, a Prefeitura vai repassar \u00e0 entidade R$3,2 milh\u00f5es pela oferta do servi\u00e7o.<\/p>\n\n\n\n<p>\u201cNo passado, n\u00f3s firmamos um conv\u00eanio com a Santa Casa e j\u00e1 inauguramos o servi\u00e7o de oncologia para adultos, que, inclusive, j\u00e1 est\u00e1 com sua capacidade m\u00e1xima em opera\u00e7\u00e3o. E, naquela ocasi\u00e3o, nos foi apresentada uma demanda da Santa Casa, uma demanda do Hospital Santa Izabel, da necessidade de oferecer esse servi\u00e7o tamb\u00e9m para as crian\u00e7as. Por isso, assinamos esse termo de compromisso\u201d, afirmou o prefeito.<\/p>\n\n\n\n<p>Fonte: Tribuna da Bahia<\/p>\n","protected":false},"excerpt":{"rendered":"<p>O Bairro da Paz ganhou nesta quinta-feira (2) o Centro Especializado de Reabilita\u00e7\u00e3o N\u00edvel II (CER II), constru\u00eddo pela Prefeitura de Salvador e que ser\u00e1 operacionalizado pela Santa Casa de Miseric\u00f3rdia da Bahia. O equipamento, que foi inaugurado pelo prefeito Bruno Reis e pela vice-prefeita e secret\u00e1ria municipal da Sa\u00fade (SMS), Ana Paula Matos, vai [&hellip;]<\/p>\n","protected":false},"author":2,"featured_media":9278,"comment_status":"open","ping_status":"open","sticky":false,"template":"","format":"standard","meta":{"jnews-multi-image_gallery":[],"jnews_single_post":{"subtitle":"","format":"standard","video":"","gallery":"","source_name":"","source_url":"","via_name":"","via_url":"","override_template":"0","override":[{"template":"1","single_blog_custom":"","parallax":"1","fullscreen":"1","layout":"right-sidebar","sidebar":"default-sidebar","second_sidebar":"default-sidebar","sticky_sidebar":"1","share_position":"top","share_float_style":"share-monocrhome","show_share_counter":"0","show_view_counter":"0","show_featured":"1","show_post_meta":"1","show_post_author":"0","show_post_author_image":"1","show_post_date":"1","post_date_format":"default","post_date_format_custom":"Y\/m\/d","show_post_category":"1","show_post_reading_time":"0","post_reading_time_wpm":"300","show_zoom_button":"0","zoom_button_out_step":"2","zoom_button_in_step":"3","show_post_tag":"1","show_prev_next_post":"1","show_popup_post":"1","number_popup_post":"1","show_author_box":"0","show_post_related":"0","show_inline_post_related":"0"}],"override_image_size":"0","image_override":[{"single_post_thumbnail_size":"no-crop","single_post_gallery_size":"crop-715"}],"trending_post":"0","trending_post_position":"meta","trending_post_label":"Trending","sponsored_post":"0","sponsored_post_label":"Sponsored by","sponsored_post_name":"","sponsored_post_url":"","sponsored_post_logo_enable":"0","sponsored_post_logo":"","sponsored_post_desc":"","disable_ad":"0"},"jnews_primary_category":{"id":"","hide":""},"footnotes":""},"categories":[85,94],"tags":[],"class_list":["post-9276","post","type-post","status-publish","format-standard","has-post-thumbnail","hentry","category-noticias","category-saude-2"],"_links":{"self":[{"href":"https:\/\/cbxonline.com.br\/index.php\/wp-json\/wp\/v2\/posts\/9276","targetHints":{"allow":["GET"]}}],"collection":[{"href":"https:\/\/cbxonline.com.br\/index.php\/wp-json\/wp\/v2\/posts"}],"about":[{"href":"https:\/\/cbxonline.com.br\/index.php\/wp-json\/wp\/v2\/types\/post"}],"author":[{"embeddable":true,"href":"https:\/\/cbxonline.com.br\/index.php\/wp-json\/wp\/v2\/users\/2"}],"replies":[{"embeddable":true,"href":"https:\/\/cbxonline.com.br\/index.php\/wp-json\/wp\/v2\/comments?post=9276"}],"version-history":[{"count":1,"href":"https:\/\/cbxonline.com.br\/index.php\/wp-json\/wp\/v2\/posts\/9276\/revisions"}],"predecessor-version":[{"id":9279,"href":"https:\/\/cbxonline.com.br\/index.php\/wp-json\/wp\/v2\/posts\/9276\/revisions\/9279"}],"wp:featuredmedia":[{"embeddable":true,"href":"https:\/\/cbxonline.com.br\/index.php\/wp-json\/wp\/v2\/media\/9278"}],"wp:attachment":[{"href":"https:\/\/cbxonline.com.br\/index.php\/wp-json\/wp\/v2\/media?parent=9276"}],"wp:term":[{"taxonomy":"category","embeddable":true,"href":"https:\/\/cbxonline.com.br\/index.php\/wp-json\/wp\/v2\/categories?post=9276"},{"taxonomy":"post_tag","embeddable":true,"href":"https:\/\/cbxonline.com.br\/index.php\/wp-json\/wp\/v2\/tags?post=9276"}],"curies":[{"name":"wp","href":"https:\/\/api.w.org\/{rel}","templated":true}]}}