{"id":9225,"date":"2024-04-30T10:06:21","date_gmt":"2024-04-30T13:06:21","guid":{"rendered":"https:\/\/cbxonline.com.br\/?p=9225"},"modified":"2024-04-30T10:06:22","modified_gmt":"2024-04-30T13:06:22","slug":"salvador-rodoviarios-atrasam-saida-de-onibus-na-manha-desta-terca-feira","status":"publish","type":"post","link":"https:\/\/cbxonline.com.br\/index.php\/2024\/04\/30\/salvador-rodoviarios-atrasam-saida-de-onibus-na-manha-desta-terca-feira\/","title":{"rendered":"Salvador: Rodovi\u00e1rios atrasam sa\u00edda de \u00f4nibus na manh\u00e3 desta ter\u00e7a-feira"},"content":{"rendered":"\n<p>Nesta ter\u00e7a-feira (30), os rodovi\u00e1rios de Salvador decidiram atrasar a sa\u00edda dos \u00f4nibus das garagens como forma de pressionar os patr\u00f5es a atenderem \u00e0s suas reivindica\u00e7\u00f5es. Originalmente programada para iniciar \u00e0s 4h, a circula\u00e7\u00e3o dos \u00f4nibus s\u00f3 ter\u00e1&nbsp;in\u00edcio \u00e0s 8h. A medida segue uma paralisa\u00e7\u00e3o realizada na segunda-feira (29), quando a categoria interrompeu suas atividades entre 11h e 13h.<\/p>\n\n\n\n<p>O sindicato dos rodovi\u00e1rios apresenta uma lista de 44 itens de reivindica\u00e7\u00e3o, destacando-se entre eles um reajuste salarial de 4% acima da infla\u00e7\u00e3o, um aumento de 10% no valor do t\u00edquete-alimenta\u00e7\u00e3o (atualmente em R$ 25,84), a integra\u00e7\u00e3o do vale-transporte ao sistema metrovi\u00e1rio e a concess\u00e3o de uma cesta b\u00e1sica no valor de R$ 500.<\/p>\n\n\n\n<p>Para minimizar os transtornos aos usu\u00e1rios, a Secretaria Municipal de Mobilidade (Semob) anunciou a disponibiliza\u00e7\u00e3o de 185 ve\u00edculos do Sistema de Transporte Complementar, conhecidos como &#8220;amarelinhos&#8221;, durante as quatro horas de atraso dos \u00f4nibus.<\/p>\n\n\n\n<p>Al\u00e9m das quest\u00f5es salariais e de benef\u00edcios, os rodovi\u00e1rios tamb\u00e9m manifestam sua indigna\u00e7\u00e3o contra o ass\u00e9dio moral a que alguns trabalhadores estariam submetidos no ambiente de trabalho.&nbsp;<\/p>\n\n\n\n<p>Fonte: Varela Net <\/p>\n","protected":false},"excerpt":{"rendered":"<p>Nesta ter\u00e7a-feira (30), os rodovi\u00e1rios de Salvador decidiram atrasar a sa\u00edda dos \u00f4nibus das garagens como forma de pressionar os patr\u00f5es a atenderem \u00e0s suas reivindica\u00e7\u00f5es. Originalmente programada para iniciar \u00e0s 4h, a circula\u00e7\u00e3o dos \u00f4nibus s\u00f3 ter\u00e1&nbsp;in\u00edcio \u00e0s 8h. A medida segue uma paralisa\u00e7\u00e3o realizada na segunda-feira (29), quando a categoria interrompeu suas atividades [&hellip;]<\/p>\n","protected":false},"author":2,"featured_media":9226,"comment_status":"open","ping_status":"open","sticky":false,"template":"","format":"standard","meta":{"jnews-multi-image_gallery":[],"jnews_single_post":{"subtitle":"","format":"standard","video":"","gallery":"","source_name":"","source_url":"","via_name":"","via_url":"","override_template":"0","override":[{"template":"1","single_blog_custom":"","parallax":"1","fullscreen":"1","layout":"right-sidebar","sidebar":"default-sidebar","second_sidebar":"default-sidebar","sticky_sidebar":"1","share_position":"top","share_float_style":"share-monocrhome","show_share_counter":"0","show_view_counter":"0","show_featured":"1","show_post_meta":"1","show_post_author":"0","show_post_author_image":"1","show_post_date":"1","post_date_format":"default","post_date_format_custom":"Y\/m\/d","show_post_category":"1","show_post_reading_time":"0","post_reading_time_wpm":"300","show_zoom_button":"0","zoom_button_out_step":"2","zoom_button_in_step":"3","show_post_tag":"1","show_prev_next_post":"1","show_popup_post":"1","number_popup_post":"1","show_author_box":"0","show_post_related":"0","show_inline_post_related":"0"}],"override_image_size":"0","image_override":[{"single_post_thumbnail_size":"no-crop","single_post_gallery_size":"crop-715"}],"trending_post":"0","trending_post_position":"meta","trending_post_label":"Trending","sponsored_post":"0","sponsored_post_label":"Sponsored by","sponsored_post_name":"","sponsored_post_url":"","sponsored_post_logo_enable":"0","sponsored_post_logo":"","sponsored_post_desc":"","disable_ad":"0"},"jnews_primary_category":{"id":"","hide":""},"footnotes":""},"categories":[85],"tags":[],"class_list":["post-9225","post","type-post","status-publish","format-standard","has-post-thumbnail","hentry","category-noticias"],"_links":{"self":[{"href":"https:\/\/cbxonline.com.br\/index.php\/wp-json\/wp\/v2\/posts\/9225","targetHints":{"allow":["GET"]}}],"collection":[{"href":"https:\/\/cbxonline.com.br\/index.php\/wp-json\/wp\/v2\/posts"}],"about":[{"href":"https:\/\/cbxonline.com.br\/index.php\/wp-json\/wp\/v2\/types\/post"}],"author":[{"embeddable":true,"href":"https:\/\/cbxonline.com.br\/index.php\/wp-json\/wp\/v2\/users\/2"}],"replies":[{"embeddable":true,"href":"https:\/\/cbxonline.com.br\/index.php\/wp-json\/wp\/v2\/comments?post=9225"}],"version-history":[{"count":1,"href":"https:\/\/cbxonline.com.br\/index.php\/wp-json\/wp\/v2\/posts\/9225\/revisions"}],"predecessor-version":[{"id":9227,"href":"https:\/\/cbxonline.com.br\/index.php\/wp-json\/wp\/v2\/posts\/9225\/revisions\/9227"}],"wp:featuredmedia":[{"embeddable":true,"href":"https:\/\/cbxonline.com.br\/index.php\/wp-json\/wp\/v2\/media\/9226"}],"wp:attachment":[{"href":"https:\/\/cbxonline.com.br\/index.php\/wp-json\/wp\/v2\/media?parent=9225"}],"wp:term":[{"taxonomy":"category","embeddable":true,"href":"https:\/\/cbxonline.com.br\/index.php\/wp-json\/wp\/v2\/categories?post=9225"},{"taxonomy":"post_tag","embeddable":true,"href":"https:\/\/cbxonline.com.br\/index.php\/wp-json\/wp\/v2\/tags?post=9225"}],"curies":[{"name":"wp","href":"https:\/\/api.w.org\/{rel}","templated":true}]}}