{"id":9222,"date":"2024-04-29T16:17:36","date_gmt":"2024-04-29T19:17:36","guid":{"rendered":"https:\/\/cbxonline.com.br\/?p=9222"},"modified":"2024-04-29T16:17:38","modified_gmt":"2024-04-29T19:17:38","slug":"policial-que-deu-tapa-em-mae-que-espancou-a-filha-se-pronuncia","status":"publish","type":"post","link":"https:\/\/cbxonline.com.br\/index.php\/2024\/04\/29\/policial-que-deu-tapa-em-mae-que-espancou-a-filha-se-pronuncia\/","title":{"rendered":"Policial que deu tapa em m\u00e3e que espancou a filha se pronuncia"},"content":{"rendered":"\n<p>A policial militar que foi flagrada em um v\u00eddeo, agredindo uma m\u00e3e acusada de espancar a pr\u00f3pria filha de 11 anos, na \u00faltima sexta-feira, 26, no munic\u00edpio de Vit\u00f3ria de Santo Ar\u00e3o (PE), usou as redes sociais para se pronunciar sobre o ocorrido. Fab\u00edola Aniely da Concei\u00e7\u00e3o foi vista dando um tapa no rosto da mulher.\u00a0<\/p>\n\n\n\n<p>No v\u00eddeo, a policial militar afirma o amor \u00e0 profiss\u00e3o e que suas atitudes n\u00e3o foram baseadas em se destacar publicamente. Ela ainda negou que tenha disponibilizado qualquer chave Pix com o objetivo de arrecadar dinheiro para pagar um advogado.&nbsp;<\/p>\n\n\n\n<p>\u201cA minha inten\u00e7\u00e3o nunca foi me promover em cima de ocorr\u00eancia nenhuma. Tudo que eu fa\u00e7o \u00e9 com amor e carinho. Amo minha profiss\u00e3o. Hoje a minha maior preocupa\u00e7\u00e3o n\u00e3o \u00e9 o engajamento nem a quantidade de xingamento que eu t\u00f4 recebendo, n\u00e3o \u00e9 se eu vou ser punida ou n\u00e3o. A minha principal preocupa\u00e7\u00e3o \u00e9 a sa\u00fade da crian\u00e7a, como ela t\u00e1, porque ela sofreu agress\u00e3o f\u00edsica e principalmente psicol\u00f3gica\u201d, diz Fab\u00edola Aniely.<\/p>\n\n\n\n<p>A policial afirma ainda no post, que n\u00e3o sofreu nenhum tipo de&nbsp;machismo dentro da corpora\u00e7\u00e3o&nbsp;e que teve apoio \u201cdo in\u00edcio ao fim\u201d de seus colegas de profiss\u00e3o que estavam no local da ocorr\u00eancia, incluindo o oficial respons\u00e1vel durante aquele dia e o comandante do batalh\u00e3o, bem como aqueles que estavam de folga. Fab\u00edola&nbsp;ainda agradeceu o apoio da sociedade em geral, como advogados, pol\u00edticos, psic\u00f3logos, al\u00e9m da pr\u00f3pria fam\u00edlia. Entretanto, a PM explica que, por fazer parte de uma institui\u00e7\u00e3o militar, existem v\u00e1rios procedimentos que s\u00e3o \u201cde praxe\u201d.<\/p>\n\n\n\n<p>\u201cEu n\u00e3o sei se vou ser punida, por\u00e9m, se for, eu vou cumprir porque estamos sujeitos a falhas. Eu falhei, por\u00e9m, atr\u00e1s de uma farda existem seres humanos. Enquanto o servi\u00e7o de seguran\u00e7a p\u00fablica for efetuado por pessoas e n\u00e3o for substitu\u00eddo por m\u00e1quinas, rob\u00f4s ou algo parecido, v\u00e3o haver falhas. Por tr\u00e1s de uma farda existem pessoas, um homem, uma mulher e m\u00e3e\u201d, finalizou a policial.<\/p>\n\n\n\n<p>Em nota, a&nbsp;Pol\u00edcia Militar (PM)&nbsp;diz que \u201cpara qualquer procedimento administrativo de avalia\u00e7\u00e3o da conduta policial, o prazo para a apura\u00e7\u00e3o dos fatos \u00e9 de 30 dias, podendo ser prorrogado\u201d e que \u201coutras informa\u00e7\u00f5es sobre o caso ser\u00e3o repassadas ap\u00f3s a conclus\u00e3o do referido procedimento\u201d.<\/p>\n\n\n\n<p><strong>O caso<\/strong><\/p>\n\n\n\n<p>Policiais militares prenderam uma m\u00e3e suspeita de espancar a pr\u00f3pria filha de 11 anos, em Vit\u00f3ria de Santo Ant\u00e3o, no interior de Pernambuco. Durante a abordagem, uma PM chamou aten\u00e7\u00e3o ap\u00f3s dar um tapa no rosto da suspeita. O caso foi denunciado por vizinhos, que entraram em contato com autoridades como a Pol\u00edcia Militar e o Conselho Tutelar.<\/p>\n\n\n\n<p>Em v\u00eddeos divulgados na internet, a menina aparece machucada e com dificuldade de andar. Na ocasi\u00e3o, ela seria levada pelos vizinhos para o Hospital Jo\u00e3o Murilo de Oliveira. A m\u00e3e tentou interferir e chegou a discutir com as pessoas que estavam ajudando a crian\u00e7a.<\/p>\n\n\n\n<p>Fonte: A Tarde <\/p>\n","protected":false},"excerpt":{"rendered":"<p>A policial militar que foi flagrada em um v\u00eddeo, agredindo uma m\u00e3e acusada de espancar a pr\u00f3pria filha de 11 anos, na \u00faltima sexta-feira, 26, no munic\u00edpio de Vit\u00f3ria de Santo Ar\u00e3o (PE), usou as redes sociais para se pronunciar sobre o ocorrido. Fab\u00edola Aniely da Concei\u00e7\u00e3o foi vista dando um tapa no rosto da [&hellip;]<\/p>\n","protected":false},"author":2,"featured_media":9223,"comment_status":"open","ping_status":"open","sticky":false,"template":"","format":"standard","meta":{"jnews-multi-image_gallery":[],"jnews_single_post":{"subtitle":"","format":"standard","video":"","gallery":"","source_name":"","source_url":"","via_name":"","via_url":"","override_template":"0","override":[{"template":"1","single_blog_custom":"","parallax":"1","fullscreen":"1","layout":"right-sidebar","sidebar":"default-sidebar","second_sidebar":"default-sidebar","sticky_sidebar":"1","share_position":"top","share_float_style":"share-monocrhome","show_share_counter":"0","show_view_counter":"0","show_featured":"1","show_post_meta":"1","show_post_author":"0","show_post_author_image":"1","show_post_date":"1","post_date_format":"default","post_date_format_custom":"Y\/m\/d","show_post_category":"1","show_post_reading_time":"0","post_reading_time_wpm":"300","show_zoom_button":"0","zoom_button_out_step":"2","zoom_button_in_step":"3","show_post_tag":"1","show_prev_next_post":"1","show_popup_post":"1","number_popup_post":"1","show_author_box":"0","show_post_related":"0","show_inline_post_related":"0"}],"override_image_size":"0","image_override":[{"single_post_thumbnail_size":"no-crop","single_post_gallery_size":"crop-715"}],"trending_post":"0","trending_post_position":"meta","trending_post_label":"Trending","sponsored_post":"0","sponsored_post_label":"Sponsored by","sponsored_post_name":"","sponsored_post_url":"","sponsored_post_logo_enable":"0","sponsored_post_logo":"","sponsored_post_desc":"","disable_ad":"0"},"jnews_primary_category":{"id":"","hide":""},"footnotes":""},"categories":[85,105],"tags":[],"class_list":["post-9222","post","type-post","status-publish","format-standard","has-post-thumbnail","hentry","category-noticias","category-policia"],"_links":{"self":[{"href":"https:\/\/cbxonline.com.br\/index.php\/wp-json\/wp\/v2\/posts\/9222","targetHints":{"allow":["GET"]}}],"collection":[{"href":"https:\/\/cbxonline.com.br\/index.php\/wp-json\/wp\/v2\/posts"}],"about":[{"href":"https:\/\/cbxonline.com.br\/index.php\/wp-json\/wp\/v2\/types\/post"}],"author":[{"embeddable":true,"href":"https:\/\/cbxonline.com.br\/index.php\/wp-json\/wp\/v2\/users\/2"}],"replies":[{"embeddable":true,"href":"https:\/\/cbxonline.com.br\/index.php\/wp-json\/wp\/v2\/comments?post=9222"}],"version-history":[{"count":1,"href":"https:\/\/cbxonline.com.br\/index.php\/wp-json\/wp\/v2\/posts\/9222\/revisions"}],"predecessor-version":[{"id":9224,"href":"https:\/\/cbxonline.com.br\/index.php\/wp-json\/wp\/v2\/posts\/9222\/revisions\/9224"}],"wp:featuredmedia":[{"embeddable":true,"href":"https:\/\/cbxonline.com.br\/index.php\/wp-json\/wp\/v2\/media\/9223"}],"wp:attachment":[{"href":"https:\/\/cbxonline.com.br\/index.php\/wp-json\/wp\/v2\/media?parent=9222"}],"wp:term":[{"taxonomy":"category","embeddable":true,"href":"https:\/\/cbxonline.com.br\/index.php\/wp-json\/wp\/v2\/categories?post=9222"},{"taxonomy":"post_tag","embeddable":true,"href":"https:\/\/cbxonline.com.br\/index.php\/wp-json\/wp\/v2\/tags?post=9222"}],"curies":[{"name":"wp","href":"https:\/\/api.w.org\/{rel}","templated":true}]}}