{"id":8969,"date":"2024-04-15T13:15:40","date_gmt":"2024-04-15T16:15:40","guid":{"rendered":"https:\/\/cbxonline.com.br\/?p=8969"},"modified":"2024-04-15T13:15:42","modified_gmt":"2024-04-15T16:15:42","slug":"bbb-nao-importa-quem-o-apoia-diz-politico-do-psol-sobre-davi","status":"publish","type":"post","link":"https:\/\/cbxonline.com.br\/index.php\/2024\/04\/15\/bbb-nao-importa-quem-o-apoia-diz-politico-do-psol-sobre-davi\/","title":{"rendered":"BBB: \u201cN\u00e3o importa quem o apoia\u201d, diz pol\u00edtico do PSOL sobre Davi"},"content":{"rendered":"\n<p>Apesar de a festa da final do Big Brother Brasil (BBB) em Cajazeiras\u00a0ser organizada pelo vereador l\u00edder de Governo na C\u00e2mara Municipal, Kiki Bispo (Uni\u00e3o Brasil), o participante Davi \u00e9 celebrado por pol\u00edticos de diversos espectros pol\u00edticos. <\/p>\n\n\n\n<p>Em entrevista, o pr\u00e9-candidato a prefeito de Salvador, Kleber Rosa (PSOL), afirmou que est\u00e1 na torcida pelo participante baiano na final do BBB, que acontecer\u00e1 nesta ter\u00e7a-feira, 16. \u201cN\u00e3o importa quem o apoia. Eu acho que n\u00e3o \u00e9 isso que est\u00e1 em jogo. Davi est\u00e1 confinado na casa e nem sabe quem o est\u00e1 apoiando\u201d, afirma Kleber Rosa, que tamb\u00e9m foi entrevistado, minutos antes,\u00a0no programa Isso \u00c9 Bahia, da\u00a0R\u00e1dio A TARDE FM\u00a0(103.9).<\/p>\n\n\n\n<p>\u201cPouco importam as op\u00e7\u00f5es eleitorais e pol\u00edticas que ele fa\u00e7a depois. Nesse momento, ele representa o desejo e a for\u00e7a da nossa popula\u00e7\u00e3o. O direito a uma vida digna, ao sucesso e ao sonho\u201d, continua.<\/p>\n\n\n\n<p>Kleber Rosa relata que inclusive j\u00e1 foi na barraca de Mani, a namorada de Davi, e comeu o X-Calabreso, sandu\u00edche que tem o nome alusivo ao epis\u00f3dio em que Davi\u00a0chamou o participante Lucas Buda de \u201cCalabreso\u201d, em uma discuss\u00e3o. <\/p>\n\n\n\n<p>\u201cEm vinte e quatro edi\u00e7\u00f5es do Big Brother Brasil, nunca me interessei ou assisti. Mas fui de fato tomado pela for\u00e7a de Davi, pela representa\u00e7\u00e3o dele\u201d, conta.<\/p>\n\n\n\n<p>\u201cQuando a gente come\u00e7ou a ver Davi viver a exclus\u00e3o, mexeu com a gente, que vive o racismo, que sabe como essas coisas operam de forma perversa. Ver Davi n\u00e3o se intimidar e erguer a cabe\u00e7a para vencer cada uma das pessoas que atuou contra ele, \u00e9 algo que nos enche de autoestima e de orgulho. Davi \u00e9 um menino jovem, negro, da periferia e de Salvador, ou seja, s\u00e3o muitos elementos de identidade que a gente tem nele\u201d, conclui.<\/p>\n\n\n\n<p>Fonte: A Tarde <\/p>\n","protected":false},"excerpt":{"rendered":"<p>Apesar de a festa da final do Big Brother Brasil (BBB) em Cajazeiras\u00a0ser organizada pelo vereador l\u00edder de Governo na C\u00e2mara Municipal, Kiki Bispo (Uni\u00e3o Brasil), o participante Davi \u00e9 celebrado por pol\u00edticos de diversos espectros pol\u00edticos. Em entrevista, o pr\u00e9-candidato a prefeito de Salvador, Kleber Rosa (PSOL), afirmou que est\u00e1 na torcida pelo participante [&hellip;]<\/p>\n","protected":false},"author":2,"featured_media":8970,"comment_status":"open","ping_status":"open","sticky":false,"template":"","format":"standard","meta":{"jnews-multi-image_gallery":[],"jnews_single_post":{"subtitle":"","format":"standard","video":"","gallery":"","source_name":"","source_url":"","via_name":"","via_url":"","override_template":"0","override":[{"template":"1","single_blog_custom":"","parallax":"1","fullscreen":"1","layout":"right-sidebar","sidebar":"default-sidebar","second_sidebar":"default-sidebar","sticky_sidebar":"1","share_position":"top","share_float_style":"share-monocrhome","show_share_counter":"0","show_view_counter":"0","show_featured":"1","show_post_meta":"1","show_post_author":"0","show_post_author_image":"1","show_post_date":"1","post_date_format":"default","post_date_format_custom":"Y\/m\/d","show_post_category":"1","show_post_reading_time":"0","post_reading_time_wpm":"300","show_zoom_button":"0","zoom_button_out_step":"2","zoom_button_in_step":"3","show_post_tag":"1","show_prev_next_post":"1","show_popup_post":"1","number_popup_post":"1","show_author_box":"0","show_post_related":"0","show_inline_post_related":"0"}],"override_image_size":"0","image_override":[{"single_post_thumbnail_size":"no-crop","single_post_gallery_size":"crop-715"}],"trending_post":"0","trending_post_position":"meta","trending_post_label":"Trending","sponsored_post":"0","sponsored_post_label":"Sponsored by","sponsored_post_name":"","sponsored_post_url":"","sponsored_post_logo_enable":"0","sponsored_post_logo":"","sponsored_post_desc":"","disable_ad":"0"},"jnews_primary_category":{"id":"","hide":""},"footnotes":""},"categories":[91],"tags":[],"class_list":["post-8969","post","type-post","status-publish","format-standard","has-post-thumbnail","hentry","category-politica"],"_links":{"self":[{"href":"https:\/\/cbxonline.com.br\/index.php\/wp-json\/wp\/v2\/posts\/8969","targetHints":{"allow":["GET"]}}],"collection":[{"href":"https:\/\/cbxonline.com.br\/index.php\/wp-json\/wp\/v2\/posts"}],"about":[{"href":"https:\/\/cbxonline.com.br\/index.php\/wp-json\/wp\/v2\/types\/post"}],"author":[{"embeddable":true,"href":"https:\/\/cbxonline.com.br\/index.php\/wp-json\/wp\/v2\/users\/2"}],"replies":[{"embeddable":true,"href":"https:\/\/cbxonline.com.br\/index.php\/wp-json\/wp\/v2\/comments?post=8969"}],"version-history":[{"count":1,"href":"https:\/\/cbxonline.com.br\/index.php\/wp-json\/wp\/v2\/posts\/8969\/revisions"}],"predecessor-version":[{"id":8971,"href":"https:\/\/cbxonline.com.br\/index.php\/wp-json\/wp\/v2\/posts\/8969\/revisions\/8971"}],"wp:featuredmedia":[{"embeddable":true,"href":"https:\/\/cbxonline.com.br\/index.php\/wp-json\/wp\/v2\/media\/8970"}],"wp:attachment":[{"href":"https:\/\/cbxonline.com.br\/index.php\/wp-json\/wp\/v2\/media?parent=8969"}],"wp:term":[{"taxonomy":"category","embeddable":true,"href":"https:\/\/cbxonline.com.br\/index.php\/wp-json\/wp\/v2\/categories?post=8969"},{"taxonomy":"post_tag","embeddable":true,"href":"https:\/\/cbxonline.com.br\/index.php\/wp-json\/wp\/v2\/tags?post=8969"}],"curies":[{"name":"wp","href":"https:\/\/api.w.org\/{rel}","templated":true}]}}