{"id":8930,"date":"2024-04-11T11:35:37","date_gmt":"2024-04-11T14:35:37","guid":{"rendered":"https:\/\/cbxonline.com.br\/?p=8930"},"modified":"2024-04-11T11:35:38","modified_gmt":"2024-04-11T14:35:38","slug":"turista-frances-e-esfaqueado-oito-vezes-dentro-de-onibus-na-bahia","status":"publish","type":"post","link":"https:\/\/cbxonline.com.br\/index.php\/2024\/04\/11\/turista-frances-e-esfaqueado-oito-vezes-dentro-de-onibus-na-bahia\/","title":{"rendered":"Turista franc\u00eas \u00e9 esfaqueado oito vezes dentro de \u00f4nibus na Bahia"},"content":{"rendered":"\n<p>Um turista franc\u00eas de 31 anos foi esfaqueado dentro de um \u00f4nibus que seguia de Salvador para a cidade de Seabra, na Chapada Diamantina. O caso aconteceu na quarta-feira, 10. Identificado como Renoud Lyat Selim Adam, ele foi socorrido para uma unidade de sa\u00fade da regi\u00e3o e transferida para o Hospital Geral Cl\u00e9riston Andrade (HGCA), em Feira de Santana.\u00a0<\/p>\n\n\n\n<p>Segundo as informa\u00e7\u00f5es iniciais, um policial rodovi\u00e1rio federal, que estava a bordo, flagrou o crime e prendeu o autor em flagrante. O agente disse ter ouvido gritos do andar de cima do ve\u00edculo, ent\u00e3o logo mandou o motorista parar e evacuar todos os passageiros.<\/p>\n\n\n\n<p>Ap\u00f3s subir para verificar a situa\u00e7\u00e3o, o policial avistou o suspeito portando cinco facas e uma talhadeira em sua mochila. O suspeito, identificado como Jos\u00e9 Vieira dos Santos, foi conduzido \u00e0 Delegacia Territorial de Santo Est\u00eav\u00e3o e alegou ter tido um surto psic\u00f3tico por sofrer de doen\u00e7a mental. Ele teria desferido ao menos 8 golpes de faca no turista. O consulado franc\u00eas foi comunicado sobre o ataque pela Pol\u00edcia Civil.<\/p>\n\n\n\n<p>O caso lembra o da estudante de enfermagem Stefani Firmo, de 23 anos, que teve o rosto cortado durante uma viagem de \u00f4nibus na Bahia. O ve\u00edculo vinha da cidade de Recife. Ela tamb\u00e9m estava dormindo quando o crime foi cometido, em novembro do ano passado. <\/p>\n\n\n\n<p>Fonte: A Tarde <\/p>\n","protected":false},"excerpt":{"rendered":"<p>Um turista franc\u00eas de 31 anos foi esfaqueado dentro de um \u00f4nibus que seguia de Salvador para a cidade de Seabra, na Chapada Diamantina. O caso aconteceu na quarta-feira, 10. Identificado como Renoud Lyat Selim Adam, ele foi socorrido para uma unidade de sa\u00fade da regi\u00e3o e transferida para o Hospital Geral Cl\u00e9riston Andrade (HGCA), [&hellip;]<\/p>\n","protected":false},"author":2,"featured_media":8931,"comment_status":"open","ping_status":"open","sticky":false,"template":"","format":"standard","meta":{"jnews-multi-image_gallery":[],"jnews_single_post":{"subtitle":"","format":"standard","video":"","gallery":"","source_name":"","source_url":"","via_name":"","via_url":"","override_template":"0","override":[{"template":"1","single_blog_custom":"","parallax":"1","fullscreen":"1","layout":"right-sidebar","sidebar":"default-sidebar","second_sidebar":"default-sidebar","sticky_sidebar":"1","share_position":"top","share_float_style":"share-monocrhome","show_share_counter":"0","show_view_counter":"0","show_featured":"1","show_post_meta":"1","show_post_author":"0","show_post_author_image":"1","show_post_date":"1","post_date_format":"default","post_date_format_custom":"Y\/m\/d","show_post_category":"1","show_post_reading_time":"0","post_reading_time_wpm":"300","show_zoom_button":"0","zoom_button_out_step":"2","zoom_button_in_step":"3","show_post_tag":"1","show_prev_next_post":"1","show_popup_post":"1","number_popup_post":"1","show_author_box":"0","show_post_related":"0","show_inline_post_related":"0"}],"override_image_size":"0","image_override":[{"single_post_thumbnail_size":"no-crop","single_post_gallery_size":"crop-715"}],"trending_post":"0","trending_post_position":"meta","trending_post_label":"Trending","sponsored_post":"0","sponsored_post_label":"Sponsored by","sponsored_post_name":"","sponsored_post_url":"","sponsored_post_logo_enable":"0","sponsored_post_logo":"","sponsored_post_desc":"","disable_ad":"0"},"jnews_primary_category":{"id":"","hide":""},"footnotes":""},"categories":[105],"tags":[],"class_list":["post-8930","post","type-post","status-publish","format-standard","has-post-thumbnail","hentry","category-policia"],"_links":{"self":[{"href":"https:\/\/cbxonline.com.br\/index.php\/wp-json\/wp\/v2\/posts\/8930","targetHints":{"allow":["GET"]}}],"collection":[{"href":"https:\/\/cbxonline.com.br\/index.php\/wp-json\/wp\/v2\/posts"}],"about":[{"href":"https:\/\/cbxonline.com.br\/index.php\/wp-json\/wp\/v2\/types\/post"}],"author":[{"embeddable":true,"href":"https:\/\/cbxonline.com.br\/index.php\/wp-json\/wp\/v2\/users\/2"}],"replies":[{"embeddable":true,"href":"https:\/\/cbxonline.com.br\/index.php\/wp-json\/wp\/v2\/comments?post=8930"}],"version-history":[{"count":1,"href":"https:\/\/cbxonline.com.br\/index.php\/wp-json\/wp\/v2\/posts\/8930\/revisions"}],"predecessor-version":[{"id":8932,"href":"https:\/\/cbxonline.com.br\/index.php\/wp-json\/wp\/v2\/posts\/8930\/revisions\/8932"}],"wp:featuredmedia":[{"embeddable":true,"href":"https:\/\/cbxonline.com.br\/index.php\/wp-json\/wp\/v2\/media\/8931"}],"wp:attachment":[{"href":"https:\/\/cbxonline.com.br\/index.php\/wp-json\/wp\/v2\/media?parent=8930"}],"wp:term":[{"taxonomy":"category","embeddable":true,"href":"https:\/\/cbxonline.com.br\/index.php\/wp-json\/wp\/v2\/categories?post=8930"},{"taxonomy":"post_tag","embeddable":true,"href":"https:\/\/cbxonline.com.br\/index.php\/wp-json\/wp\/v2\/tags?post=8930"}],"curies":[{"name":"wp","href":"https:\/\/api.w.org\/{rel}","templated":true}]}}