{"id":8718,"date":"2024-03-25T11:11:23","date_gmt":"2024-03-25T14:11:23","guid":{"rendered":"https:\/\/cbxonline.com.br\/?p=8718"},"modified":"2024-03-25T11:11:25","modified_gmt":"2024-03-25T14:11:25","slug":"vacinacao-contra-gripe-e-dengue-e-ofertada-em-salvador-neste-sabado-23","status":"publish","type":"post","link":"https:\/\/cbxonline.com.br\/index.php\/2024\/03\/25\/vacinacao-contra-gripe-e-dengue-e-ofertada-em-salvador-neste-sabado-23\/","title":{"rendered":"Vacina\u00e7\u00e3o contra gripe e dengue \u00e9 ofertada em Salvador neste s\u00e1bado (23)"},"content":{"rendered":"\n<p>A Secretaria Municipal da Sa\u00fade (SMS) de Salvador est\u00e1 disponibilizando vacinas contra gripe e dengue em diversos pontos de vacina\u00e7\u00e3o da cidade neste s\u00e1bado (23). Essa iniciativa tem como objetivo refor\u00e7ar a disponibilidade dos imunizantes para os grupos priorit\u00e1rios e continuar protegendo os residentes da cidade.<\/p>\n\n\n\n<p>A vice-preveira de Secret\u00e1ria de Sa\u00fade, Ana Paula Matos comentou sobre a iniciativa.<\/p>\n\n\n\n<p><em>\u201cNeste s\u00e1bado funcionaremos em dezenas de unidades de sa\u00fade e diversos pontos de movimenta\u00e7\u00e3o de pessoas como mercados, shoppings e igreja para facilitar o acesso ao imunizante. Ent\u00e3o, meu pedido \u00e9 que a popula\u00e7\u00e3o busque pelos nossos servi\u00e7os para garantir este cuidado t\u00e3o importante \u00e0 sa\u00fade, que \u00e9 a vacina\u00e7\u00e3o\u201d<\/em>, orientou Ana Paula.<\/p>\n\n\n\n<p>Confira a documenta\u00e7\u00e3o para os grupos priorit\u00e1rios<\/p>\n\n\n\n<p><strong>Dengue:<\/strong><\/p>\n\n\n\n<p>A dose do imunizante est\u00e1 dispon\u00edvel para crian\u00e7as e pr\u00e9-adolescentes de 10 a 14 anos. A aplica\u00e7\u00e3o ser\u00e1 feita somente na presen\u00e7a dos pais ou respons\u00e1vel legal.<\/p>\n\n\n\n<p><strong>Gripe:<\/strong><\/p>\n\n\n\n<p>Grupos Priorit\u00e1rios: trabalhador da sa\u00fade\/ Professores do ensino b\u00e1sico e superior\/ Profissionais das for\u00e7as de seguran\u00e7a e salvamento\/ Profissionais das For\u00e7as Armadas\/ Caminhoneiros\/ Trabalhadores de transporte coletivo rodovi\u00e1rio para passageiros urbanos e de longo curso\/ Trabalhadores portu\u00e1rios: necess\u00e1ria apresenta\u00e7\u00e3o de documento que comprove o exerc\u00edcio efetivo da profiss\u00e3o\/fun\u00e7\u00e3o (exemplo: contracheque; contrato do servi\u00e7o, carteira de trabalho, declara\u00e7\u00e3o emitida pelo empregador);<\/p>\n\n\n\n<p>&#8211; Gestantes: para este grupo n\u00e3o haver\u00e1 exig\u00eancia quanto \u00e0 comprova\u00e7\u00e3o da situa\u00e7\u00e3o gestacional, sendo suficiente para a vacina\u00e7\u00e3o a informa\u00e7\u00e3o sobre seu estado de gravidez;<\/p>\n\n\n\n<p>&#8211; Pu\u00e9rperas: ser\u00e3o consideradas aquelas no per\u00edodo at\u00e9 45 dias ap\u00f3s o parto. Dever\u00e3o apresentar documento que comprove o puerp\u00e9rio (certid\u00e3o de nascimento, cart\u00e3o da gestante, documento do hospital onde ocorreu o parto, entre outros;<\/p>\n\n\n\n<p>&#8211; Idosos com 60 anos ou mais de idade: dever\u00e3o receber a vacina influenza mediante apresenta\u00e7\u00e3o de documento que comprove a idade;<\/p>\n\n\n\n<p>&#8211; Pessoas com doen\u00e7as cr\u00f4nicas n\u00e3o transmiss\u00edveis e outras condi\u00e7\u00f5es cl\u00ednicas especiais elencadas pelo Minist\u00e9rio da Sa\u00fade: dever\u00e3o comprovar a comorbidade atrav\u00e9s de relat\u00f3rio m\u00e9dico ou prescri\u00e7\u00e3o m\u00e9dica ou resultado de exames;<\/p>\n\n\n\n<p>&#8211; Pessoas com defici\u00eancia permanente: ser\u00e3o considerados indiv\u00edduos com defici\u00eancia permanente aqueles que apresentem uma ou mais das seguintes limita\u00e7\u00f5es:&nbsp;<\/p>\n\n\n\n<p>&#8211; Limita\u00e7\u00e3o motora que cause grande dificuldade ou incapacidade para andar ou subir escadas; &#8211; os indiv\u00edduos com grande dificuldade ou incapacidade de ouvir mesmo com uso de aparelho auditivo;&nbsp;<\/p>\n\n\n\n<p>&#8211; Os indiv\u00edduos com grande dificuldade ou incapacidade de enxergar mesmo com uso de \u00f3culos;<\/p>\n\n\n\n<p>&#8211; Os indiv\u00edduos com alguma defici\u00eancia intelectual permanente que limite suas atividades habituais, tais como trabalhar, ir \u00e0 escola, brincar etc.<\/p>\n\n\n\n<p>Para o Grupo Priorit\u00e1rio &#8211; Pessoas com defici\u00eancia permanente: no ato da vacina\u00e7\u00e3o, considerar defici\u00eancia autodeclarada.<\/p>\n\n\n\n<p>Veja a lista de unidades que est\u00e3o ofertando vacina\u00e7\u00e3o contra gripe e dengue<\/p>\n\n\n\n<p><strong>S\u00c3O CAETANO\/VAL\u00c9RIA<\/strong>&nbsp;&#8211; &nbsp;DAS 8H \u00c0S 16H<\/p>\n\n\n\n<p>UBS P\u00e9ricles Laranjeiras; USF Alto Do Cabrito; USF Boa Vista Do S\u00e3o Caetano; USF Capelinha; USF Boa Vista Do Lobato; USF San Martin; USF Lagoa Da Paix\u00e3o; USF Bom Ju\u00e1; USF Alto Do Peru; USF Ant\u00f4nio Lazarotto<\/p>\n\n\n\n<p><strong>CENTRO HIST\u00d3RICO<\/strong>&nbsp;&#8211; &nbsp; DAS 8H \u00c0S 16H<\/p>\n\n\n\n<p><strong>Shopping Piedade<\/strong>&nbsp;&#8211; &nbsp;SOMENTE VACINA GRIPE PARA OS GRUPOS PRIORIT\u00c1RIOS A PARTIR DE 12 ANOS (DAS 9H \u00c0S 16H)&nbsp;<\/p>\n\n\n\n<p>UBS Ramiro De Azevedo; USF Dona Iraci Isabel Da Silva \u2013 Gamboa<\/p>\n\n\n\n<p><strong>BOCA DO RIO<\/strong>&nbsp;&#8211; DAS 8H \u00c0S 16H<\/p>\n\n\n\n<p>USF Curralinho&nbsp;<\/p>\n\n\n\n<p><strong>PAU DA LIMA&nbsp;<\/strong>&#8211; DAS 8H \u00c0S 16H<\/p>\n\n\n\n<p>USF Vale Do Cambonas; UBS Pires Da Veiga; USF Jo\u00e3o Roma Filho; USF Dom Avelar; USF Vila Can\u00e1ria; USF Sete De Abril<\/p>\n\n\n\n<p><strong>ITAPU\u00c3&nbsp;<\/strong>&#8211; DAS 8H \u00c0S 16H<\/p>\n\n\n\n<p>UBS Jos\u00e9 Mariane; USF Cora\u00e7\u00e3o De Maria; UBS S\u00e3o Crist\u00f3v\u00e3o; USF Itapu\u00e3; USF KM 17; USF Mussurunga; USF Vila Verde; USF Jardim Das Margaridas;<\/p>\n\n\n\n<p>Ponto fixo: Shopping Paralela &#8211; SOMENTE VACINA GRIPE PARA OS GRUPOS PRIORIT\u00c1RIOS A PARTIR DE 12 ANOS (DAS 9H \u00c0S 16H)<\/p>\n\n\n\n<p><strong>BROTAS<\/strong>&nbsp;&#8211; DAS 8H \u00c0S 16H<\/p>\n\n\n\n<p>USF Vale Do Matatu<\/p>\n\n\n\n<p>Atakarejo &#8211; Vasco Da Gama &#8211; SOMENTE VACINA GRIPE PARA OS GRUPOS PRIORIT\u00c1RIOS A PARTIR DE 12 ANOS (DAS 9H \u00c0S 16H)<\/p>\n\n\n\n<p><strong>SUBURBIO FERROVI\u00c1RIO&nbsp;<\/strong>&#8211; DAS 8H \u00c0S 16H<\/p>\n\n\n\n<p>UBS Periperi; UBS S\u00e9rgio Arouca (at\u00e9 \u00e0s 14h); USF Beira Mangue; USF Plataforma; USF Alto Da Terezinha; USF Bate Cora\u00e7\u00e3o (at\u00e9 \u00e1s 14h); USF Ilha Amarela;USF Itacaranha; USF Tubar\u00e3o; &nbsp;USF S\u00e3o Tom\u00e9 De Paripe; USF Alto Do Cruzeiro; &nbsp;USF Cocisa; USF Alto De Coutos I (at\u00e9 \u00e1s 14h) ; USF Alto De Coutos II (at\u00e9 \u00e1s 14h); USF Ilha De Mar\u00e9; USF Ilha De Paramana; USF Bom Jesus Dos Passos.<\/p>\n\n\n\n<p><strong>LIBERDADE<\/strong>&nbsp;&#8211; 8 \u00e0s 16hs<\/p>\n\n\n\n<p>Multicentro Liberdade; USF Iapi; USF San Martin I; USF San Martin III<\/p>\n\n\n\n<p><strong>CABULA \u2013 BEIRU&nbsp;<\/strong>&#8211; DAS 8H \u00c0S 16H<\/p>\n\n\n\n<p>USF PROF Humberto Castro Lima- Pernambuezinho; UBS Eunisio Coelho Teixeira; UBS Santo In\u00e1cio; UBS Mata Escura; USF Mata Escura; UBS Rodrigo Argolo; USF Dep Crist\u00f3v\u00e3o Ferreira- Saramandaia I; USF SUSSUARANAI; USF Professor Fernando Filgueiras Cabula VI; USF Claudelino Miranda \u2013 Resgate; USF Prof. Guilherme Rodrigues Da Silva &#8211; Arenoso<\/p>\n\n\n\n<p>Ponto fixo: Shopping Bela Vista &#8211; (SOMENTE VACINA GRIPE PARA OS GRUPOS PRIORIT\u00c1RIOS A PARTIR DE 12 ANOS) &#8211; 9 AS 16 HORAS<\/p>\n\n\n\n<p><strong>CAJAZEIRAS<\/strong>&nbsp;&#8211; DAS 8H \u00c0S 16H<\/p>\n\n\n\n<p>USF Cajazeiras XI; USF Fazenda Grande III; USF Jaguaripe; USF Jardim Das Mangabeiras; USF Cajazeiras X, USF Cajazeiras V, USF Cajazeiras IV; USF Palestina.<\/p>\n\n\n\n<p><strong>ITAPAGIPE<\/strong>&nbsp;&#8211; DAS 8H \u00c0S 16H<\/p>\n\n\n\n<p>USF S\u00e3o Jos\u00e9 De Baixo (8 \u00e0s 14hs); UBS Virgilio De Carvalho<\/p>\n\n\n\n<p><strong>BARRA\/RIO VERMELHO<\/strong>&nbsp;&#8211; DAS 8H \u00c0S 16H<\/p>\n\n\n\n<p>USF Calabar; USF Alto das Pombas; USF Garcia; USF Lealdina Barros; USF Sabino Silva; UBS Vila Matos.&nbsp;<\/p>\n\n\n\n<p>Drive Thru &#8211; UBS Clementino Fraga &#8211; 5\u00ba CS &#8211; SOMENTE VACINA GRIPE PARA OS GRUPOS PRIORIT\u00c1RIOS A PARTIR DE 12 ANOS)<\/p>\n\n\n\n<p>Ponto Fixo: Shopping Salvador; &#8211; SOMENTE VACINA GRIPE para os grupos priorit\u00e1rios a partir de 12 anos (das 9h \u00e0s 16h)<\/p>\n\n\n\n<p>Igreja Batista Avivamento Mundial &#8211; Bruno Leonardo &#8211; SOMENTE VACINA GRIPE PARA OS GRUPOS PRIORIT\u00c1RIOS A PARTIR DE 12 ANOS) (das 9h \u00e0s 12h).<\/p>\n","protected":false},"excerpt":{"rendered":"<p>A Secretaria Municipal da Sa\u00fade (SMS) de Salvador est\u00e1 disponibilizando vacinas contra gripe e dengue em diversos pontos de vacina\u00e7\u00e3o da cidade neste s\u00e1bado (23). Essa iniciativa tem como objetivo refor\u00e7ar a disponibilidade dos imunizantes para os grupos priorit\u00e1rios e continuar protegendo os residentes da cidade. A vice-preveira de Secret\u00e1ria de Sa\u00fade, Ana Paula Matos [&hellip;]<\/p>\n","protected":false},"author":2,"featured_media":8719,"comment_status":"open","ping_status":"open","sticky":false,"template":"","format":"standard","meta":{"jnews-multi-image_gallery":[],"jnews_single_post":{"subtitle":"","format":"standard","video":"","gallery":"","source_name":"","source_url":"","via_name":"","via_url":"","override_template":"0","override":[{"template":"1","single_blog_custom":"","parallax":"1","fullscreen":"1","layout":"right-sidebar","sidebar":"default-sidebar","second_sidebar":"default-sidebar","sticky_sidebar":"1","share_position":"top","share_float_style":"share-monocrhome","show_share_counter":"0","show_view_counter":"0","show_featured":"1","show_post_meta":"1","show_post_author":"0","show_post_author_image":"1","show_post_date":"1","post_date_format":"default","post_date_format_custom":"Y\/m\/d","show_post_category":"1","show_post_reading_time":"0","post_reading_time_wpm":"300","show_zoom_button":"0","zoom_button_out_step":"2","zoom_button_in_step":"3","show_post_tag":"1","show_prev_next_post":"1","show_popup_post":"1","number_popup_post":"1","show_author_box":"0","show_post_related":"0","show_inline_post_related":"0"}],"override_image_size":"0","image_override":[{"single_post_thumbnail_size":"no-crop","single_post_gallery_size":"crop-715"}],"trending_post":"0","trending_post_position":"meta","trending_post_label":"Trending","sponsored_post":"0","sponsored_post_label":"Sponsored by","sponsored_post_name":"","sponsored_post_url":"","sponsored_post_logo_enable":"0","sponsored_post_logo":"","sponsored_post_desc":"","disable_ad":"0"},"jnews_primary_category":{"id":"","hide":""},"footnotes":""},"categories":[94],"tags":[],"class_list":["post-8718","post","type-post","status-publish","format-standard","has-post-thumbnail","hentry","category-saude-2"],"_links":{"self":[{"href":"https:\/\/cbxonline.com.br\/index.php\/wp-json\/wp\/v2\/posts\/8718","targetHints":{"allow":["GET"]}}],"collection":[{"href":"https:\/\/cbxonline.com.br\/index.php\/wp-json\/wp\/v2\/posts"}],"about":[{"href":"https:\/\/cbxonline.com.br\/index.php\/wp-json\/wp\/v2\/types\/post"}],"author":[{"embeddable":true,"href":"https:\/\/cbxonline.com.br\/index.php\/wp-json\/wp\/v2\/users\/2"}],"replies":[{"embeddable":true,"href":"https:\/\/cbxonline.com.br\/index.php\/wp-json\/wp\/v2\/comments?post=8718"}],"version-history":[{"count":1,"href":"https:\/\/cbxonline.com.br\/index.php\/wp-json\/wp\/v2\/posts\/8718\/revisions"}],"predecessor-version":[{"id":8720,"href":"https:\/\/cbxonline.com.br\/index.php\/wp-json\/wp\/v2\/posts\/8718\/revisions\/8720"}],"wp:featuredmedia":[{"embeddable":true,"href":"https:\/\/cbxonline.com.br\/index.php\/wp-json\/wp\/v2\/media\/8719"}],"wp:attachment":[{"href":"https:\/\/cbxonline.com.br\/index.php\/wp-json\/wp\/v2\/media?parent=8718"}],"wp:term":[{"taxonomy":"category","embeddable":true,"href":"https:\/\/cbxonline.com.br\/index.php\/wp-json\/wp\/v2\/categories?post=8718"},{"taxonomy":"post_tag","embeddable":true,"href":"https:\/\/cbxonline.com.br\/index.php\/wp-json\/wp\/v2\/tags?post=8718"}],"curies":[{"name":"wp","href":"https:\/\/api.w.org\/{rel}","templated":true}]}}