{"id":8531,"date":"2024-03-13T11:58:54","date_gmt":"2024-03-13T14:58:54","guid":{"rendered":"https:\/\/cbxonline.com.br\/?p=8531"},"modified":"2024-03-13T11:58:55","modified_gmt":"2024-03-13T14:58:55","slug":"governo-federal-antecipa-13o-do-inss-a-337-milhoes-de-segurados","status":"publish","type":"post","link":"https:\/\/cbxonline.com.br\/index.php\/2024\/03\/13\/governo-federal-antecipa-13o-do-inss-a-337-milhoes-de-segurados\/","title":{"rendered":"Governo Federal antecipa \u201c13\u00ba do INSS\u201d a 33,7 milh\u00f5es de segurados"},"content":{"rendered":"\n<p>O Governo Federal vai antecipar, pelo segundo ano seguido, o abono anual aos segurados e dependentes da Previd\u00eancia Social, informalmente conhecido como o d\u00e9cimo terceiro do INSS. O Decreto n\u00ba 11.947\/2024, que oficializa a antecipa\u00e7\u00e3o, foi assinado pelo presidente Luiz In\u00e1cio Lula da Silva (PT) e publicado nesta quarta-feira, 13, no Di\u00e1rio Oficial da Uni\u00e3o.<\/p>\n\n\n\n<p>Em todo o pa\u00eds, 33,7 milh\u00f5es de benefici\u00e1rios receber\u00e3o o repasse em duas parcelas, em abril e maio, de acordo com o calend\u00e1rio habitual de pagamentos do INSS. O investimento total do Governo Federal \u00e9 de R$ 67 bilh\u00f5es, em duas parcelas de R\uff04 33,8 bilh\u00f5es.<\/p>\n\n\n\n<p>Normalmente, o abono \u00e9 pago no segundo semestre de cada ano, em agosto e novembro. A exemplo do que ocorreu em 2023, a antecipa\u00e7\u00e3o representa uma inje\u00e7\u00e3o significativa de recursos nos mercados locais, j\u00e1 que alcan\u00e7a munic\u00edpios de todas as 27 Unidades da Federa\u00e7\u00e3o.<\/p>\n\n\n\n<p>Recebem o abono os segurados e dependentes da Previd\u00eancia Social que durante o ano de 2024 tenham recebido aposentadoria, aux\u00edlio por incapacidade tempor\u00e1ria, aux\u00edlio-acidente, pens\u00e3o por morte ou aux\u00edlio-reclus\u00e3o.<\/p>\n\n\n\n<p>De acordo com o decreto, a primeira parcela do abono, correspondente a 50% do valor do benef\u00edcio, ser\u00e1 paga em abril. A segunda vir\u00e1 com os benef\u00edcios de maio.<\/p>\n\n\n\n<p>Fonte: A Tarde<\/p>\n","protected":false},"excerpt":{"rendered":"<p>O Governo Federal vai antecipar, pelo segundo ano seguido, o abono anual aos segurados e dependentes da Previd\u00eancia Social, informalmente conhecido como o d\u00e9cimo terceiro do INSS. O Decreto n\u00ba 11.947\/2024, que oficializa a antecipa\u00e7\u00e3o, foi assinado pelo presidente Luiz In\u00e1cio Lula da Silva (PT) e publicado nesta quarta-feira, 13, no Di\u00e1rio Oficial da Uni\u00e3o. [&hellip;]<\/p>\n","protected":false},"author":2,"featured_media":8532,"comment_status":"open","ping_status":"open","sticky":false,"template":"","format":"standard","meta":{"jnews-multi-image_gallery":[],"jnews_single_post":{"subtitle":"","format":"standard","video":"","gallery":"","source_name":"","source_url":"","via_name":"","via_url":"","override_template":"0","override":[{"template":"1","single_blog_custom":"","parallax":"1","fullscreen":"1","layout":"right-sidebar","sidebar":"default-sidebar","second_sidebar":"default-sidebar","sticky_sidebar":"1","share_position":"top","share_float_style":"share-monocrhome","show_share_counter":"0","show_view_counter":"0","show_featured":"1","show_post_meta":"1","show_post_author":"0","show_post_author_image":"1","show_post_date":"1","post_date_format":"default","post_date_format_custom":"Y\/m\/d","show_post_category":"1","show_post_reading_time":"0","post_reading_time_wpm":"300","show_zoom_button":"0","zoom_button_out_step":"2","zoom_button_in_step":"3","show_post_tag":"1","show_prev_next_post":"1","show_popup_post":"1","number_popup_post":"1","show_author_box":"0","show_post_related":"0","show_inline_post_related":"0"}],"override_image_size":"0","image_override":[{"single_post_thumbnail_size":"no-crop","single_post_gallery_size":"crop-715"}],"trending_post":"0","trending_post_position":"meta","trending_post_label":"Trending","sponsored_post":"0","sponsored_post_label":"Sponsored by","sponsored_post_name":"","sponsored_post_url":"","sponsored_post_logo_enable":"0","sponsored_post_logo":"","sponsored_post_desc":"","disable_ad":"0"},"jnews_primary_category":{"id":"","hide":""},"footnotes":""},"categories":[92],"tags":[],"class_list":["post-8531","post","type-post","status-publish","format-standard","has-post-thumbnail","hentry","category-economia"],"_links":{"self":[{"href":"https:\/\/cbxonline.com.br\/index.php\/wp-json\/wp\/v2\/posts\/8531","targetHints":{"allow":["GET"]}}],"collection":[{"href":"https:\/\/cbxonline.com.br\/index.php\/wp-json\/wp\/v2\/posts"}],"about":[{"href":"https:\/\/cbxonline.com.br\/index.php\/wp-json\/wp\/v2\/types\/post"}],"author":[{"embeddable":true,"href":"https:\/\/cbxonline.com.br\/index.php\/wp-json\/wp\/v2\/users\/2"}],"replies":[{"embeddable":true,"href":"https:\/\/cbxonline.com.br\/index.php\/wp-json\/wp\/v2\/comments?post=8531"}],"version-history":[{"count":1,"href":"https:\/\/cbxonline.com.br\/index.php\/wp-json\/wp\/v2\/posts\/8531\/revisions"}],"predecessor-version":[{"id":8533,"href":"https:\/\/cbxonline.com.br\/index.php\/wp-json\/wp\/v2\/posts\/8531\/revisions\/8533"}],"wp:featuredmedia":[{"embeddable":true,"href":"https:\/\/cbxonline.com.br\/index.php\/wp-json\/wp\/v2\/media\/8532"}],"wp:attachment":[{"href":"https:\/\/cbxonline.com.br\/index.php\/wp-json\/wp\/v2\/media?parent=8531"}],"wp:term":[{"taxonomy":"category","embeddable":true,"href":"https:\/\/cbxonline.com.br\/index.php\/wp-json\/wp\/v2\/categories?post=8531"},{"taxonomy":"post_tag","embeddable":true,"href":"https:\/\/cbxonline.com.br\/index.php\/wp-json\/wp\/v2\/tags?post=8531"}],"curies":[{"name":"wp","href":"https:\/\/api.w.org\/{rel}","templated":true}]}}