{"id":8368,"date":"2024-03-05T10:42:32","date_gmt":"2024-03-05T13:42:32","guid":{"rendered":"https:\/\/cbxonline.com.br\/?p=8368"},"modified":"2024-03-05T10:42:34","modified_gmt":"2024-03-05T13:42:34","slug":"lula-garante-que-o-brasil-nunca-mais-entrara-na-escuridao-do-fim-da-cultura","status":"publish","type":"post","link":"https:\/\/cbxonline.com.br\/index.php\/2024\/03\/05\/lula-garante-que-o-brasil-nunca-mais-entrara-na-escuridao-do-fim-da-cultura\/","title":{"rendered":"Lula garante que o Brasil &#8220;nunca mais entrar\u00e1 na escurid\u00e3o do fim da cultura&#8221;"},"content":{"rendered":"\n<p>O presidente Luiz In\u00e1cio Lula da Silva disse nesta segunda-feira (4) que \u00e9 preciso defender a cultura no Brasil em todas as suas vertentes. Ele participou da abertura da 4\u00aa Confer\u00eancia Nacional de Cultura, ap\u00f3s mais de 10 anos sem a realiza\u00e7\u00e3o do evento no pa\u00eds.&nbsp;<img decoding=\"async\" src=\"https:\/\/agenciabrasil.ebc.com.br\/ebc.png?id=1584136&amp;o=node\"><img decoding=\"async\" src=\"https:\/\/agenciabrasil.ebc.com.br\/ebc.gif?id=1584136&amp;o=node\"><\/p>\n\n\n\n<p><strong><em>\u201cNunca mais esse pa\u00eds entrar\u00e1 na escurid\u00e3o do fim da cultura porque queremos as luzes acesas\u201d,&nbsp;<\/em><\/strong><em>disse, lembrando que o Minist\u00e9rio da Cultura foi extinto no governo anterior e recriado em seu terceiro mandato. &nbsp;a ministra.&nbsp;<\/em><\/p>\n\n\n\n<p>Ele tamb\u00e9m ressaltou a necessidade da cria\u00e7\u00e3o de comit\u00eas de cultura em todas as capitais e disse que o povo deve se apoderar do movimento&nbsp;no pa\u00eds.&nbsp;<em>\u201cQuando o povo se apoderar da cultura, nenhum presidente poder\u00e1 ofender a cultura, nem dizer que a Lei Rouanet \u00e9 para sustentar vagabundo\u201d<\/em>, destacou Lula, lembrando epis\u00f3dios de persegui\u00e7\u00e3o do governo anterior a artistas, tentativas de censura e a paralisa\u00e7\u00e3o de leis de incentivo ao setor.&nbsp;<\/p>\n\n\n\n<p>A ministra da Cultura, Margareth Menezes, agradeceu a sensibilidade do presidente Lula ao recriar o Minist\u00e9rio da Cultura e possibilitar a retomada da confer\u00eancia, que, segundo ela, \u00e9 um direito de todo o setor cultural.&nbsp;<em>&#8220;Agora sim, o Minist\u00e9rio da Cultura est\u00e1 de volta, maior e mais fortalecido&#8221;<\/em>.<\/p>\n\n\n\n<p>Com o tema \u201cDemocracia e Direito \u00e0 Cultura&#8221;, a confer\u00eancia vai at\u00e9 a pr\u00f3xima sexta-feira (8). S\u00e3o esperados mais de 3 mil participantes de todo o Brasil. O objetivo \u00e9 debater pol\u00edticas p\u00fablicas e definir orienta\u00e7\u00f5es priorit\u00e1rias para assegurar transversalidades nas a\u00e7\u00f5es do setor. As propostas aprovadas durante a confer\u00eancia v\u00e3o embasar as<a href=\"https:\/\/agenciabrasil.ebc.com.br\/geral\/noticia\/2024-03\/conferencia-nacional-debatera-base-do-novo-plano-nacional-de-cultura\" target=\"_blank\" rel=\"noreferrer noopener\">&nbsp;<\/a>diretrizes do novo Plano Nacional de Cultura<a href=\"https:\/\/agenciabrasil.ebc.com.br\/geral\/noticia\/2024-03\/conferencia-nacional-debatera-base-do-novo-plano-nacional-de-cultura\" target=\"_blank\" rel=\"noreferrer noopener\">&nbsp;<\/a>(PNC), que nortear\u00e1&nbsp;a pasta na pr\u00f3xima d\u00e9cada.<\/p>\n\n\n\n<p><em>\u201cA elabora\u00e7\u00e3o do Plano Nacional de Cultura tra\u00e7ar\u00e1 o mapa de percurso do que queremos: pol\u00edticas de cultura que sejam acess\u00edveis, transversais e capitalizadas\u201d<\/em>, disse a ministra.<\/p>\n\n\n\n<p>O<a rel=\"noreferrer noopener\" href=\"https:\/\/agenciabrasil.ebc.com.br\/geral\/noticia\/2024-03\/conferencia-nacional-de-cultura-deve-reunir-3-mil-pessoas-em-brasilia\" target=\"_blank\">\u00a0<\/a>evento\u00a0\u00e9 realizado pelo Minist\u00e9rio da Cultura e Conselho Nacional de Pol\u00edtica Cultural (CNPC), em parceria com a Organiza\u00e7\u00e3o dos Estados Ibero-Americanos (OEI).\u00a0<\/p>\n\n\n\n<p>Fonte: Varela Net <\/p>\n","protected":false},"excerpt":{"rendered":"<p>O presidente Luiz In\u00e1cio Lula da Silva disse nesta segunda-feira (4) que \u00e9 preciso defender a cultura no Brasil em todas as suas vertentes. Ele participou da abertura da 4\u00aa Confer\u00eancia Nacional de Cultura, ap\u00f3s mais de 10 anos sem a realiza\u00e7\u00e3o do evento no pa\u00eds.&nbsp; \u201cNunca mais esse pa\u00eds entrar\u00e1 na escurid\u00e3o do fim [&hellip;]<\/p>\n","protected":false},"author":2,"featured_media":8369,"comment_status":"open","ping_status":"open","sticky":false,"template":"","format":"standard","meta":{"jnews-multi-image_gallery":[],"jnews_single_post":{"subtitle":"","format":"standard","video":"","gallery":"","source_name":"","source_url":"","via_name":"","via_url":"","override_template":"0","override":[{"template":"1","single_blog_custom":"","parallax":"1","fullscreen":"1","layout":"right-sidebar","sidebar":"default-sidebar","second_sidebar":"default-sidebar","sticky_sidebar":"1","share_position":"top","share_float_style":"share-monocrhome","show_share_counter":"0","show_view_counter":"0","show_featured":"1","show_post_meta":"1","show_post_author":"0","show_post_author_image":"1","show_post_date":"1","post_date_format":"default","post_date_format_custom":"Y\/m\/d","show_post_category":"1","show_post_reading_time":"0","post_reading_time_wpm":"300","show_zoom_button":"0","zoom_button_out_step":"2","zoom_button_in_step":"3","show_post_tag":"1","show_prev_next_post":"1","show_popup_post":"1","number_popup_post":"1","show_author_box":"0","show_post_related":"0","show_inline_post_related":"0"}],"override_image_size":"0","image_override":[{"single_post_thumbnail_size":"no-crop","single_post_gallery_size":"crop-715"}],"trending_post":"0","trending_post_position":"meta","trending_post_label":"Trending","sponsored_post":"0","sponsored_post_label":"Sponsored by","sponsored_post_name":"","sponsored_post_url":"","sponsored_post_logo_enable":"0","sponsored_post_logo":"","sponsored_post_desc":"","disable_ad":"0"},"jnews_primary_category":{"id":"","hide":""},"footnotes":""},"categories":[91],"tags":[],"class_list":["post-8368","post","type-post","status-publish","format-standard","has-post-thumbnail","hentry","category-politica"],"_links":{"self":[{"href":"https:\/\/cbxonline.com.br\/index.php\/wp-json\/wp\/v2\/posts\/8368","targetHints":{"allow":["GET"]}}],"collection":[{"href":"https:\/\/cbxonline.com.br\/index.php\/wp-json\/wp\/v2\/posts"}],"about":[{"href":"https:\/\/cbxonline.com.br\/index.php\/wp-json\/wp\/v2\/types\/post"}],"author":[{"embeddable":true,"href":"https:\/\/cbxonline.com.br\/index.php\/wp-json\/wp\/v2\/users\/2"}],"replies":[{"embeddable":true,"href":"https:\/\/cbxonline.com.br\/index.php\/wp-json\/wp\/v2\/comments?post=8368"}],"version-history":[{"count":1,"href":"https:\/\/cbxonline.com.br\/index.php\/wp-json\/wp\/v2\/posts\/8368\/revisions"}],"predecessor-version":[{"id":8370,"href":"https:\/\/cbxonline.com.br\/index.php\/wp-json\/wp\/v2\/posts\/8368\/revisions\/8370"}],"wp:featuredmedia":[{"embeddable":true,"href":"https:\/\/cbxonline.com.br\/index.php\/wp-json\/wp\/v2\/media\/8369"}],"wp:attachment":[{"href":"https:\/\/cbxonline.com.br\/index.php\/wp-json\/wp\/v2\/media?parent=8368"}],"wp:term":[{"taxonomy":"category","embeddable":true,"href":"https:\/\/cbxonline.com.br\/index.php\/wp-json\/wp\/v2\/categories?post=8368"},{"taxonomy":"post_tag","embeddable":true,"href":"https:\/\/cbxonline.com.br\/index.php\/wp-json\/wp\/v2\/tags?post=8368"}],"curies":[{"name":"wp","href":"https:\/\/api.w.org\/{rel}","templated":true}]}}