{"id":8347,"date":"2024-03-04T15:10:43","date_gmt":"2024-03-04T18:10:43","guid":{"rendered":"https:\/\/cbxonline.com.br\/?p=8347"},"modified":"2024-03-04T15:10:51","modified_gmt":"2024-03-04T18:10:51","slug":"alem-de-reynaldo-e-luiz-adriano-vitoria-encaminha-mais-4-reforcos","status":"publish","type":"post","link":"https:\/\/cbxonline.com.br\/index.php\/2024\/03\/04\/alem-de-reynaldo-e-luiz-adriano-vitoria-encaminha-mais-4-reforcos\/","title":{"rendered":"Al\u00e9m de Reynaldo e Luiz Adriano, Vit\u00f3ria encaminha mais 4 refor\u00e7os"},"content":{"rendered":"\n<p>Ap\u00f3s acertar a contrata\u00e7\u00e3o do zagueiro Reynaldo, de 27 anos, e do atacante Luiz Adriano, de 36, o Vit\u00f3ria deve acertar com outros quatro refor\u00e7os nesta semana. Pelo menos foi o que garantiu o presidente F\u00e1bio Mota na noite deste domingo, 3.<\/p>\n\n\n\n<p>Ainda de acordo com o presidente rubro-negro, os quatro jogadores j\u00e1 est\u00e3o contratados e a expectativa \u00e9 de que sejam anunciados at\u00e9 quinta-feira, 7.<\/p>\n\n\n\n<p>&#8220;Nomes a gente n\u00e3o vai confirmar porque n\u00e3o est\u00e1 no BID. Posso dizer que contratamos quatro jogadores, que devem ser anunciados at\u00e9 quinta-feira. Os quatro j\u00e1 est\u00e3o contratados e estamos atr\u00e1s de mais dois. A ideia \u00e9 que a gente anuncie seis nomes at\u00e9 quinta&#8221;, garantiu o dirigente.<\/p>\n\n\n\n<p>Reynaldo assinou contrato no \u00faltimo s\u00e1bado, 2, e foi anunciado pela assessoria de imprensa do clube, que aguarda apenas a publica\u00e7\u00e3o do nome do atleta no Boletim Informativo Di\u00e1rio (BID) da CBF.<\/p>\n\n\n\n<p>\u201c\u00c9 uma caracter\u00edstica que a gente gostaria de ter no elenco, de mais um zagueiro canhoto. Um zagueiro que tem muita for\u00e7a, r\u00e1pido e tem tudo para agradar. Hoje n\u00f3s s\u00f3 temos o Wagner Leonardo com essa caracter\u00edstica\u201d, revelou o t\u00e9cnico L\u00e9o Cond\u00e9 sobre o novo zagueiro.<\/p>\n\n\n\n<p>J\u00e1 o atacante ex-Milan e Sele\u00e7\u00e3o Brasileira, Luiz Adriano, realizou exames no Barrad\u00e3o e pode ser anunciado a qualquer momento pelo Vit\u00f3ria.<\/p>\n\n\n\n<p>Fonte: A Tarde<\/p>\n","protected":false},"excerpt":{"rendered":"<p>Ap\u00f3s acertar a contrata\u00e7\u00e3o do zagueiro Reynaldo, de 27 anos, e do atacante Luiz Adriano, de 36, o Vit\u00f3ria deve acertar com outros quatro refor\u00e7os nesta semana. Pelo menos foi o que garantiu o presidente F\u00e1bio Mota na noite deste domingo, 3. Ainda de acordo com o presidente rubro-negro, os quatro jogadores j\u00e1 est\u00e3o contratados [&hellip;]<\/p>\n","protected":false},"author":2,"featured_media":8348,"comment_status":"open","ping_status":"open","sticky":false,"template":"","format":"standard","meta":{"jnews-multi-image_gallery":[],"jnews_single_post":{"subtitle":"","format":"standard","video":"","gallery":"","source_name":"","source_url":"","via_name":"","via_url":"","override_template":"0","override":[{"template":"1","single_blog_custom":"","parallax":"1","fullscreen":"1","layout":"right-sidebar","sidebar":"default-sidebar","second_sidebar":"default-sidebar","sticky_sidebar":"1","share_position":"top","share_float_style":"share-monocrhome","show_share_counter":"0","show_view_counter":"0","show_featured":"1","show_post_meta":"1","show_post_author":"0","show_post_author_image":"1","show_post_date":"1","post_date_format":"default","post_date_format_custom":"Y\/m\/d","show_post_category":"1","show_post_reading_time":"0","post_reading_time_wpm":"300","show_zoom_button":"0","zoom_button_out_step":"2","zoom_button_in_step":"3","show_post_tag":"1","show_prev_next_post":"1","show_popup_post":"1","number_popup_post":"1","show_author_box":"0","show_post_related":"0","show_inline_post_related":"0"}],"override_image_size":"0","image_override":[{"single_post_thumbnail_size":"no-crop","single_post_gallery_size":"crop-715"}],"trending_post":"0","trending_post_position":"meta","trending_post_label":"Trending","sponsored_post":"0","sponsored_post_label":"Sponsored by","sponsored_post_name":"","sponsored_post_url":"","sponsored_post_logo_enable":"0","sponsored_post_logo":"","sponsored_post_desc":"","disable_ad":"0"},"jnews_primary_category":{"id":"","hide":""},"footnotes":""},"categories":[89,85],"tags":[],"class_list":["post-8347","post","type-post","status-publish","format-standard","has-post-thumbnail","hentry","category-esportes","category-noticias"],"_links":{"self":[{"href":"https:\/\/cbxonline.com.br\/index.php\/wp-json\/wp\/v2\/posts\/8347","targetHints":{"allow":["GET"]}}],"collection":[{"href":"https:\/\/cbxonline.com.br\/index.php\/wp-json\/wp\/v2\/posts"}],"about":[{"href":"https:\/\/cbxonline.com.br\/index.php\/wp-json\/wp\/v2\/types\/post"}],"author":[{"embeddable":true,"href":"https:\/\/cbxonline.com.br\/index.php\/wp-json\/wp\/v2\/users\/2"}],"replies":[{"embeddable":true,"href":"https:\/\/cbxonline.com.br\/index.php\/wp-json\/wp\/v2\/comments?post=8347"}],"version-history":[{"count":1,"href":"https:\/\/cbxonline.com.br\/index.php\/wp-json\/wp\/v2\/posts\/8347\/revisions"}],"predecessor-version":[{"id":8349,"href":"https:\/\/cbxonline.com.br\/index.php\/wp-json\/wp\/v2\/posts\/8347\/revisions\/8349"}],"wp:featuredmedia":[{"embeddable":true,"href":"https:\/\/cbxonline.com.br\/index.php\/wp-json\/wp\/v2\/media\/8348"}],"wp:attachment":[{"href":"https:\/\/cbxonline.com.br\/index.php\/wp-json\/wp\/v2\/media?parent=8347"}],"wp:term":[{"taxonomy":"category","embeddable":true,"href":"https:\/\/cbxonline.com.br\/index.php\/wp-json\/wp\/v2\/categories?post=8347"},{"taxonomy":"post_tag","embeddable":true,"href":"https:\/\/cbxonline.com.br\/index.php\/wp-json\/wp\/v2\/tags?post=8347"}],"curies":[{"name":"wp","href":"https:\/\/api.w.org\/{rel}","templated":true}]}}