{"id":8280,"date":"2024-02-29T11:17:34","date_gmt":"2024-02-29T14:17:34","guid":{"rendered":"https:\/\/cbxonline.com.br\/?p=8280"},"modified":"2024-02-29T11:17:36","modified_gmt":"2024-02-29T14:17:36","slug":"geraldo-junior-usa-helicoptero-de-mata-de-sao-joao-a-salvador-e-chama-atencao","status":"publish","type":"post","link":"https:\/\/cbxonline.com.br\/index.php\/2024\/02\/29\/geraldo-junior-usa-helicoptero-de-mata-de-sao-joao-a-salvador-e-chama-atencao\/","title":{"rendered":"Geraldo J\u00fanior usa helic\u00f3ptero de Mata de S\u00e3o Jo\u00e3o a Salvador e chama aten\u00e7\u00e3o"},"content":{"rendered":"\n<p>O atual Vice-Governador e pr\u00e9-candidato \u00e0 Prefeitura de Salvador, Geraldo J\u00fanior, foi visto na manh\u00e3 desta ter\u00e7a-feira (27) em helic\u00f3ptero, na sede do Departamento de Pol\u00edcia T\u00e9cnica (DPT), na Avenida Centen\u00e1rio. O pol\u00edtico do MDB voltava de um encontro com gestores municipais de assist\u00eancia municipal, no Centro de Conven\u00e7\u00f5es de Praia do Forte (avenida do Farol), em Mata de S\u00e3o Jo\u00e3o.<\/p>\n\n\n\n<p>Geraldo J\u00fanior chamou aten\u00e7\u00e3o do p\u00fablico n\u00e3o somente no local do pouso, mas tamb\u00e9m nas redes sociais, j\u00e1 que o gestor municipal usou o transporte a\u00e9reo para o deslocamento curto de apenas 60 quil\u00f4metros, em ida e volta, pois ele tamb\u00e9m foi de Salvador ao munic\u00edpio da Regi\u00e3o Metropolitana de helic\u00f3ptero.<\/p>\n\n\n\n<p>A tem\u00e1tica do encontro dos pol\u00edticos em Mata de S\u00e3o Jo\u00e3o foi sobre os desafios da supera\u00e7\u00e3o das desprote\u00e7\u00f5es sociais num contexto de diversidade. Al\u00e9m de Geraldo, outros gestores do munic\u00edpio, trabalhadores, usu\u00e1rios e profissionais do Sistema \u00danico de Assist\u00eancia Social (Suas) estavam no evento. A reuni\u00e3o foi organizada pelo Colegiado \u00a0Estadual de Gestores Municipais de Assist\u00eancia Social do Estado da Bahia (Coegemas), em parceria com o Governo do Estado e a Prefeitura Municipal de Mata de S\u00e3o Jo\u00e3o.<\/p>\n\n\n\n<p>Fonte: Varela Net <\/p>\n","protected":false},"excerpt":{"rendered":"<p>O atual Vice-Governador e pr\u00e9-candidato \u00e0 Prefeitura de Salvador, Geraldo J\u00fanior, foi visto na manh\u00e3 desta ter\u00e7a-feira (27) em helic\u00f3ptero, na sede do Departamento de Pol\u00edcia T\u00e9cnica (DPT), na Avenida Centen\u00e1rio. O pol\u00edtico do MDB voltava de um encontro com gestores municipais de assist\u00eancia municipal, no Centro de Conven\u00e7\u00f5es de Praia do Forte (avenida do [&hellip;]<\/p>\n","protected":false},"author":2,"featured_media":8282,"comment_status":"open","ping_status":"open","sticky":false,"template":"","format":"standard","meta":{"jnews-multi-image_gallery":[],"jnews_single_post":{"subtitle":"","format":"standard","video":"","gallery":"","source_name":"","source_url":"","via_name":"","via_url":"","override_template":"0","override":[{"template":"1","single_blog_custom":"","parallax":"1","fullscreen":"1","layout":"right-sidebar","sidebar":"default-sidebar","second_sidebar":"default-sidebar","sticky_sidebar":"1","share_position":"top","share_float_style":"share-monocrhome","show_share_counter":"0","show_view_counter":"0","show_featured":"1","show_post_meta":"1","show_post_author":"0","show_post_author_image":"1","show_post_date":"1","post_date_format":"default","post_date_format_custom":"Y\/m\/d","show_post_category":"1","show_post_reading_time":"0","post_reading_time_wpm":"300","show_zoom_button":"0","zoom_button_out_step":"2","zoom_button_in_step":"3","show_post_tag":"1","show_prev_next_post":"1","show_popup_post":"1","number_popup_post":"1","show_author_box":"0","show_post_related":"0","show_inline_post_related":"0"}],"override_image_size":"0","image_override":[{"single_post_thumbnail_size":"no-crop","single_post_gallery_size":"crop-715"}],"trending_post":"0","trending_post_position":"meta","trending_post_label":"Trending","sponsored_post":"0","sponsored_post_label":"Sponsored by","sponsored_post_name":"","sponsored_post_url":"","sponsored_post_logo_enable":"0","sponsored_post_logo":"","sponsored_post_desc":"","disable_ad":"0"},"jnews_primary_category":{"id":"","hide":""},"footnotes":""},"categories":[91],"tags":[],"class_list":["post-8280","post","type-post","status-publish","format-standard","has-post-thumbnail","hentry","category-politica"],"_links":{"self":[{"href":"https:\/\/cbxonline.com.br\/index.php\/wp-json\/wp\/v2\/posts\/8280","targetHints":{"allow":["GET"]}}],"collection":[{"href":"https:\/\/cbxonline.com.br\/index.php\/wp-json\/wp\/v2\/posts"}],"about":[{"href":"https:\/\/cbxonline.com.br\/index.php\/wp-json\/wp\/v2\/types\/post"}],"author":[{"embeddable":true,"href":"https:\/\/cbxonline.com.br\/index.php\/wp-json\/wp\/v2\/users\/2"}],"replies":[{"embeddable":true,"href":"https:\/\/cbxonline.com.br\/index.php\/wp-json\/wp\/v2\/comments?post=8280"}],"version-history":[{"count":1,"href":"https:\/\/cbxonline.com.br\/index.php\/wp-json\/wp\/v2\/posts\/8280\/revisions"}],"predecessor-version":[{"id":8283,"href":"https:\/\/cbxonline.com.br\/index.php\/wp-json\/wp\/v2\/posts\/8280\/revisions\/8283"}],"wp:featuredmedia":[{"embeddable":true,"href":"https:\/\/cbxonline.com.br\/index.php\/wp-json\/wp\/v2\/media\/8282"}],"wp:attachment":[{"href":"https:\/\/cbxonline.com.br\/index.php\/wp-json\/wp\/v2\/media?parent=8280"}],"wp:term":[{"taxonomy":"category","embeddable":true,"href":"https:\/\/cbxonline.com.br\/index.php\/wp-json\/wp\/v2\/categories?post=8280"},{"taxonomy":"post_tag","embeddable":true,"href":"https:\/\/cbxonline.com.br\/index.php\/wp-json\/wp\/v2\/tags?post=8280"}],"curies":[{"name":"wp","href":"https:\/\/api.w.org\/{rel}","templated":true}]}}