{"id":8067,"date":"2024-02-20T14:10:30","date_gmt":"2024-02-20T17:10:30","guid":{"rendered":"https:\/\/cbxonline.com.br\/?p=8067"},"modified":"2024-02-20T14:10:31","modified_gmt":"2024-02-20T17:10:31","slug":"padre-kelmon-pre-candidato-a-prefeito-de-sao-paulo-vira-monsenhor-da-igreja-ortodoxa-do-peru","status":"publish","type":"post","link":"https:\/\/cbxonline.com.br\/index.php\/2024\/02\/20\/padre-kelmon-pre-candidato-a-prefeito-de-sao-paulo-vira-monsenhor-da-igreja-ortodoxa-do-peru\/","title":{"rendered":"Padre Kelmon, pr\u00e9-candidato a prefeito de S\u00e3o Paulo, vira Monsenhor da Igreja Ortodoxa do Peru"},"content":{"rendered":"\n<p>Chamado de &#8220;impostor&#8221; e &#8220;falso padre&#8221; nas elei\u00e7\u00f5es presidenciais de 2022, Padre Kelmon foi elevado de posto na hierarquia religiosa. No \u00faltimo domingo (18), durante o VI S\u00ednodo da Igreja Cat\u00f3lica Apost\u00f3lica Ortodoxa do Peru, o baiano Kelmon Lu\u00eds, de 47 anos, foi nomeado Monsenhor da congrega\u00e7\u00e3o.\u00a0<\/p>\n\n\n\n<p>A cerim\u00f4nia aconteceu na cidade de Lima, no Peru. Padre Kelmon foi nomeado Monsenhor na capela de S\u00e3o Bartolomeu, em um dos bairros mais pobres da capital peruana. <\/p>\n\n\n\n<p><strong><img decoding=\"async\" src=\"https:\/\/www.bahianoticias.com.br\/fotos\/principal_noticias\/289424\/mg\/carteira-monsenhor-kelmon..jpg\" alt=\"\"><\/strong><\/p>\n\n\n\n<p>Durante o S\u00ednodo da Igreja Ortodoxa peruana, os representantes da congrega\u00e7\u00e3o decidiram que Padre Kelmon ser\u00e1 coordenador de uma pastoral pol\u00edtica da institui\u00e7\u00e3o no Brasil. Padre Kelmon recentemente lan\u00e7ou sua pr\u00e9-candidatura a prefeito da cidade de S\u00e3o Paulo.<\/p>\n\n\n\n<p>Em sua estada no Peru, Padre Kelmon tamb\u00e9m recebeu de uma institui\u00e7\u00e3o local uma comenda como embaixador da paz.<\/p>\n\n\n\n<p>Fonte: Bahia Not\u00edcias <\/p>\n","protected":false},"excerpt":{"rendered":"<p>Chamado de &#8220;impostor&#8221; e &#8220;falso padre&#8221; nas elei\u00e7\u00f5es presidenciais de 2022, Padre Kelmon foi elevado de posto na hierarquia religiosa. No \u00faltimo domingo (18), durante o VI S\u00ednodo da Igreja Cat\u00f3lica Apost\u00f3lica Ortodoxa do Peru, o baiano Kelmon Lu\u00eds, de 47 anos, foi nomeado Monsenhor da congrega\u00e7\u00e3o.\u00a0 A cerim\u00f4nia aconteceu na cidade de Lima, no [&hellip;]<\/p>\n","protected":false},"author":2,"featured_media":8068,"comment_status":"open","ping_status":"open","sticky":false,"template":"","format":"standard","meta":{"jnews-multi-image_gallery":[],"jnews_single_post":{"subtitle":"","format":"standard","video":"","gallery":"","source_name":"","source_url":"","via_name":"","via_url":"","override_template":"0","override":[{"template":"1","single_blog_custom":"","parallax":"1","fullscreen":"1","layout":"right-sidebar","sidebar":"default-sidebar","second_sidebar":"default-sidebar","sticky_sidebar":"1","share_position":"top","share_float_style":"share-monocrhome","show_share_counter":"0","show_view_counter":"0","show_featured":"1","show_post_meta":"1","show_post_author":"0","show_post_author_image":"1","show_post_date":"1","post_date_format":"default","post_date_format_custom":"Y\/m\/d","show_post_category":"1","show_post_reading_time":"0","post_reading_time_wpm":"300","show_zoom_button":"0","zoom_button_out_step":"2","zoom_button_in_step":"3","show_post_tag":"1","show_prev_next_post":"1","show_popup_post":"1","number_popup_post":"1","show_author_box":"0","show_post_related":"0","show_inline_post_related":"0"}],"override_image_size":"0","image_override":[{"single_post_thumbnail_size":"no-crop","single_post_gallery_size":"crop-715"}],"trending_post":"0","trending_post_position":"meta","trending_post_label":"Trending","sponsored_post":"0","sponsored_post_label":"Sponsored by","sponsored_post_name":"","sponsored_post_url":"","sponsored_post_logo_enable":"0","sponsored_post_logo":"","sponsored_post_desc":"","disable_ad":"0"},"jnews_primary_category":{"id":"","hide":""},"footnotes":""},"categories":[85],"tags":[],"class_list":["post-8067","post","type-post","status-publish","format-standard","has-post-thumbnail","hentry","category-noticias"],"_links":{"self":[{"href":"https:\/\/cbxonline.com.br\/index.php\/wp-json\/wp\/v2\/posts\/8067","targetHints":{"allow":["GET"]}}],"collection":[{"href":"https:\/\/cbxonline.com.br\/index.php\/wp-json\/wp\/v2\/posts"}],"about":[{"href":"https:\/\/cbxonline.com.br\/index.php\/wp-json\/wp\/v2\/types\/post"}],"author":[{"embeddable":true,"href":"https:\/\/cbxonline.com.br\/index.php\/wp-json\/wp\/v2\/users\/2"}],"replies":[{"embeddable":true,"href":"https:\/\/cbxonline.com.br\/index.php\/wp-json\/wp\/v2\/comments?post=8067"}],"version-history":[{"count":1,"href":"https:\/\/cbxonline.com.br\/index.php\/wp-json\/wp\/v2\/posts\/8067\/revisions"}],"predecessor-version":[{"id":8069,"href":"https:\/\/cbxonline.com.br\/index.php\/wp-json\/wp\/v2\/posts\/8067\/revisions\/8069"}],"wp:featuredmedia":[{"embeddable":true,"href":"https:\/\/cbxonline.com.br\/index.php\/wp-json\/wp\/v2\/media\/8068"}],"wp:attachment":[{"href":"https:\/\/cbxonline.com.br\/index.php\/wp-json\/wp\/v2\/media?parent=8067"}],"wp:term":[{"taxonomy":"category","embeddable":true,"href":"https:\/\/cbxonline.com.br\/index.php\/wp-json\/wp\/v2\/categories?post=8067"},{"taxonomy":"post_tag","embeddable":true,"href":"https:\/\/cbxonline.com.br\/index.php\/wp-json\/wp\/v2\/tags?post=8067"}],"curies":[{"name":"wp","href":"https:\/\/api.w.org\/{rel}","templated":true}]}}