{"id":8057,"date":"2024-02-20T11:20:01","date_gmt":"2024-02-20T14:20:01","guid":{"rendered":"https:\/\/cbxonline.com.br\/?p=8057"},"modified":"2024-02-20T11:20:03","modified_gmt":"2024-02-20T14:20:03","slug":"viva-verao-hoje-tem-show-gratuito-no-pelourinho","status":"publish","type":"post","link":"https:\/\/cbxonline.com.br\/index.php\/2024\/02\/20\/viva-verao-hoje-tem-show-gratuito-no-pelourinho\/","title":{"rendered":"Viva ver\u00e3o: Hoje tem show gratuito no Pelourinho"},"content":{"rendered":"\n<p>O festival de p\u00f3s-carnaval, Viva Ver\u00e3o, desta vez estar\u00e1 no Pelourinho, nesta ter\u00e7a-feira (20), vai ter show do Olodum na Varanda Cultural do bloco a partir das 19h.<\/p>\n\n\n\n<p>Os maiores sucessos do Olodum v\u00e3o fazer parte do show de hoje, que \u00e9 uma pr\u00e9via do anivers\u00e1rio de 45 anos do bloco afro, que vai acontecer &nbsp;em abril.&nbsp;<\/p>\n\n\n\n<p>O presidente executivo do bloco, Jorginho Rodrigues contou a expectativa para como o &nbsp;Viva Ver\u00e3o:<br><em>\u201c\u201cEstamos felizes em participar desse projeto e vamos nos apresentar ainda no clima do que foi o nosso Carnaval. Sem d\u00favidas, ser\u00e1 um grande reencontro com nosso p\u00fablico. Vamos celebrar com muito samba-reggae o excelente momento que o Olodum est\u00e1 vivendo, relembrando grandes can\u00e7\u00f5es e tamb\u00e9m momentos marcantes da \u00faltima festa. Ser\u00e1 uma noite muito especial\u201d<\/em><\/p>\n\n\n\n<p>O Viva Ver\u00e3o \u00e9 um projeto realizado pela Prefeitura, atrav\u00e9s da Secult, com o objetivo de \u00a0prolongar a temporada de eventos na cidade at\u00e9 o fim de fevereiro.\u00a0<\/p>\n\n\n\n<p>Fonte: Varela Net <\/p>\n","protected":false},"excerpt":{"rendered":"<p>O festival de p\u00f3s-carnaval, Viva Ver\u00e3o, desta vez estar\u00e1 no Pelourinho, nesta ter\u00e7a-feira (20), vai ter show do Olodum na Varanda Cultural do bloco a partir das 19h. Os maiores sucessos do Olodum v\u00e3o fazer parte do show de hoje, que \u00e9 uma pr\u00e9via do anivers\u00e1rio de 45 anos do bloco afro, que vai acontecer [&hellip;]<\/p>\n","protected":false},"author":2,"featured_media":8058,"comment_status":"open","ping_status":"open","sticky":false,"template":"","format":"standard","meta":{"jnews-multi-image_gallery":[],"jnews_single_post":{"subtitle":"","format":"standard","video":"","gallery":"","source_name":"","source_url":"","via_name":"","via_url":"","override_template":"0","override":[{"template":"1","single_blog_custom":"","parallax":"1","fullscreen":"1","layout":"right-sidebar","sidebar":"default-sidebar","second_sidebar":"default-sidebar","sticky_sidebar":"1","share_position":"top","share_float_style":"share-monocrhome","show_share_counter":"0","show_view_counter":"0","show_featured":"1","show_post_meta":"1","show_post_author":"0","show_post_author_image":"1","show_post_date":"1","post_date_format":"default","post_date_format_custom":"Y\/m\/d","show_post_category":"1","show_post_reading_time":"0","post_reading_time_wpm":"300","show_zoom_button":"0","zoom_button_out_step":"2","zoom_button_in_step":"3","show_post_tag":"1","show_prev_next_post":"1","show_popup_post":"1","number_popup_post":"1","show_author_box":"0","show_post_related":"0","show_inline_post_related":"0"}],"override_image_size":"0","image_override":[{"single_post_thumbnail_size":"no-crop","single_post_gallery_size":"crop-715"}],"trending_post":"0","trending_post_position":"meta","trending_post_label":"Trending","sponsored_post":"0","sponsored_post_label":"Sponsored by","sponsored_post_name":"","sponsored_post_url":"","sponsored_post_logo_enable":"0","sponsored_post_logo":"","sponsored_post_desc":"","disable_ad":"0"},"jnews_primary_category":{"id":"","hide":""},"footnotes":""},"categories":[85],"tags":[],"class_list":["post-8057","post","type-post","status-publish","format-standard","has-post-thumbnail","hentry","category-noticias"],"_links":{"self":[{"href":"https:\/\/cbxonline.com.br\/index.php\/wp-json\/wp\/v2\/posts\/8057","targetHints":{"allow":["GET"]}}],"collection":[{"href":"https:\/\/cbxonline.com.br\/index.php\/wp-json\/wp\/v2\/posts"}],"about":[{"href":"https:\/\/cbxonline.com.br\/index.php\/wp-json\/wp\/v2\/types\/post"}],"author":[{"embeddable":true,"href":"https:\/\/cbxonline.com.br\/index.php\/wp-json\/wp\/v2\/users\/2"}],"replies":[{"embeddable":true,"href":"https:\/\/cbxonline.com.br\/index.php\/wp-json\/wp\/v2\/comments?post=8057"}],"version-history":[{"count":1,"href":"https:\/\/cbxonline.com.br\/index.php\/wp-json\/wp\/v2\/posts\/8057\/revisions"}],"predecessor-version":[{"id":8059,"href":"https:\/\/cbxonline.com.br\/index.php\/wp-json\/wp\/v2\/posts\/8057\/revisions\/8059"}],"wp:featuredmedia":[{"embeddable":true,"href":"https:\/\/cbxonline.com.br\/index.php\/wp-json\/wp\/v2\/media\/8058"}],"wp:attachment":[{"href":"https:\/\/cbxonline.com.br\/index.php\/wp-json\/wp\/v2\/media?parent=8057"}],"wp:term":[{"taxonomy":"category","embeddable":true,"href":"https:\/\/cbxonline.com.br\/index.php\/wp-json\/wp\/v2\/categories?post=8057"},{"taxonomy":"post_tag","embeddable":true,"href":"https:\/\/cbxonline.com.br\/index.php\/wp-json\/wp\/v2\/tags?post=8057"}],"curies":[{"name":"wp","href":"https:\/\/api.w.org\/{rel}","templated":true}]}}