{"id":8028,"date":"2024-02-19T11:01:28","date_gmt":"2024-02-19T14:01:28","guid":{"rendered":"https:\/\/cbxonline.com.br\/?p=8028"},"modified":"2024-02-19T11:01:30","modified_gmt":"2024-02-19T14:01:30","slug":"prefeitura-de-belo-horizonte-decreta-situacao-critica-de-dengue","status":"publish","type":"post","link":"https:\/\/cbxonline.com.br\/index.php\/2024\/02\/19\/prefeitura-de-belo-horizonte-decreta-situacao-critica-de-dengue\/","title":{"rendered":"Prefeitura de Belo Horizonte decreta situa\u00e7\u00e3o cr\u00edtica de dengue"},"content":{"rendered":"\n<p>A situa\u00e7\u00e3o da dengue na capital de Minas Gerais, Belo Horizonte, chegou em estado cr\u00edtico neste in\u00edcio de ano.&nbsp; O cen\u00e1rio de epidemia fez a Prefeitura de Belo Horizonte (BH) decretar situa\u00e7\u00e3o de emerg\u00eancia em sa\u00fade p\u00fablica.&nbsp;<\/p>\n\n\n\n<p>Na cidade mineira, as a\u00e7\u00f5es intensivas e preventivas contra a arbovirose ser\u00e3o realizadas por um per\u00edodo previamente estabelecido de seis meses. Por\u00e9m, caso seja necess\u00e1rio, as medidas combativas podem se estender por mais tempo.&nbsp;<\/p>\n\n\n\n<p>O prefeito de BH, Fuad Noman, publicou um decreto neste s\u00e1bado (17), no Di\u00e1rio Oficial da cidade. No texto, fica evidenciada a necessidade de atua\u00e7\u00e3o &nbsp;da Secretaria Municipal de Sa\u00fade na execu\u00e7\u00e3o de medidas que enfrentem os desafios da sa\u00fade p\u00fablica. Al\u00e9m do mais, est\u00e1 permitido que se fa\u00e7am normas complementares para aumentar a efici\u00eancia do servi\u00e7o no campo m\u00e9dico.&nbsp;<\/p>\n\n\n\n<p>Uma das principais medidas do decreto \u00e9 a de permiss\u00e3o da entrada &#8216;for\u00e7ada&#8217; de equipes combativas da dengue em im\u00f3veis p\u00fablicos ou particulares que estejam vagos, n\u00e3o habitados ou at\u00e9 abandonados. Para tal medida, n\u00e3o h\u00e1 precis\u00e3o de autoriza\u00e7\u00e3o dos propriet\u00e1rios.<\/p>\n\n\n\n<p>A prefeitura ressaltou que \u201cseguindo um fluxo de atua\u00e7\u00e3o j\u00e1 estabelecido, a entrada for\u00e7ada ser\u00e1 realizada ap\u00f3s tr\u00eas tentativas de vistoria em dias e hor\u00e1rios distintos. N\u00e3o sendo poss\u00edvel a visita, um relat\u00f3rio com a situa\u00e7\u00e3o de risco para arboviroses ser\u00e1 encaminhado aos \u00f3rg\u00e3os respons\u00e1veis pela fiscaliza\u00e7\u00e3o para tomar as medidas cab\u00edveis\u201d.<\/p>\n\n\n\n<p>A entrada imediata tamb\u00e9m foi autorizada em im\u00f3veis os quais ocupantes n\u00e3o permitam acesso aos Agentes de Combate a Endemias (ACE). A Defesa Civil deve prestar apoio na intensifica\u00e7\u00e3o das a\u00e7\u00f5es, ajudando inclusive no agendamento de novas vistorias que os profissionais de combate \u00e0 dengue n\u00e3o consigam fazer em hor\u00e1rios comerciais.&nbsp;<\/p>\n\n\n\n<p>Fonte: Varela Net <\/p>\n","protected":false},"excerpt":{"rendered":"<p>A situa\u00e7\u00e3o da dengue na capital de Minas Gerais, Belo Horizonte, chegou em estado cr\u00edtico neste in\u00edcio de ano.&nbsp; O cen\u00e1rio de epidemia fez a Prefeitura de Belo Horizonte (BH) decretar situa\u00e7\u00e3o de emerg\u00eancia em sa\u00fade p\u00fablica.&nbsp; Na cidade mineira, as a\u00e7\u00f5es intensivas e preventivas contra a arbovirose ser\u00e3o realizadas por um per\u00edodo previamente estabelecido [&hellip;]<\/p>\n","protected":false},"author":2,"featured_media":8029,"comment_status":"open","ping_status":"open","sticky":false,"template":"","format":"standard","meta":{"jnews-multi-image_gallery":[],"jnews_single_post":{"subtitle":"","format":"standard","video":"","gallery":"","source_name":"","source_url":"","via_name":"","via_url":"","override_template":"0","override":[{"template":"1","single_blog_custom":"","parallax":"1","fullscreen":"1","layout":"right-sidebar","sidebar":"default-sidebar","second_sidebar":"default-sidebar","sticky_sidebar":"1","share_position":"top","share_float_style":"share-monocrhome","show_share_counter":"0","show_view_counter":"0","show_featured":"1","show_post_meta":"1","show_post_author":"0","show_post_author_image":"1","show_post_date":"1","post_date_format":"default","post_date_format_custom":"Y\/m\/d","show_post_category":"1","show_post_reading_time":"0","post_reading_time_wpm":"300","show_zoom_button":"0","zoom_button_out_step":"2","zoom_button_in_step":"3","show_post_tag":"1","show_prev_next_post":"1","show_popup_post":"1","number_popup_post":"1","show_author_box":"0","show_post_related":"0","show_inline_post_related":"0"}],"override_image_size":"0","image_override":[{"single_post_thumbnail_size":"no-crop","single_post_gallery_size":"crop-715"}],"trending_post":"0","trending_post_position":"meta","trending_post_label":"Trending","sponsored_post":"0","sponsored_post_label":"Sponsored by","sponsored_post_name":"","sponsored_post_url":"","sponsored_post_logo_enable":"0","sponsored_post_logo":"","sponsored_post_desc":"","disable_ad":"0"},"jnews_primary_category":{"id":"","hide":""},"footnotes":""},"categories":[94],"tags":[],"class_list":["post-8028","post","type-post","status-publish","format-standard","has-post-thumbnail","hentry","category-saude-2"],"_links":{"self":[{"href":"https:\/\/cbxonline.com.br\/index.php\/wp-json\/wp\/v2\/posts\/8028","targetHints":{"allow":["GET"]}}],"collection":[{"href":"https:\/\/cbxonline.com.br\/index.php\/wp-json\/wp\/v2\/posts"}],"about":[{"href":"https:\/\/cbxonline.com.br\/index.php\/wp-json\/wp\/v2\/types\/post"}],"author":[{"embeddable":true,"href":"https:\/\/cbxonline.com.br\/index.php\/wp-json\/wp\/v2\/users\/2"}],"replies":[{"embeddable":true,"href":"https:\/\/cbxonline.com.br\/index.php\/wp-json\/wp\/v2\/comments?post=8028"}],"version-history":[{"count":1,"href":"https:\/\/cbxonline.com.br\/index.php\/wp-json\/wp\/v2\/posts\/8028\/revisions"}],"predecessor-version":[{"id":8030,"href":"https:\/\/cbxonline.com.br\/index.php\/wp-json\/wp\/v2\/posts\/8028\/revisions\/8030"}],"wp:featuredmedia":[{"embeddable":true,"href":"https:\/\/cbxonline.com.br\/index.php\/wp-json\/wp\/v2\/media\/8029"}],"wp:attachment":[{"href":"https:\/\/cbxonline.com.br\/index.php\/wp-json\/wp\/v2\/media?parent=8028"}],"wp:term":[{"taxonomy":"category","embeddable":true,"href":"https:\/\/cbxonline.com.br\/index.php\/wp-json\/wp\/v2\/categories?post=8028"},{"taxonomy":"post_tag","embeddable":true,"href":"https:\/\/cbxonline.com.br\/index.php\/wp-json\/wp\/v2\/tags?post=8028"}],"curies":[{"name":"wp","href":"https:\/\/api.w.org\/{rel}","templated":true}]}}