{"id":7938,"date":"2024-02-06T14:43:16","date_gmt":"2024-02-06T17:43:16","guid":{"rendered":"https:\/\/cbxonline.com.br\/?p=7938"},"modified":"2024-02-06T14:43:18","modified_gmt":"2024-02-06T17:43:18","slug":"alice-portugal-diz-que-fala-de-lira-foi-firme-mas-discorda-de-dar-prioridade-a-reforma-administrativa","status":"publish","type":"post","link":"https:\/\/cbxonline.com.br\/index.php\/2024\/02\/06\/alice-portugal-diz-que-fala-de-lira-foi-firme-mas-discorda-de-dar-prioridade-a-reforma-administrativa\/","title":{"rendered":"Alice Portugal diz que fala de Lira foi firme, mas discorda de dar prioridade \u00e0 reforma administrativa"},"content":{"rendered":"\n<p>A deputada Alice Portugal (PCdoB), ao final da sess\u00e3o solene de abertura dos trabalhos do Congresso, nesta segunda-feira (5), disse ter considerado importante e positiva a fala do presidente da C\u00e2mara, Arthur Lira (PP-AL), durante o ato. Lira disse que a C\u00e2mara disse que a C\u00e2mara n\u00e3o ficar\u00e1 inerte neste ano de 2024 em raz\u00e3o das elei\u00e7\u00f5es municipais e frente a disputas pol\u00edticas entre os poderes, al\u00e9m de ter cobrado do governo de Luiz In\u00e1cio Lula da Silva que cumpra acordos firmados com os deputados.<\/p>\n\n\n\n<p>\u201cA fala do presidente Arthur Lira demonstra a sua t\u00eampera, a sua forma\u00e7\u00e3o de car\u00e1ter, firme. Demonstra as reivindica\u00e7\u00f5es do Legislativo por uma maior participa\u00e7\u00e3o, pela sa\u00edda do Congresso dessa condi\u00e7\u00e3o de poder auxiliar do Executivo. \u00c9 evidente que ter\u00e1 que se buscar o equil\u00edbrio din\u00e2mico, para que o Legislativo, sim, tenha emendas, mas que as emendas estejam em um card\u00e1pio talvez apresentado pelo Poder Executivo como elementos de prioridade para o pa\u00eds. Acredito que foi uma fala importante, interessante\u201d, disse a deputada baiana.<\/p>\n\n\n\n<p>Alice Portugal discordou, entretanto, da prioridade dada pelo presidente da C\u00e2mara ao projeto de reforma administrativa. Em seu discurso, Lira defendeu essa reforma e disse que a proposta que est\u00e1 sendo discutida na C\u00e2mara \u201cmant\u00e9m as conquistas, e, acima de tudo, busca efici\u00eancia e uma melhor presta\u00e7\u00e3o de servi\u00e7o \u00e0 popula\u00e7\u00e3o\u201d.<\/p>\n\n\n\n<p>A deputada baiana disse discordar \u201cdiametralmente\u201d da reforma administrativa. Segundo ela, o projeto atual que est\u00e1 sendo discutido na C\u00e2mara representaria o fim do estado brasileiro.\u00a0<\/p>\n\n\n\n<p>\u201cO estado acaba de realizar um primeiro concurso unificado, garantindo que os jovens brasileiros possam participar em todo o territ\u00f3rio nacional. Um concurso p\u00fablico para servir o p\u00fablico. O Brasil n\u00e3o tem excesso de servidores. Ao contr\u00e1rio, veja por exemplo o Ibama, que precisa de servidores. Enfim, esse \u00e9 meu ponto de disc\u00f3rdia diametral do presidente Lira. No mais, acredito que a fala dele tamb\u00e9m nega retrocessos e defende a democracia. Ent\u00e3o, a democracia saiu ganhando na reabertura dos trabalhos\u201d, concluiu Alice Portugal.<\/p>\n\n\n\n<p>Sobre a mensagem enviada pelo presidente Luiz In\u00e1cio Lula da Silva ao Congresso, a deputada do PCdoB afirmou ter considerado \u201cmuito interessante\u201d, principalmente pelo otimismo e por fazer um chamamento ao Congresso para atuar juntos com o governo pelo crescimento da economia.\u00a0<\/p>\n\n\n\n<p>\u201cO presidente Lula fala dos 47 programas de pol\u00edticas p\u00fablicas que foram reiniciados no Brasil, como Farm\u00e1cia Popular, Minha Casa Minha Vida, o robustecimento do Bolsa Fam\u00edlia, diminuindo a inseguran\u00e7a alimentar da nossa gente ent\u00e3o. Realmente foi uma mensagem muito interessante e uma mensagem de otimismo e de chamamento sobre o desenvolvimento nacional e a necessidade de crescimento da economia\u201d, afirmou Alice Portugal.\u00a0<\/p>\n\n\n\n<p>Fonte: Bahia Not\u00edcias <\/p>\n","protected":false},"excerpt":{"rendered":"<p>A deputada Alice Portugal (PCdoB), ao final da sess\u00e3o solene de abertura dos trabalhos do Congresso, nesta segunda-feira (5), disse ter considerado importante e positiva a fala do presidente da C\u00e2mara, Arthur Lira (PP-AL), durante o ato. Lira disse que a C\u00e2mara disse que a C\u00e2mara n\u00e3o ficar\u00e1 inerte neste ano de 2024 em raz\u00e3o [&hellip;]<\/p>\n","protected":false},"author":2,"featured_media":7939,"comment_status":"open","ping_status":"open","sticky":false,"template":"","format":"standard","meta":{"jnews-multi-image_gallery":[],"jnews_single_post":{"subtitle":"","format":"standard","video":"","gallery":"","source_name":"","source_url":"","via_name":"","via_url":"","override_template":"0","override":[{"template":"1","single_blog_custom":"","parallax":"1","fullscreen":"1","layout":"right-sidebar","sidebar":"default-sidebar","second_sidebar":"default-sidebar","sticky_sidebar":"1","share_position":"top","share_float_style":"share-monocrhome","show_share_counter":"0","show_view_counter":"0","show_featured":"1","show_post_meta":"1","show_post_author":"0","show_post_author_image":"1","show_post_date":"1","post_date_format":"default","post_date_format_custom":"Y\/m\/d","show_post_category":"1","show_post_reading_time":"0","post_reading_time_wpm":"300","show_zoom_button":"0","zoom_button_out_step":"2","zoom_button_in_step":"3","show_post_tag":"1","show_prev_next_post":"1","show_popup_post":"1","number_popup_post":"1","show_author_box":"0","show_post_related":"0","show_inline_post_related":"0"}],"override_image_size":"0","image_override":[{"single_post_thumbnail_size":"no-crop","single_post_gallery_size":"crop-715"}],"trending_post":"0","trending_post_position":"meta","trending_post_label":"Trending","sponsored_post":"0","sponsored_post_label":"Sponsored by","sponsored_post_name":"","sponsored_post_url":"","sponsored_post_logo_enable":"0","sponsored_post_logo":"","sponsored_post_desc":"","disable_ad":"0"},"jnews_primary_category":{"id":"","hide":""},"footnotes":""},"categories":[85],"tags":[],"class_list":["post-7938","post","type-post","status-publish","format-standard","has-post-thumbnail","hentry","category-noticias"],"_links":{"self":[{"href":"https:\/\/cbxonline.com.br\/index.php\/wp-json\/wp\/v2\/posts\/7938","targetHints":{"allow":["GET"]}}],"collection":[{"href":"https:\/\/cbxonline.com.br\/index.php\/wp-json\/wp\/v2\/posts"}],"about":[{"href":"https:\/\/cbxonline.com.br\/index.php\/wp-json\/wp\/v2\/types\/post"}],"author":[{"embeddable":true,"href":"https:\/\/cbxonline.com.br\/index.php\/wp-json\/wp\/v2\/users\/2"}],"replies":[{"embeddable":true,"href":"https:\/\/cbxonline.com.br\/index.php\/wp-json\/wp\/v2\/comments?post=7938"}],"version-history":[{"count":1,"href":"https:\/\/cbxonline.com.br\/index.php\/wp-json\/wp\/v2\/posts\/7938\/revisions"}],"predecessor-version":[{"id":7940,"href":"https:\/\/cbxonline.com.br\/index.php\/wp-json\/wp\/v2\/posts\/7938\/revisions\/7940"}],"wp:featuredmedia":[{"embeddable":true,"href":"https:\/\/cbxonline.com.br\/index.php\/wp-json\/wp\/v2\/media\/7939"}],"wp:attachment":[{"href":"https:\/\/cbxonline.com.br\/index.php\/wp-json\/wp\/v2\/media?parent=7938"}],"wp:term":[{"taxonomy":"category","embeddable":true,"href":"https:\/\/cbxonline.com.br\/index.php\/wp-json\/wp\/v2\/categories?post=7938"},{"taxonomy":"post_tag","embeddable":true,"href":"https:\/\/cbxonline.com.br\/index.php\/wp-json\/wp\/v2\/tags?post=7938"}],"curies":[{"name":"wp","href":"https:\/\/api.w.org\/{rel}","templated":true}]}}