{"id":7932,"date":"2024-02-06T10:57:13","date_gmt":"2024-02-06T13:57:13","guid":{"rendered":"https:\/\/cbxonline.com.br\/?p=7932"},"modified":"2024-02-06T10:57:14","modified_gmt":"2024-02-06T13:57:14","slug":"chuvas-na-bahia-ja-registraram-91-mil-desalojados-e-6-obitos-ate-esta-segunda-diz-defesa-civil","status":"publish","type":"post","link":"https:\/\/cbxonline.com.br\/index.php\/2024\/02\/06\/chuvas-na-bahia-ja-registraram-91-mil-desalojados-e-6-obitos-ate-esta-segunda-diz-defesa-civil\/","title":{"rendered":"Chuvas na Bahia j\u00e1 registraram 9,1 mil desalojados e 6 \u00f3bitos at\u00e9 esta segunda, diz Defesa Civil"},"content":{"rendered":"\n<p>O \u00faltimo balan\u00e7o da Defesa Civil do Estado [Sudec] contabilizou 598 desabrigados e 9,1 mil desalojados. Seis pessoas perderam a vida em um total de 117 mil afetados\u00a0pelas chuvas recentes\u00a0na Bahia. A informa\u00e7\u00e3o foi divulgada na tarde desta segunda-feira (5) e correspondem a 34 munic\u00edpios atingidos.<\/p>\n\n\n\n<p>Desses, 24 j\u00e1 est\u00e3o com decretos de emerg\u00eancia reconhecidos. S\u00e3o os casos de D\u00e1rio Meira, Cotegipe, Ilh\u00e9us, Medeiros Neto, Ibicu\u00ed, Anag\u00e9, Muqu\u00e9m do S\u00e3o Francisco, Quinjingue, Wanderley, Uba\u00edra, Nova Cana\u00e3, Saubara, Igua\u00ed, Lagoa Real, C\u00edcero Dantas, Cansan\u00e7\u00e3o, Cravol\u00e2ndia, S\u00e3o Miguel das Matas, Monte Santo, Contendas do Sincor\u00e1, Mutu\u00edpe, Barra, Itaju do Col\u00f4nia e Milagres. \u00a0 <\/p>\n\n\n\n<p><strong>TRECHOS INTERDITADOS<\/strong><\/p>\n\n\n\n<p>De acordo com a Sudec, tr\u00eas trechos de rodovias ainda est\u00e3o interditados. Em Monte Santo, no entroncamento da BA-120 &#8211; Distritos de Caldeir\u00e3o de Areia \/ Lagoa das Pedras \/ Riacho da On\u00e7a. O trecho segue sinalizado e a empresa est\u00e1 em andamento com a execu\u00e7\u00e3o de desvio para permitir a passagem de ve\u00edculos no acesso aos povoados.<\/p>\n\n\n\n<p>Em Muqu\u00e9m do S\u00e3o Francisco, na BA- 161 &#8211; Boa Vista do Pixaim. O principal acesso do munic\u00edpio \u00e0 BR-242 est\u00e1 com tr\u00e1fego normal pela rodovia BA-172. Como a obra de pavimenta\u00e7\u00e3o do acesso estava em andamento, a empresa foi acionada para resolu\u00e7\u00e3o da situa\u00e7\u00e3o.<\/p>\n\n\n\n<p>Em Sobradinho, na BA-210, povoado de Correnteza. H\u00e1 um desvio pelo trecho da comunidade da Barrinha onde se utiliza a ponte sobre o Riacho do Tatau\u00ed, rec\u00e9m-constru\u00edda pela SEINFRA, dando acesso \u00e0 BA-210.<\/p>\n\n\n\n<p><strong>MEIA PISTA<\/strong><\/p>\n\n\n\n<p>Os trechos funcionando em meia pista s\u00e3o: Estradas com tr\u00e1fego meia pista: BA 513 &#8211; Maragogipe &#8211; S\u00e3o Roque do Paragua\u00e7u. Nesta ter\u00e7a-feira (6) ser\u00e1 iniciada a constru\u00e7\u00e3o do desvio pela empresa de manuten\u00e7\u00e3o da UOP de Santa Ant\u00f4nio de Jesus para possibilitar a execu\u00e7\u00e3o dos reparos necess\u00e1rios do aterro e drenagem.<\/p>\n\n\n\n<p>Na BA-381 \u2013 Cansan\u00e7\u00e3o \u2013 Iti\u00faba &#8211; O volume das chuvas na regi\u00e3o provocou a eleva\u00e7\u00e3o do n\u00edvel d\u2019\u00e1gua em um dos afluentes do rio Jacurial, no KM 79 da Rodovia BA.381, trecho: Cansan\u00e7\u00e3o \u2013 Iti\u00faba. Na BA-262 &#8211; Nova Cana\u00e3 \u2013 Po\u00e7\u00f5es &#8211; O trecho da Serra do Capa Bode foi afetado pelas fortes chuvas e est\u00e1 com tr\u00e1fego meia pista em decorr\u00eancia do aumento da eros\u00e3o j\u00e1 existente no local.&nbsp;O cons\u00f3rcio P\u00fablico CISudoeste foi acionado para refor\u00e7o da sinaliza\u00e7\u00e3o do trecho.<\/p>\n\n\n\n<p>Na BA-404 &#8211; Cip\u00f3 \u2013 Buri &#8211; O volume das chuvas na regi\u00e3o provocou a eleva\u00e7\u00e3o do n\u00edvel d\u2019\u00e1gua em um dos afluentes do rio Itapicuru. A eleva\u00e7\u00e3o provocou interdi\u00e7\u00e3o do trecho e danos no bordo do pavimento. A obra de pavimenta\u00e7\u00e3o no acesso \u00e0 localidade de Buri ainda est\u00e1 em execu\u00e7\u00e3o e a empresa foi acionada para corre\u00e7\u00e3o dos bordos do pavimento e refor\u00e7o da drenagem de talvegue (bueiro).<\/p>\n\n\n\n<p>A Sudec informou ainda que o Programa Bahia Sem Fome j\u00e1 entregou 3,2 mil cestas alimentares \u00e0s fam\u00edlias dos munic\u00edpios que decretaram estado de emerg\u00eancia. At\u00e9 o \u00faltimo domingo (4), j\u00e1 foram entregues cestas em Wanderley (300 cestas), D\u00e1rio Meira (300), Medeiros Neto (300), Quijingue (300), Cansan\u00e7\u00e3o (400), Monte Santo (500), Ibicu\u00ed (200), Cotegipe (200), Muqu\u00e9m do S\u00e3o Francisco (200), Nova Cana\u00e3 (200) e Igua\u00ed (300).<\/p>\n\n\n\n<p>Fonte: Bahia Not\u00edcias <\/p>\n","protected":false},"excerpt":{"rendered":"<p>O \u00faltimo balan\u00e7o da Defesa Civil do Estado [Sudec] contabilizou 598 desabrigados e 9,1 mil desalojados. Seis pessoas perderam a vida em um total de 117 mil afetados\u00a0pelas chuvas recentes\u00a0na Bahia. A informa\u00e7\u00e3o foi divulgada na tarde desta segunda-feira (5) e correspondem a 34 munic\u00edpios atingidos. Desses, 24 j\u00e1 est\u00e3o com decretos de emerg\u00eancia reconhecidos. [&hellip;]<\/p>\n","protected":false},"author":2,"featured_media":7933,"comment_status":"open","ping_status":"open","sticky":false,"template":"","format":"standard","meta":{"jnews-multi-image_gallery":[],"jnews_single_post":{"subtitle":"","format":"standard","video":"","gallery":"","source_name":"","source_url":"","via_name":"","via_url":"","override_template":"0","override":[{"template":"1","single_blog_custom":"","parallax":"1","fullscreen":"1","layout":"right-sidebar","sidebar":"default-sidebar","second_sidebar":"default-sidebar","sticky_sidebar":"1","share_position":"top","share_float_style":"share-monocrhome","show_share_counter":"0","show_view_counter":"0","show_featured":"1","show_post_meta":"1","show_post_author":"0","show_post_author_image":"1","show_post_date":"1","post_date_format":"default","post_date_format_custom":"Y\/m\/d","show_post_category":"1","show_post_reading_time":"0","post_reading_time_wpm":"300","show_zoom_button":"0","zoom_button_out_step":"2","zoom_button_in_step":"3","show_post_tag":"1","show_prev_next_post":"1","show_popup_post":"1","number_popup_post":"1","show_author_box":"0","show_post_related":"0","show_inline_post_related":"0"}],"override_image_size":"0","image_override":[{"single_post_thumbnail_size":"no-crop","single_post_gallery_size":"crop-715"}],"trending_post":"0","trending_post_position":"meta","trending_post_label":"Trending","sponsored_post":"0","sponsored_post_label":"Sponsored by","sponsored_post_name":"","sponsored_post_url":"","sponsored_post_logo_enable":"0","sponsored_post_logo":"","sponsored_post_desc":"","disable_ad":"0"},"jnews_primary_category":{"id":"","hide":""},"footnotes":""},"categories":[85],"tags":[],"class_list":["post-7932","post","type-post","status-publish","format-standard","has-post-thumbnail","hentry","category-noticias"],"_links":{"self":[{"href":"https:\/\/cbxonline.com.br\/index.php\/wp-json\/wp\/v2\/posts\/7932","targetHints":{"allow":["GET"]}}],"collection":[{"href":"https:\/\/cbxonline.com.br\/index.php\/wp-json\/wp\/v2\/posts"}],"about":[{"href":"https:\/\/cbxonline.com.br\/index.php\/wp-json\/wp\/v2\/types\/post"}],"author":[{"embeddable":true,"href":"https:\/\/cbxonline.com.br\/index.php\/wp-json\/wp\/v2\/users\/2"}],"replies":[{"embeddable":true,"href":"https:\/\/cbxonline.com.br\/index.php\/wp-json\/wp\/v2\/comments?post=7932"}],"version-history":[{"count":1,"href":"https:\/\/cbxonline.com.br\/index.php\/wp-json\/wp\/v2\/posts\/7932\/revisions"}],"predecessor-version":[{"id":7934,"href":"https:\/\/cbxonline.com.br\/index.php\/wp-json\/wp\/v2\/posts\/7932\/revisions\/7934"}],"wp:featuredmedia":[{"embeddable":true,"href":"https:\/\/cbxonline.com.br\/index.php\/wp-json\/wp\/v2\/media\/7933"}],"wp:attachment":[{"href":"https:\/\/cbxonline.com.br\/index.php\/wp-json\/wp\/v2\/media?parent=7932"}],"wp:term":[{"taxonomy":"category","embeddable":true,"href":"https:\/\/cbxonline.com.br\/index.php\/wp-json\/wp\/v2\/categories?post=7932"},{"taxonomy":"post_tag","embeddable":true,"href":"https:\/\/cbxonline.com.br\/index.php\/wp-json\/wp\/v2\/tags?post=7932"}],"curies":[{"name":"wp","href":"https:\/\/api.w.org\/{rel}","templated":true}]}}