{"id":7916,"date":"2024-02-06T10:29:27","date_gmt":"2024-02-06T13:29:27","guid":{"rendered":"https:\/\/cbxonline.com.br\/?p=7916"},"modified":"2024-02-06T10:29:29","modified_gmt":"2024-02-06T13:29:29","slug":"feira-de-sao-joaquim-passara-por-mais-uma-reforma-ainda-no-primeiro-semestre","status":"publish","type":"post","link":"https:\/\/cbxonline.com.br\/index.php\/2024\/02\/06\/feira-de-sao-joaquim-passara-por-mais-uma-reforma-ainda-no-primeiro-semestre\/","title":{"rendered":"Feira de S\u00e3o Joaquim passar\u00e1 por mais uma reforma ainda no primeiro semestre"},"content":{"rendered":"\n<p>Nesta segunda-feira (5), O governador Jer\u00f4nimo Rodrigues (PT), anunciou que a Feira de S\u00e3o Joaquim na Cidade Baixa, em Salvador, passar\u00e1 por uma nova reforma em sua estrutura no m\u00eas de abril, logo ap\u00f3s a semana santa. O an\u00fancio de Jer\u00f4nimo aconteceu durante o evento que marcou o in\u00edcio da primeira obra do Novo Pac na Bahia.&nbsp;<\/p>\n\n\n\n<p>O governador informou, em coletiva \u00e0 imprensa, que o local ir\u00e1 passar pela segunda etapa de reforma e moderniza\u00e7\u00e3o ainda neste primeiro semestre do ano.&nbsp;<\/p>\n\n\n\n<p>\u201cS\u00e3o Joaquim j\u00e1 recebeu a primeira reforma, manuten\u00e7\u00e3o e moderniza\u00e7\u00e3o. Agora ainda neste primeiro semestre n\u00f3s reiniciaremos fazendo a segunda etapa da reforma e da moderniza\u00e7\u00e3o de uma feira importante n\u00e3o s\u00f3 para a cidade baixa, mas para Salvador e para Bahia\u201d disse Jer\u00f4nimo.<\/p>\n\n\n\n<p>O projeto do espa\u00e7o conta com 17 novos galp\u00f5es constru\u00eddos, divididos em grupos por atividade comercial. As obras ter\u00e3o duas fases.<\/p>\n\n\n\n<p>Fonte: Varela Net <\/p>\n","protected":false},"excerpt":{"rendered":"<p>Nesta segunda-feira (5), O governador Jer\u00f4nimo Rodrigues (PT), anunciou que a Feira de S\u00e3o Joaquim na Cidade Baixa, em Salvador, passar\u00e1 por uma nova reforma em sua estrutura no m\u00eas de abril, logo ap\u00f3s a semana santa. O an\u00fancio de Jer\u00f4nimo aconteceu durante o evento que marcou o in\u00edcio da primeira obra do Novo Pac [&hellip;]<\/p>\n","protected":false},"author":2,"featured_media":7917,"comment_status":"open","ping_status":"open","sticky":false,"template":"","format":"standard","meta":{"jnews-multi-image_gallery":[],"jnews_single_post":{"subtitle":"","format":"standard","video":"","gallery":"","source_name":"","source_url":"","via_name":"","via_url":"","override_template":"0","override":[{"template":"1","single_blog_custom":"","parallax":"1","fullscreen":"1","layout":"right-sidebar","sidebar":"default-sidebar","second_sidebar":"default-sidebar","sticky_sidebar":"1","share_position":"top","share_float_style":"share-monocrhome","show_share_counter":"0","show_view_counter":"0","show_featured":"1","show_post_meta":"1","show_post_author":"0","show_post_author_image":"1","show_post_date":"1","post_date_format":"default","post_date_format_custom":"Y\/m\/d","show_post_category":"1","show_post_reading_time":"0","post_reading_time_wpm":"300","show_zoom_button":"0","zoom_button_out_step":"2","zoom_button_in_step":"3","show_post_tag":"1","show_prev_next_post":"1","show_popup_post":"1","number_popup_post":"1","show_author_box":"0","show_post_related":"0","show_inline_post_related":"0"}],"override_image_size":"0","image_override":[{"single_post_thumbnail_size":"no-crop","single_post_gallery_size":"crop-715"}],"trending_post":"0","trending_post_position":"meta","trending_post_label":"Trending","sponsored_post":"0","sponsored_post_label":"Sponsored by","sponsored_post_name":"","sponsored_post_url":"","sponsored_post_logo_enable":"0","sponsored_post_logo":"","sponsored_post_desc":"","disable_ad":"0"},"jnews_primary_category":{"id":"","hide":""},"footnotes":""},"categories":[85],"tags":[],"class_list":["post-7916","post","type-post","status-publish","format-standard","has-post-thumbnail","hentry","category-noticias"],"_links":{"self":[{"href":"https:\/\/cbxonline.com.br\/index.php\/wp-json\/wp\/v2\/posts\/7916","targetHints":{"allow":["GET"]}}],"collection":[{"href":"https:\/\/cbxonline.com.br\/index.php\/wp-json\/wp\/v2\/posts"}],"about":[{"href":"https:\/\/cbxonline.com.br\/index.php\/wp-json\/wp\/v2\/types\/post"}],"author":[{"embeddable":true,"href":"https:\/\/cbxonline.com.br\/index.php\/wp-json\/wp\/v2\/users\/2"}],"replies":[{"embeddable":true,"href":"https:\/\/cbxonline.com.br\/index.php\/wp-json\/wp\/v2\/comments?post=7916"}],"version-history":[{"count":1,"href":"https:\/\/cbxonline.com.br\/index.php\/wp-json\/wp\/v2\/posts\/7916\/revisions"}],"predecessor-version":[{"id":7918,"href":"https:\/\/cbxonline.com.br\/index.php\/wp-json\/wp\/v2\/posts\/7916\/revisions\/7918"}],"wp:featuredmedia":[{"embeddable":true,"href":"https:\/\/cbxonline.com.br\/index.php\/wp-json\/wp\/v2\/media\/7917"}],"wp:attachment":[{"href":"https:\/\/cbxonline.com.br\/index.php\/wp-json\/wp\/v2\/media?parent=7916"}],"wp:term":[{"taxonomy":"category","embeddable":true,"href":"https:\/\/cbxonline.com.br\/index.php\/wp-json\/wp\/v2\/categories?post=7916"},{"taxonomy":"post_tag","embeddable":true,"href":"https:\/\/cbxonline.com.br\/index.php\/wp-json\/wp\/v2\/tags?post=7916"}],"curies":[{"name":"wp","href":"https:\/\/api.w.org\/{rel}","templated":true}]}}