{"id":7908,"date":"2024-02-05T16:19:49","date_gmt":"2024-02-05T19:19:49","guid":{"rendered":"https:\/\/cbxonline.com.br\/?p=7908"},"modified":"2024-02-05T16:19:49","modified_gmt":"2024-02-05T19:19:49","slug":"turne-de-30-anos-de-carreira-de-ivete-sangalo-chega-a-salvador-em-outubro-confira-datas","status":"publish","type":"post","link":"https:\/\/cbxonline.com.br\/index.php\/2024\/02\/05\/turne-de-30-anos-de-carreira-de-ivete-sangalo-chega-a-salvador-em-outubro-confira-datas\/","title":{"rendered":"Turn\u00ea de 30 anos de carreira de Ivete Sangalo chega a Salvador em outubro; confira datas"},"content":{"rendered":"\n<p>A turn\u00ea \u201cA Festa\u201d, que celebra os 30 anos de carreira de Ivete Sangalo, ser\u00e1 realizada em 30 est\u00e1dios e arenas de todo o Brasil. De acordo com o Hugo Gloss, a s\u00e9rie de apresenta\u00e7\u00f5es come\u00e7a no dia 1\u00ba de de junho em Manaus, e segue at\u00e9 o dia 12 de abril de 2025 no Rio de Janeiro. Na capital baiana, a artista se apresentar\u00e1 em 12 de outubro.&nbsp;<\/p>\n\n\n\n<p>\u201cO Esquenta foi apenas um cap\u00edtulo e agora A FESTA VAI COME\u00c7AR! Vamos voar por este Brasil com 30 shows para celebrar os meus 30 anos de carreira em uma festa linda e com muitas surpresas! Fiquem ligados que, em breve vem novidades\u2026\u201d, publicou Veveta em suas redes sociais.\u00a0<\/p>\n\n\n\n<p>Confira datas da turn\u00ea:<\/p>\n\n\n\n<p>01 de Junho &#8211; Manaus &#8211; AM<br>29 de Junho &#8211; Bel\u00e9m &#8211; PA<br>06 de Julho &#8211; Palmas &#8211; TO<br>13 de Julho &#8211; Bras\u00edlia &#8211; DF<br>20 de Julho &#8211; Goi\u00e2nia &#8211; GO<br>27 de Julho &#8211; Barreiras &#8211; BA<br>03 de Agosto &#8211; Aracaju &#8211; SE<br>10 de Agosto &#8211; Macei\u00f3 &#8211; AL<br>17 de Agosto &#8211; Jo\u00e3o Pessoa &#8211; PB<br>24 de Agosto &#8211; Recife &#8211; PE<br>31 de Agosto &#8211; Natal &#8211; RN<br>07 de Setembro &#8211; S\u00e3o Lu\u00eds &#8211; MA<br>14 de Setembro &#8211; Teresina &#8211; PI<br>21 de Setembro &#8211; Juazeiro do Norte &#8211; CE<br>28 de Setembro &#8211; Vit\u00f3ria &#8211; ES<br>12 de Outubro &#8211; Salvador &#8211; BA<br>19 de Outubro &#8211; Juiz de Fora &#8211; MG<br>26 de Outubro &#8211; Presidente Prudente &#8211; SP<br>02 de Novembro &#8211; S\u00e3o Jos\u00e9 do Rio Preto &#8211; SP<br>09 de Novembro &#8211; Londrina &#8211; PR<br>16 de Novembro &#8211; Porto Alegre &#8211; RS<br>23 de Novembro &#8211; Curitiba &#8211; PR<br>30 de Novembro &#8211; Jundia\u00ed &#8211; SP<br>07 de Dezembro &#8211; Ribeir\u00e3o Preto &#8211; SP<br>14 de Dezembro &#8211; Belo Horizonte &#8211; MG<br>21 de Dezembro &#8211; S\u00e3o Paulo &#8211; SP<br>01 de Fevereiro de 2025 &#8211; Florian\u00f3polis &#8211; SC<br>29 de Mar\u00e7o de 2025 &#8211; Fortaleza &#8211; CE<br>05 de Abril de 2025 &#8211; Juazeiro &#8211; BA<br>12 de Abril de 2025 &#8211; Rio de Janeiro &#8211; RJ<\/p>\n\n\n\n<p><br>Os ingressos come\u00e7am a ser vendidos nesta ter\u00e7a-feira (6) por meio da p\u00e1gina oficial do evento.<\/p>\n\n\n\n<p>Fonte: bahia not\u00edcias<\/p>\n","protected":false},"excerpt":{"rendered":"<p>A turn\u00ea \u201cA Festa\u201d, que celebra os 30 anos de carreira de Ivete Sangalo, ser\u00e1 realizada em 30 est\u00e1dios e arenas de todo o Brasil. De acordo com o Hugo Gloss, a s\u00e9rie de apresenta\u00e7\u00f5es come\u00e7a no dia 1\u00ba de de junho em Manaus, e segue at\u00e9 o dia 12 de abril de 2025 no [&hellip;]<\/p>\n","protected":false},"author":2,"featured_media":7909,"comment_status":"open","ping_status":"open","sticky":false,"template":"","format":"standard","meta":{"jnews-multi-image_gallery":[],"jnews_single_post":[],"jnews_primary_category":[],"footnotes":""},"categories":[93],"tags":[],"class_list":["post-7908","post","type-post","status-publish","format-standard","has-post-thumbnail","hentry","category-entretenimento"],"_links":{"self":[{"href":"https:\/\/cbxonline.com.br\/index.php\/wp-json\/wp\/v2\/posts\/7908","targetHints":{"allow":["GET"]}}],"collection":[{"href":"https:\/\/cbxonline.com.br\/index.php\/wp-json\/wp\/v2\/posts"}],"about":[{"href":"https:\/\/cbxonline.com.br\/index.php\/wp-json\/wp\/v2\/types\/post"}],"author":[{"embeddable":true,"href":"https:\/\/cbxonline.com.br\/index.php\/wp-json\/wp\/v2\/users\/2"}],"replies":[{"embeddable":true,"href":"https:\/\/cbxonline.com.br\/index.php\/wp-json\/wp\/v2\/comments?post=7908"}],"version-history":[{"count":1,"href":"https:\/\/cbxonline.com.br\/index.php\/wp-json\/wp\/v2\/posts\/7908\/revisions"}],"predecessor-version":[{"id":7910,"href":"https:\/\/cbxonline.com.br\/index.php\/wp-json\/wp\/v2\/posts\/7908\/revisions\/7910"}],"wp:featuredmedia":[{"embeddable":true,"href":"https:\/\/cbxonline.com.br\/index.php\/wp-json\/wp\/v2\/media\/7909"}],"wp:attachment":[{"href":"https:\/\/cbxonline.com.br\/index.php\/wp-json\/wp\/v2\/media?parent=7908"}],"wp:term":[{"taxonomy":"category","embeddable":true,"href":"https:\/\/cbxonline.com.br\/index.php\/wp-json\/wp\/v2\/categories?post=7908"},{"taxonomy":"post_tag","embeddable":true,"href":"https:\/\/cbxonline.com.br\/index.php\/wp-json\/wp\/v2\/tags?post=7908"}],"curies":[{"name":"wp","href":"https:\/\/api.w.org\/{rel}","templated":true}]}}