{"id":7860,"date":"2024-02-01T14:31:40","date_gmt":"2024-02-01T17:31:40","guid":{"rendered":"https:\/\/cbxonline.com.br\/?p=7860"},"modified":"2024-02-01T14:31:42","modified_gmt":"2024-02-01T17:31:42","slug":"vai-para-o-rio-vermelho-as-mudancas-no-transito-comecam-hoje-01","status":"publish","type":"post","link":"https:\/\/cbxonline.com.br\/index.php\/2024\/02\/01\/vai-para-o-rio-vermelho-as-mudancas-no-transito-comecam-hoje-01\/","title":{"rendered":"Vai para o Rio Vermelho? As mudan\u00e7as no tr\u00e2nsito come\u00e7am hoje (01\u00b0)"},"content":{"rendered":"\n<p>A festa de Iemanj\u00e1 \u00e9 sexta-feira (02), mas as mudan\u00e7as do tr\u00e2nsito no Rio Vermelho come\u00e7am hoje (01\u00b0), \u00f4nibus ter\u00e3o itiner\u00e1rio alterados e transporte por aplicativo ter\u00e3o pontos espec\u00edficos.<\/p>\n\n\n\n<p>Ruas interditadas de 22h do dia 1\u00ba \u00e0s 23h do dia 02 de fevereiro:<br>Rua da Paci\u00eancia, Travessa Prudente de Moraes, Largo de Santana, Rua Guedes Cabral, Rua Borges dos Reis, Rua Almerinda Dutra, Rua Jo\u00e3o Gomes, Rua Conselheiro Pedro Luiz, Largo da Mariquita, Av. Cardeal da Silva (trecho compreendido entre a Rua Almirante Barroso e a Rua Jos\u00e9 Taboada Vidal), Rua Vieira Lopes (os dois trechos compreendidos entre a Cl\u00ednica AMO e a Rua Potiguares), Rua Odilon Santos, Rua do Meio, Rua Potiguares, Trav. Bas\u00edlio de Magalh\u00e3es, Pra\u00e7a Brigadeiro Faria Rocha, Rua Marqu\u00eas de Monte Santo, Rua Dr. Ant\u00f4nio Queiroz Muniz, Rua do Barro Vermelho, Rua do Mirante, Rua Oswaldo Cruz, Av. Juracy Magalh\u00e3es J\u00fanior (trecho compreendido entre a Rua Oswaldo Cruz e a Rua Potiguares).<\/p>\n\n\n\n<p><strong>T\u00e1xi, motot\u00e1xi e transporte por aplicativo:<\/strong><br>Os pontos ficar\u00e3o localizados no cruzamento da Rua Osvaldo Cruz com a Rua do Canal; Rua Odilon Santos, pr\u00f3ximo \u00e0 Prefeitura Bairro; na Rua da Paci\u00eancia; e no cruzamento da Avenida Anita Garibaldi com a Rua Conselheiro Pedro Luiz. &nbsp;<\/p>\n\n\n\n<p><br><strong>Confira o roteiro das linhas de \u00f4nibus :<\/strong><br>As linhas que passam pelo Rio Vermelho com destino ao Campo Grande, via Cardeal da Silva, v\u00e3o fazer o retorno na Pra\u00e7a dos Ex-Combatentes, e acessar a Avenida Amaralina, Avenida Oct\u00e1vio Mangabeira, Rua Pernambuco, Avenida Ant\u00f4nio Carlos Magalh\u00e3es, Viaduto Jo\u00e3o Gilberto, Avenida Juracy Magalh\u00e3es J\u00fanior, Rua Lucaia, Viaduto Rei Pel\u00e9, Avenida Anita Garibaldi, via marginal da Avenida Anita Garibaldi, Avenida Cardeal da Silva, retorno na Drogasil, Avenida Cardeal da Silva. As linhas que fazem o trajeto oposto, sentido Rio Vermelho, dever\u00e3o utilizar a Rua Caetano Moura, Avenida Cardeal da Silva, retornando na Drogasil, Avenida Cardeal da Silva, Avenida Anita Garibaldi (Ladeira ao lado da Record Bahia), Pra\u00e7a Lord Cochrane, Avenida Anita Garibaldi (ao lado do Viaduto Rei Pel\u00e9), Rua Lucaia, Avenida Juracy Magalh\u00e3es J\u00fanior, Avenida Ant\u00f4nio Carlos Magalh\u00e3es, Rua Rio Grande do Sul, Avenida Manoel Dias da Silva, Rua Visconde de Itabora\u00ed, Rua Oswaldo Cruz, retorna na Pra\u00e7a dos Ex-Combatentes, e segue pela Avenida Amaralina.<\/p>\n\n\n\n<p><br>1230 \u2013 Sussuarana x Barra R1 e a 1340 \u2013 Esta\u00e7\u00e3o Piraj\u00e1 x Barra 1, dever\u00e3o seguir pela Avenida Oce\u00e2nica, Avenida Milton Santos, fazer o retorno no \u00a0Zool\u00f3gico, Avenida Milton Santos, e Avenida Oce\u00e2nica.<br>Ambas as linhas devem retornar pelo itiner\u00e1rio de Barra R2 e Barra 2. Al\u00e9m disso, dever\u00e1 constar na bandeira Esta\u00e7\u00e3o Piraj\u00e1 \u2013 Com\u00e9rcio\/Ondina.<br>1231 \u2013 Sussuarana \u2013 Barra R 2 e a 1341 \u2013 Esta\u00e7\u00e3o Piraj\u00e1 x Barra 2 dever\u00e3o acessar a Avenida Manoel Dias da Silva, Rua Visconde de Itabora\u00ed, Rua Oswaldo Cruz, retorno na Pra\u00e7a dos Ex-Combatentes, e Avenida Amaralina. As linhas retornam no itiner\u00e1rio de Barra R1 e Barra 1 e na bandeira dever\u00e1 constar Esta\u00e7\u00e3o Piraj\u00e1 \u2013 Rio Vermelho.<\/p>\n\n\n\n<p>Fonte: Varela Net <br>\u00a0<\/p>\n","protected":false},"excerpt":{"rendered":"<p>A festa de Iemanj\u00e1 \u00e9 sexta-feira (02), mas as mudan\u00e7as do tr\u00e2nsito no Rio Vermelho come\u00e7am hoje (01\u00b0), \u00f4nibus ter\u00e3o itiner\u00e1rio alterados e transporte por aplicativo ter\u00e3o pontos espec\u00edficos. Ruas interditadas de 22h do dia 1\u00ba \u00e0s 23h do dia 02 de fevereiro:Rua da Paci\u00eancia, Travessa Prudente de Moraes, Largo de Santana, Rua Guedes Cabral, [&hellip;]<\/p>\n","protected":false},"author":2,"featured_media":7861,"comment_status":"open","ping_status":"open","sticky":false,"template":"","format":"standard","meta":{"jnews-multi-image_gallery":[],"jnews_single_post":{"subtitle":"","format":"standard","video":"","gallery":"","source_name":"","source_url":"","via_name":"","via_url":"","override_template":"0","override":[{"template":"1","single_blog_custom":"","parallax":"1","fullscreen":"1","layout":"right-sidebar","sidebar":"default-sidebar","second_sidebar":"default-sidebar","sticky_sidebar":"1","share_position":"top","share_float_style":"share-monocrhome","show_share_counter":"0","show_view_counter":"0","show_featured":"1","show_post_meta":"1","show_post_author":"0","show_post_author_image":"1","show_post_date":"1","post_date_format":"default","post_date_format_custom":"Y\/m\/d","show_post_category":"1","show_post_reading_time":"0","post_reading_time_wpm":"300","show_zoom_button":"0","zoom_button_out_step":"2","zoom_button_in_step":"3","show_post_tag":"1","show_prev_next_post":"1","show_popup_post":"1","number_popup_post":"1","show_author_box":"0","show_post_related":"0","show_inline_post_related":"0"}],"override_image_size":"0","image_override":[{"single_post_thumbnail_size":"no-crop","single_post_gallery_size":"crop-715"}],"trending_post":"0","trending_post_position":"meta","trending_post_label":"Trending","sponsored_post":"0","sponsored_post_label":"Sponsored by","sponsored_post_name":"","sponsored_post_url":"","sponsored_post_logo_enable":"0","sponsored_post_logo":"","sponsored_post_desc":"","disable_ad":"0"},"jnews_primary_category":{"id":"","hide":""},"footnotes":""},"categories":[85],"tags":[],"class_list":["post-7860","post","type-post","status-publish","format-standard","has-post-thumbnail","hentry","category-noticias"],"_links":{"self":[{"href":"https:\/\/cbxonline.com.br\/index.php\/wp-json\/wp\/v2\/posts\/7860","targetHints":{"allow":["GET"]}}],"collection":[{"href":"https:\/\/cbxonline.com.br\/index.php\/wp-json\/wp\/v2\/posts"}],"about":[{"href":"https:\/\/cbxonline.com.br\/index.php\/wp-json\/wp\/v2\/types\/post"}],"author":[{"embeddable":true,"href":"https:\/\/cbxonline.com.br\/index.php\/wp-json\/wp\/v2\/users\/2"}],"replies":[{"embeddable":true,"href":"https:\/\/cbxonline.com.br\/index.php\/wp-json\/wp\/v2\/comments?post=7860"}],"version-history":[{"count":1,"href":"https:\/\/cbxonline.com.br\/index.php\/wp-json\/wp\/v2\/posts\/7860\/revisions"}],"predecessor-version":[{"id":7862,"href":"https:\/\/cbxonline.com.br\/index.php\/wp-json\/wp\/v2\/posts\/7860\/revisions\/7862"}],"wp:featuredmedia":[{"embeddable":true,"href":"https:\/\/cbxonline.com.br\/index.php\/wp-json\/wp\/v2\/media\/7861"}],"wp:attachment":[{"href":"https:\/\/cbxonline.com.br\/index.php\/wp-json\/wp\/v2\/media?parent=7860"}],"wp:term":[{"taxonomy":"category","embeddable":true,"href":"https:\/\/cbxonline.com.br\/index.php\/wp-json\/wp\/v2\/categories?post=7860"},{"taxonomy":"post_tag","embeddable":true,"href":"https:\/\/cbxonline.com.br\/index.php\/wp-json\/wp\/v2\/tags?post=7860"}],"curies":[{"name":"wp","href":"https:\/\/api.w.org\/{rel}","templated":true}]}}