{"id":7854,"date":"2024-02-01T11:02:58","date_gmt":"2024-02-01T14:02:58","guid":{"rendered":"https:\/\/cbxonline.com.br\/?p=7854"},"modified":"2024-02-01T11:03:00","modified_gmt":"2024-02-01T14:03:00","slug":"carnaval-de-salvador-tera-climatizadores-espalhados-nos-circuitos","status":"publish","type":"post","link":"https:\/\/cbxonline.com.br\/index.php\/2024\/02\/01\/carnaval-de-salvador-tera-climatizadores-espalhados-nos-circuitos\/","title":{"rendered":"Carnaval de Salvador ter\u00e1 climatizadores espalhados nos circuitos"},"content":{"rendered":"\n<p>O Carnaval de Salvador 2024 ter\u00e1 nos circuitos Dod\u00f4 (Barra-Ondina), Osmar (Campo Grande-Centro) e Batatinha (Pelourinho) climatizadores instalados pela Prefeitura para amenizar os impactos do calor durante a realiza\u00e7\u00e3o da festa. A novidade foi anunciada pelo prefeito Bruno Reis nesta quarta-feira (31), no Cine Glauber Rocha, no Centro, durante coletiva \u00e0 imprensa para divulga\u00e7\u00e3o da infraestrutura e servi\u00e7os municipais que atender\u00e3o os foli\u00f5es durante a passagem de trios e blocos pelas ruas da cidade.<\/p>\n\n\n\n<p>Al\u00e9m disso, outras medidas preventivas ser\u00e3o executadas para o conforto de soteropolitanos e turistas que curtirem a maior festa de rua do planeta.<em>&nbsp;\u201cEsse calor e, sobretudo neste ver\u00e3o, nos trouxe preocupa\u00e7\u00f5es para os grandes eventos. A Prefeitura se antecipou e determinou uma s\u00e9rie de regras e protocolos para serem cumpridos pelos camarotes e pelos blocos, como tamb\u00e9m adotou uma s\u00e9rie de medidas que j\u00e1 ocorreram na Lavagem do Bonfim e que ainda ocorrer\u00e3o na Lavagem de Itapu\u00e3 e Festa de Iemanj\u00e1\u201d<\/em>, disse o prefeito.<\/p>\n\n\n\n<p><em>\u201cPara o Carnaval, vamos ter climatizadores por todos os tr\u00eas principais circuitos, principalmente na parte da tarde, que fica mais quente, al\u00e9m de ventiladores, pontos de hidrata\u00e7\u00e3o e distribui\u00e7\u00e3o de protetores solares\u201d<\/em>, acrescentou Bruno Reis.<\/p>\n\n\n\n<p>Durante o evento de apresenta\u00e7\u00e3o dos servi\u00e7os, o diretor de Turismo da Secretaria Municipal de Cultura e Turismo (Secult), Geg\u00ea Magalh\u00e3es, ressaltou que os climatizadores s\u00e3o equipamentos que fazem umidifica\u00e7\u00e3o por nebuliza\u00e7\u00e3o. Os aparelhos j\u00e1 passaram por testes e estar\u00e1 em funcionamento principalmente nos momentos de sa\u00edda dos trios.<\/p>\n\n\n\n<p><em>\u201cEsse sistema reduz a temperatura entre cinco a oito graus em \u00e1rea externa. Os circuitos tamb\u00e9m ter\u00e3o pontos de hidrata\u00e7\u00e3o e ventila\u00e7\u00e3o na chegada dos portais, al\u00e9m de bebedouros. Essas medidas ocorrer\u00e3o inclusive no Santo Ant\u00f4nio Al\u00e9m do Carmo, que n\u00e3o \u00e9 um circuito oficial, mas que tamb\u00e9m ter\u00e1 festa\u201d<\/em>, afirmou.<\/p>\n\n\n\n<p><strong>Protetor solar<\/strong><\/p>\n\n\n\n<p>A distribui\u00e7\u00e3o de protetor solar ocorrer\u00e1 em parceria com a Secretaria Municipal da Sa\u00fade (SMS). Haver\u00e1 50 colaboradores em todos os portais de chegada e ao longo dos circuitos entregando o produto entre \u00e0s 12h e 16h, considerado per\u00edodo mais cr\u00edtico de incid\u00eancia solar.<\/p>\n\n\n\n<p>O titular da Secult, Pedro Tourinho, destacou a necessidade de a\u00e7\u00f5es do tipo frente \u00e0s quest\u00f5es de emerg\u00eancia clim\u00e1tica.<\/p>\n\n\n\n<p><em>\u201cEstamos em conversa, desde dezembro, com a Defesa Civil de Salvador (Codesal) e SMS, e montamos todo um plano de contingenciamento para altas temperaturas, o que envolve monitoramento frequente em tempo real. Parece at\u00e9 um sonho dizer isso, mas grande parte do Carnaval ser\u00e1 climatizado. E nossa preocupa\u00e7\u00e3o vai al\u00e9m do calor, mas com a radia\u00e7\u00e3o solar, que causa c\u00e2ncer de pele. Por isso, ser\u00e1 feita distribui\u00e7\u00e3o de protetor solar contra raios UV\u201d<\/em>, complementou.<\/p>\n\n\n\n<p>Fonte: Varela Net <\/p>\n","protected":false},"excerpt":{"rendered":"<p>O Carnaval de Salvador 2024 ter\u00e1 nos circuitos Dod\u00f4 (Barra-Ondina), Osmar (Campo Grande-Centro) e Batatinha (Pelourinho) climatizadores instalados pela Prefeitura para amenizar os impactos do calor durante a realiza\u00e7\u00e3o da festa. A novidade foi anunciada pelo prefeito Bruno Reis nesta quarta-feira (31), no Cine Glauber Rocha, no Centro, durante coletiva \u00e0 imprensa para divulga\u00e7\u00e3o da [&hellip;]<\/p>\n","protected":false},"author":2,"featured_media":7855,"comment_status":"open","ping_status":"open","sticky":false,"template":"","format":"standard","meta":{"jnews-multi-image_gallery":[],"jnews_single_post":{"subtitle":"","format":"standard","video":"","gallery":"","source_name":"","source_url":"","via_name":"","via_url":"","override_template":"0","override":[{"template":"1","single_blog_custom":"","parallax":"1","fullscreen":"1","layout":"right-sidebar","sidebar":"default-sidebar","second_sidebar":"default-sidebar","sticky_sidebar":"1","share_position":"top","share_float_style":"share-monocrhome","show_share_counter":"0","show_view_counter":"0","show_featured":"1","show_post_meta":"1","show_post_author":"0","show_post_author_image":"1","show_post_date":"1","post_date_format":"default","post_date_format_custom":"Y\/m\/d","show_post_category":"1","show_post_reading_time":"0","post_reading_time_wpm":"300","show_zoom_button":"0","zoom_button_out_step":"2","zoom_button_in_step":"3","show_post_tag":"1","show_prev_next_post":"1","show_popup_post":"1","number_popup_post":"1","show_author_box":"0","show_post_related":"0","show_inline_post_related":"0"}],"override_image_size":"0","image_override":[{"single_post_thumbnail_size":"no-crop","single_post_gallery_size":"crop-715"}],"trending_post":"0","trending_post_position":"meta","trending_post_label":"Trending","sponsored_post":"0","sponsored_post_label":"Sponsored by","sponsored_post_name":"","sponsored_post_url":"","sponsored_post_logo_enable":"0","sponsored_post_logo":"","sponsored_post_desc":"","disable_ad":"0"},"jnews_primary_category":{"id":"","hide":""},"footnotes":""},"categories":[98],"tags":[],"class_list":["post-7854","post","type-post","status-publish","format-standard","has-post-thumbnail","hentry","category-carnaval"],"_links":{"self":[{"href":"https:\/\/cbxonline.com.br\/index.php\/wp-json\/wp\/v2\/posts\/7854","targetHints":{"allow":["GET"]}}],"collection":[{"href":"https:\/\/cbxonline.com.br\/index.php\/wp-json\/wp\/v2\/posts"}],"about":[{"href":"https:\/\/cbxonline.com.br\/index.php\/wp-json\/wp\/v2\/types\/post"}],"author":[{"embeddable":true,"href":"https:\/\/cbxonline.com.br\/index.php\/wp-json\/wp\/v2\/users\/2"}],"replies":[{"embeddable":true,"href":"https:\/\/cbxonline.com.br\/index.php\/wp-json\/wp\/v2\/comments?post=7854"}],"version-history":[{"count":1,"href":"https:\/\/cbxonline.com.br\/index.php\/wp-json\/wp\/v2\/posts\/7854\/revisions"}],"predecessor-version":[{"id":7856,"href":"https:\/\/cbxonline.com.br\/index.php\/wp-json\/wp\/v2\/posts\/7854\/revisions\/7856"}],"wp:featuredmedia":[{"embeddable":true,"href":"https:\/\/cbxonline.com.br\/index.php\/wp-json\/wp\/v2\/media\/7855"}],"wp:attachment":[{"href":"https:\/\/cbxonline.com.br\/index.php\/wp-json\/wp\/v2\/media?parent=7854"}],"wp:term":[{"taxonomy":"category","embeddable":true,"href":"https:\/\/cbxonline.com.br\/index.php\/wp-json\/wp\/v2\/categories?post=7854"},{"taxonomy":"post_tag","embeddable":true,"href":"https:\/\/cbxonline.com.br\/index.php\/wp-json\/wp\/v2\/tags?post=7854"}],"curies":[{"name":"wp","href":"https:\/\/api.w.org\/{rel}","templated":true}]}}