{"id":7809,"date":"2024-01-30T16:06:12","date_gmt":"2024-01-30T19:06:12","guid":{"rendered":"https:\/\/cbxonline.com.br\/?p=7809"},"modified":"2024-01-30T16:06:14","modified_gmt":"2024-01-30T19:06:14","slug":"camara-de-salvador-retorna-trabalhos-legislativos-no-proximo-dia-2","status":"publish","type":"post","link":"https:\/\/cbxonline.com.br\/index.php\/2024\/01\/30\/camara-de-salvador-retorna-trabalhos-legislativos-no-proximo-dia-2\/","title":{"rendered":"C\u00e2mara de Salvador retorna trabalhos legislativos no pr\u00f3ximo dia 2"},"content":{"rendered":"\n<p>A C\u00e2mara Municipal de Salvador (CMS) vai retomar os trabalhos legislativos na pr\u00f3xima sexta-feira, 2, com a tradiconal\u00a0leitura da Mensagem do Executivo feita pelo prefeito Bruno Reis (Uni\u00e3o Brasil) para o ano de 2024. A sess\u00e3o ser\u00e1 conduzida pelo presidente Carlos Muniz (PSDB). A sess\u00e3o est\u00e1 marcada para\u00a0 \u00e0s 9h, no plen\u00e1rio Cosme de Farias.\u00a0<\/p>\n\n\n\n<p>\u201cNo ano de 2023, a C\u00e2mara de Salvador apreciou importantes projetos do Executivo e dos vereadores. S\u00e3o marcos legais que impactam na melhoria da qualidade de vida da popula\u00e7\u00e3o soteropolitana\u201d, afirmou Muniz.<\/p>\n\n\n\n<p>De acordo com o chefe do Legislativo de Salvador, a aprecia\u00e7\u00e3o das mat\u00e9rias continuar\u00e1 de forma c\u00e9lere, quando necess\u00e1ria, por\u00e9m, criteriosa. N\u00e3o abrimos m\u00e3o de discutir as mat\u00e9rias de interesse da cidade com a popula\u00e7\u00e3o soteropolitana.\u00a0<\/p>\n\n\n\n<p>&#8220;A C\u00e2mara continuar\u00e1 realizando audi\u00eancias p\u00fablicas e discutindo nas comiss\u00f5es os projetos. Afinal, a participa\u00e7\u00e3o popular e o parecer, inclusive jur\u00eddico, s\u00e3o muitos importantes na aprecia\u00e7\u00e3o das mat\u00e9rias. Pois, sabemos que as leis, influenciam no cotidiano dos cidad\u00e3os\u201d, informou Muniz.<\/p>\n\n\n\n<p><strong>Muito trabalho<\/strong><\/p>\n\n\n\n<p>O presidente acrescenta: \u201cTeremos mais um ano de muito trabalho e, como vem ocorrendo nas legislaturas passadas, estaremos debru\u00e7ados nos projetos de interesse do povo de Salvador, analisando com crit\u00e9rio t\u00e9cnico e, sobretudo, constitucional, todas as mat\u00e9rias que tramitam nas comiss\u00f5es tem\u00e1ticas da C\u00e2mara, e apreciar em plen\u00e1rio\u201d.<\/p>\n\n\n\n<p>\u201cEstamos vigilantes \u00e0s necessidades da cidade e, mantendo uma postura independente e um di\u00e1logo construtivo com o Executivo, preservaremos a harmonia entre os poderes republicanos. Assim, esperamos ter uma das legislaturas mais produtivas, sempre com o foco em atender \u00e0s demandas que buscam aprimorar a qualidade de vida do povo de Salvador\u201d, conclui Muniz.<\/p>\n\n\n\n<p>Fonte: A Tarde <\/p>\n","protected":false},"excerpt":{"rendered":"<p>A C\u00e2mara Municipal de Salvador (CMS) vai retomar os trabalhos legislativos na pr\u00f3xima sexta-feira, 2, com a tradiconal\u00a0leitura da Mensagem do Executivo feita pelo prefeito Bruno Reis (Uni\u00e3o Brasil) para o ano de 2024. A sess\u00e3o ser\u00e1 conduzida pelo presidente Carlos Muniz (PSDB). A sess\u00e3o est\u00e1 marcada para\u00a0 \u00e0s 9h, no plen\u00e1rio Cosme de Farias.\u00a0 [&hellip;]<\/p>\n","protected":false},"author":2,"featured_media":7810,"comment_status":"open","ping_status":"open","sticky":false,"template":"","format":"standard","meta":{"jnews-multi-image_gallery":[],"jnews_single_post":{"subtitle":"","format":"standard","video":"","gallery":"","source_name":"","source_url":"","via_name":"","via_url":"","override_template":"0","override":[{"template":"1","single_blog_custom":"","parallax":"1","fullscreen":"1","layout":"right-sidebar","sidebar":"default-sidebar","second_sidebar":"default-sidebar","sticky_sidebar":"1","share_position":"top","share_float_style":"share-monocrhome","show_share_counter":"0","show_view_counter":"0","show_featured":"1","show_post_meta":"1","show_post_author":"0","show_post_author_image":"1","show_post_date":"1","post_date_format":"default","post_date_format_custom":"Y\/m\/d","show_post_category":"1","show_post_reading_time":"0","post_reading_time_wpm":"300","show_zoom_button":"0","zoom_button_out_step":"2","zoom_button_in_step":"3","show_post_tag":"1","show_prev_next_post":"1","show_popup_post":"1","number_popup_post":"1","show_author_box":"0","show_post_related":"0","show_inline_post_related":"0"}],"override_image_size":"0","image_override":[{"single_post_thumbnail_size":"no-crop","single_post_gallery_size":"crop-715"}],"trending_post":"0","trending_post_position":"meta","trending_post_label":"Trending","sponsored_post":"0","sponsored_post_label":"Sponsored by","sponsored_post_name":"","sponsored_post_url":"","sponsored_post_logo_enable":"0","sponsored_post_logo":"","sponsored_post_desc":"","disable_ad":"0"},"jnews_primary_category":{"id":"","hide":""},"footnotes":""},"categories":[85],"tags":[],"class_list":["post-7809","post","type-post","status-publish","format-standard","has-post-thumbnail","hentry","category-noticias"],"_links":{"self":[{"href":"https:\/\/cbxonline.com.br\/index.php\/wp-json\/wp\/v2\/posts\/7809","targetHints":{"allow":["GET"]}}],"collection":[{"href":"https:\/\/cbxonline.com.br\/index.php\/wp-json\/wp\/v2\/posts"}],"about":[{"href":"https:\/\/cbxonline.com.br\/index.php\/wp-json\/wp\/v2\/types\/post"}],"author":[{"embeddable":true,"href":"https:\/\/cbxonline.com.br\/index.php\/wp-json\/wp\/v2\/users\/2"}],"replies":[{"embeddable":true,"href":"https:\/\/cbxonline.com.br\/index.php\/wp-json\/wp\/v2\/comments?post=7809"}],"version-history":[{"count":1,"href":"https:\/\/cbxonline.com.br\/index.php\/wp-json\/wp\/v2\/posts\/7809\/revisions"}],"predecessor-version":[{"id":7811,"href":"https:\/\/cbxonline.com.br\/index.php\/wp-json\/wp\/v2\/posts\/7809\/revisions\/7811"}],"wp:featuredmedia":[{"embeddable":true,"href":"https:\/\/cbxonline.com.br\/index.php\/wp-json\/wp\/v2\/media\/7810"}],"wp:attachment":[{"href":"https:\/\/cbxonline.com.br\/index.php\/wp-json\/wp\/v2\/media?parent=7809"}],"wp:term":[{"taxonomy":"category","embeddable":true,"href":"https:\/\/cbxonline.com.br\/index.php\/wp-json\/wp\/v2\/categories?post=7809"},{"taxonomy":"post_tag","embeddable":true,"href":"https:\/\/cbxonline.com.br\/index.php\/wp-json\/wp\/v2\/tags?post=7809"}],"curies":[{"name":"wp","href":"https:\/\/api.w.org\/{rel}","templated":true}]}}