{"id":7734,"date":"2024-01-29T11:19:55","date_gmt":"2024-01-29T14:19:55","guid":{"rendered":"https:\/\/cbxonline.com.br\/?p=7734"},"modified":"2024-01-29T11:19:57","modified_gmt":"2024-01-29T14:19:57","slug":"parana-ve-doses-insuficientes-e-pede-mais-vacinas-contra-a-dengue","status":"publish","type":"post","link":"https:\/\/cbxonline.com.br\/index.php\/2024\/01\/29\/parana-ve-doses-insuficientes-e-pede-mais-vacinas-contra-a-dengue\/","title":{"rendered":"Paran\u00e1 v\u00ea doses insuficientes e pede mais vacinas contra a dengue"},"content":{"rendered":"\n<p>A Secretaria de Sa\u00fade do Paran\u00e1 enviou of\u00edcio ao Minist\u00e9rio da Sa\u00fade solicitando mais doses da vacina contra a dengue. Em nota, a secretaria informou que o primeiro lote para o estado contempla \u201capenas 30 munic\u00edpios\u201d. \u201cAs doses s\u00e3o insuficientes diante do cen\u00e1rio epid\u00eamico. O estado tem 16.693 casos confirmados em 279 munic\u00edpios dentro do atual ciclo epidemiol\u00f3gico\u201d.<\/p>\n\n\n\n<p>De acordo com o comunicado, o Paran\u00e1 \u00e9 o terceiro estado brasileiro com o maior n\u00famero de casos, mas aparece em quarto em n\u00famero de munic\u00edpios contemplados pela vacina, atr\u00e1s de Goi\u00e1s (134), Bahia (115) e Mato Grosso do Sul (79). \u201cEsta realidade tem que ser considerada pelo Minist\u00e9rio da Sa\u00fade para o incremento das doses. O n\u00famero de doses ainda n\u00e3o foi divulgado\u201d.<\/p>\n\n\n\n<p>O of\u00edcio informa que o Paran\u00e1 pode iniciar a imuniza\u00e7\u00e3o a qualquer momento, antes mesmo de fevereiro, previs\u00e3o dada pelo governo federal. O esquema da dengue \u00e9 composto por duas doses com intervalo de tr\u00eas meses entre elas. No Paran\u00e1, a estimativa do p\u00fablico-alvo definido pelo minist\u00e9rio \u2013 crian\u00e7as e adolescentes de 10 a 14 anos \u2013 \u00e9 de 86.836 pessoas.<\/p>\n\n\n\n<p>A Ag\u00eancia Brasil entrou em contato com o Minist\u00e9rio da Sa\u00fade e n\u00e3o obteve resposta at\u00e9 o fechamento desta mat\u00e9ria.<\/p>\n\n\n\n<p>Fonte: Varela Net <\/p>\n","protected":false},"excerpt":{"rendered":"<p>A Secretaria de Sa\u00fade do Paran\u00e1 enviou of\u00edcio ao Minist\u00e9rio da Sa\u00fade solicitando mais doses da vacina contra a dengue. Em nota, a secretaria informou que o primeiro lote para o estado contempla \u201capenas 30 munic\u00edpios\u201d. \u201cAs doses s\u00e3o insuficientes diante do cen\u00e1rio epid\u00eamico. O estado tem 16.693 casos confirmados em 279 munic\u00edpios dentro do [&hellip;]<\/p>\n","protected":false},"author":2,"featured_media":7735,"comment_status":"open","ping_status":"open","sticky":false,"template":"","format":"standard","meta":{"jnews-multi-image_gallery":[],"jnews_single_post":{"subtitle":"","format":"standard","video":"","gallery":"","source_name":"","source_url":"","via_name":"","via_url":"","override_template":"0","override":[{"template":"1","single_blog_custom":"","parallax":"1","fullscreen":"1","layout":"right-sidebar","sidebar":"default-sidebar","second_sidebar":"default-sidebar","sticky_sidebar":"1","share_position":"top","share_float_style":"share-monocrhome","show_share_counter":"0","show_view_counter":"0","show_featured":"1","show_post_meta":"1","show_post_author":"0","show_post_author_image":"1","show_post_date":"1","post_date_format":"default","post_date_format_custom":"Y\/m\/d","show_post_category":"1","show_post_reading_time":"0","post_reading_time_wpm":"300","show_zoom_button":"0","zoom_button_out_step":"2","zoom_button_in_step":"3","show_post_tag":"1","show_prev_next_post":"1","show_popup_post":"1","number_popup_post":"1","show_author_box":"0","show_post_related":"0","show_inline_post_related":"0"}],"override_image_size":"0","image_override":[{"single_post_thumbnail_size":"no-crop","single_post_gallery_size":"crop-715"}],"trending_post":"0","trending_post_position":"meta","trending_post_label":"Trending","sponsored_post":"0","sponsored_post_label":"Sponsored by","sponsored_post_name":"","sponsored_post_url":"","sponsored_post_logo_enable":"0","sponsored_post_logo":"","sponsored_post_desc":"","disable_ad":"0"},"jnews_primary_category":{"id":"","hide":""},"footnotes":""},"categories":[94],"tags":[],"class_list":["post-7734","post","type-post","status-publish","format-standard","has-post-thumbnail","hentry","category-saude-2"],"_links":{"self":[{"href":"https:\/\/cbxonline.com.br\/index.php\/wp-json\/wp\/v2\/posts\/7734","targetHints":{"allow":["GET"]}}],"collection":[{"href":"https:\/\/cbxonline.com.br\/index.php\/wp-json\/wp\/v2\/posts"}],"about":[{"href":"https:\/\/cbxonline.com.br\/index.php\/wp-json\/wp\/v2\/types\/post"}],"author":[{"embeddable":true,"href":"https:\/\/cbxonline.com.br\/index.php\/wp-json\/wp\/v2\/users\/2"}],"replies":[{"embeddable":true,"href":"https:\/\/cbxonline.com.br\/index.php\/wp-json\/wp\/v2\/comments?post=7734"}],"version-history":[{"count":1,"href":"https:\/\/cbxonline.com.br\/index.php\/wp-json\/wp\/v2\/posts\/7734\/revisions"}],"predecessor-version":[{"id":7736,"href":"https:\/\/cbxonline.com.br\/index.php\/wp-json\/wp\/v2\/posts\/7734\/revisions\/7736"}],"wp:featuredmedia":[{"embeddable":true,"href":"https:\/\/cbxonline.com.br\/index.php\/wp-json\/wp\/v2\/media\/7735"}],"wp:attachment":[{"href":"https:\/\/cbxonline.com.br\/index.php\/wp-json\/wp\/v2\/media?parent=7734"}],"wp:term":[{"taxonomy":"category","embeddable":true,"href":"https:\/\/cbxonline.com.br\/index.php\/wp-json\/wp\/v2\/categories?post=7734"},{"taxonomy":"post_tag","embeddable":true,"href":"https:\/\/cbxonline.com.br\/index.php\/wp-json\/wp\/v2\/tags?post=7734"}],"curies":[{"name":"wp","href":"https:\/\/api.w.org\/{rel}","templated":true}]}}