{"id":7635,"date":"2024-01-24T11:28:47","date_gmt":"2024-01-24T14:28:47","guid":{"rendered":"https:\/\/cbxonline.com.br\/?p=7635"},"modified":"2024-01-24T11:28:49","modified_gmt":"2024-01-24T14:28:49","slug":"apos-elogiar-lula-e-ser-criticado-valdemar-diz-que-presidente-nao-chega-aos-pes-de-bolsonaro","status":"publish","type":"post","link":"https:\/\/cbxonline.com.br\/index.php\/2024\/01\/24\/apos-elogiar-lula-e-ser-criticado-valdemar-diz-que-presidente-nao-chega-aos-pes-de-bolsonaro\/","title":{"rendered":"Ap\u00f3s elogiar Lula e ser criticado, Valdemar diz que presidente &#8216;n\u00e3o chega aos p\u00e9s&#8217; de Bolsonaro"},"content":{"rendered":"\n<p>Valdemar Costa Neto, presidente do Partido Liberal (PL), publicou na noite desta ter\u00e7a-feira, 23, um v\u00eddeo em que se desvincula dos elogios que havia conferido \u00e0s gest\u00f5es anteriores de Luiz In\u00e1cio Lula da Silva (PT). &#8220;Me criticaram porque eu disse que o atual mandat\u00e1rio era popular no passado. Mas ele n\u00e3o chega aos p\u00e9s do que Bolsonaro representa&#8221;, disse Costa Neto, dirigente da sigla que abriga o ex-presidente Jair Bolsonaro. Na semana passada, o trecho de uma entrevista em que Valdemar elogia o &#8220;prest\u00edgio&#8221; de Lula repercutiu nas redes sociais e gerou mal-estar dentro do PL.<\/p>\n\n\n\n<p id=\"paragrafo-yhhqbi18a3\">&#8220;Lula n\u00e3o tem compara\u00e7\u00e3o com Bolsonaro, completamente diferente&#8221;, afirmou Valdemar ao jornal regional O Di\u00e1rio. A entrevista foi concedida ao jornalista Darwin Valente em 15 de dezembro de 2023, mas o trecho s\u00f3 repercutiu semanas depois. Al\u00e9m de dizer que n\u00e3o havia compara\u00e7\u00e3o entre os mandat\u00e1rios, Valdemar disse que Lula &#8220;foi bem no governo&#8221; e que havia sido julgado por um juiz que &#8220;superou os limites da lei&#8221;, aludindo ao senador Sergio Moro (Uni\u00e3o Brasil-PR).<\/p>\n\n\n\n<p id=\"paragrafo-355qbb5m6s\">O trecho foi mal recebido por setores no PL ligados ao ex-presidente. Jair Bolsonaro ficou indignado com os elogios a Lula e falou em &#8220;implos\u00e3o&#8221; do partido diante das &#8220;declara\u00e7\u00f5es absurdas&#8221;. &#8220;Essa semana tive um problema s\u00e9rio, n\u00e3o vou falar com quem&#8230; \u2018\u00d3, se continuar assim, voc\u00ea vai implodir o partido\u2019 Pessoa do partido dando declara\u00e7\u00e3o absurda. Como &#8216;o Lula \u00e9 extremamente popular&#8217;. Manda ele vir tomar um 51 ali na esquina. N\u00e3o vem&#8221;, disse Bolsonaro em conversa com apoiadores em Angra do Reis, na regi\u00e3o dos Lagos do Rio de Janeiro.<\/p>\n\n\n\n<p id=\"paragrafo-8c4tac3dyv\">No v\u00eddeo publicado na noite desta ter\u00e7a-feira, Valdemar buscou abafar quaisquer rumores de &#8220;implos\u00e3o&#8221;. &#8220;O PL escolheu o presidente Bolsonaro, e isso \u00e9 irrevers\u00edvel&#8221;, disse o presidente da sigla.<\/p>\n\n\n\n<p id=\"paragrafo-iqfbqgnjus\">Procurado na manh\u00e3 em que o trecho da entrevista repercutiu, Valdemar alegou que a montagem do v\u00eddeo desfavorecia os elogios que ele havia feito a Bolsonaro. Ao dizer que n\u00e3o havia compara\u00e7\u00e3o entre os dois, explicou Costa Neto, ele apenas contrapunha dois tipos de &#8220;prest\u00edgio&#8221;: o de Lula, com &#8220;popularidade&#8221;, e o de Bolsonaro, l\u00edder de &#8220;carisma&#8221;.<\/p>\n\n\n\n<p id=\"paragrafo-karsg0jh9m\">Quanto \u00e0 declara\u00e7\u00e3o de que Lula havia feito uma boa gest\u00e3o, afirmou que n\u00e3o poderia faltar com a verdade. &#8220;Eu n\u00e3o ia falar uma mentira sobre o Lula, sen\u00e3o eu perco a credibilidade&#8221;, disse Valdemar Costa Neto ao Estad\u00e3o. &#8220;Tem gente da direita que n\u00e3o se conforma com isso, mas eu n\u00e3o posso falar mal de um presidente do qual participamos do governo.&#8221;<\/p>\n\n\n\n<p id=\"paragrafo-0j9w3mafnr\">De 2003 a 2010, o vice-presidente de Lula foi Jos\u00e9 Alencar, que integrava o partido de Valdemar, o PL. Entre 2006 e 2019, vale lembrar, o grupo mudou de nome para &#8220;Partido da Rep\u00fablica&#8221; e adotou a sigla PR. No v\u00eddeo em que se retrata sobre o elogio ao atual presidente, Costa Neto argumenta que os conchavos pol\u00edticos de outrora n\u00e3o correspondiam \u00e0s amarras ideol\u00f3gicas atuais.<\/p>\n\n\n\n<p id=\"paragrafo-0y675yjn3v\">&#8220;O Jos\u00e9 Alencar, um pol\u00edtico mais liberal, se aliou ao Lula para se contrapor ao FHC. Antes, era assim&#8221;, disse Valdemar. &#8220;Antes do Bolsonaro, a pol\u00edtica era diferente&#8221;, afirmou.<\/p>\n\n\n\n<p>Fonte: Jornal Correio <\/p>\n","protected":false},"excerpt":{"rendered":"<p>Valdemar Costa Neto, presidente do Partido Liberal (PL), publicou na noite desta ter\u00e7a-feira, 23, um v\u00eddeo em que se desvincula dos elogios que havia conferido \u00e0s gest\u00f5es anteriores de Luiz In\u00e1cio Lula da Silva (PT). &#8220;Me criticaram porque eu disse que o atual mandat\u00e1rio era popular no passado. Mas ele n\u00e3o chega aos p\u00e9s do [&hellip;]<\/p>\n","protected":false},"author":2,"featured_media":7636,"comment_status":"open","ping_status":"open","sticky":false,"template":"","format":"standard","meta":{"jnews-multi-image_gallery":[],"jnews_single_post":{"subtitle":"","format":"standard","video":"","gallery":"","source_name":"","source_url":"","via_name":"","via_url":"","override_template":"0","override":[{"template":"1","single_blog_custom":"","parallax":"1","fullscreen":"1","layout":"right-sidebar","sidebar":"default-sidebar","second_sidebar":"default-sidebar","sticky_sidebar":"1","share_position":"top","share_float_style":"share-monocrhome","show_share_counter":"0","show_view_counter":"0","show_featured":"1","show_post_meta":"1","show_post_author":"0","show_post_author_image":"1","show_post_date":"1","post_date_format":"default","post_date_format_custom":"Y\/m\/d","show_post_category":"1","show_post_reading_time":"0","post_reading_time_wpm":"300","show_zoom_button":"0","zoom_button_out_step":"2","zoom_button_in_step":"3","show_post_tag":"1","show_prev_next_post":"1","show_popup_post":"1","number_popup_post":"1","show_author_box":"0","show_post_related":"0","show_inline_post_related":"0"}],"override_image_size":"0","image_override":[{"single_post_thumbnail_size":"no-crop","single_post_gallery_size":"crop-715"}],"trending_post":"0","trending_post_position":"meta","trending_post_label":"Trending","sponsored_post":"0","sponsored_post_label":"Sponsored by","sponsored_post_name":"","sponsored_post_url":"","sponsored_post_logo_enable":"0","sponsored_post_logo":"","sponsored_post_desc":"","disable_ad":"0"},"jnews_primary_category":{"id":"","hide":""},"footnotes":""},"categories":[91],"tags":[],"class_list":["post-7635","post","type-post","status-publish","format-standard","has-post-thumbnail","hentry","category-politica"],"_links":{"self":[{"href":"https:\/\/cbxonline.com.br\/index.php\/wp-json\/wp\/v2\/posts\/7635","targetHints":{"allow":["GET"]}}],"collection":[{"href":"https:\/\/cbxonline.com.br\/index.php\/wp-json\/wp\/v2\/posts"}],"about":[{"href":"https:\/\/cbxonline.com.br\/index.php\/wp-json\/wp\/v2\/types\/post"}],"author":[{"embeddable":true,"href":"https:\/\/cbxonline.com.br\/index.php\/wp-json\/wp\/v2\/users\/2"}],"replies":[{"embeddable":true,"href":"https:\/\/cbxonline.com.br\/index.php\/wp-json\/wp\/v2\/comments?post=7635"}],"version-history":[{"count":1,"href":"https:\/\/cbxonline.com.br\/index.php\/wp-json\/wp\/v2\/posts\/7635\/revisions"}],"predecessor-version":[{"id":7637,"href":"https:\/\/cbxonline.com.br\/index.php\/wp-json\/wp\/v2\/posts\/7635\/revisions\/7637"}],"wp:featuredmedia":[{"embeddable":true,"href":"https:\/\/cbxonline.com.br\/index.php\/wp-json\/wp\/v2\/media\/7636"}],"wp:attachment":[{"href":"https:\/\/cbxonline.com.br\/index.php\/wp-json\/wp\/v2\/media?parent=7635"}],"wp:term":[{"taxonomy":"category","embeddable":true,"href":"https:\/\/cbxonline.com.br\/index.php\/wp-json\/wp\/v2\/categories?post=7635"},{"taxonomy":"post_tag","embeddable":true,"href":"https:\/\/cbxonline.com.br\/index.php\/wp-json\/wp\/v2\/tags?post=7635"}],"curies":[{"name":"wp","href":"https:\/\/api.w.org\/{rel}","templated":true}]}}