{"id":7596,"date":"2024-01-23T14:33:10","date_gmt":"2024-01-23T17:33:10","guid":{"rendered":"https:\/\/cbxonline.com.br\/?p=7596"},"modified":"2024-01-23T14:33:12","modified_gmt":"2024-01-23T17:33:12","slug":"com-investimento-milionario-nos-blocos-afro-e-afoxes-prefeitura-lanca-programacao-do-carnaval","status":"publish","type":"post","link":"https:\/\/cbxonline.com.br\/index.php\/2024\/01\/23\/com-investimento-milionario-nos-blocos-afro-e-afoxes-prefeitura-lanca-programacao-do-carnaval\/","title":{"rendered":"Com investimento milion\u00e1rio nos blocos Afro e Afox\u00e9s, prefeitura lan\u00e7a programa\u00e7\u00e3o do Carnaval"},"content":{"rendered":"\n<p>A Prefeitura de Salvador lan\u00e7ou nesta ter\u00e7a-feira (23) a programa\u00e7\u00e3o do Carnaval 2024, que ter\u00e1 o tema Salvador Capital Afro, exaltando a cultura afro-brasileira da capital baiana. A apresenta\u00e7\u00e3o ocorreu na Senzala do Barro Preto, sede do Il\u00ea Aiy\u00ea, primeiro bloco Afro da folia, que est\u00e1 completando 50 anos. Para a festa deste ano, o Munic\u00edpio est\u00e1 investindo mais de R$8 milh\u00f5es nos blocos Afro e Afox\u00e9s, al\u00e9m de apoiar 130 entidades de matriz africana independentes.<\/p>\n\n\n\n<p>O evento teve a presen\u00e7a do prefeito Bruno Reis e de autoridades municipais ao lado de artistas, produtores culturais e lideran\u00e7as negras da Bahia. Em 2024, a maior festa do planeta volta a investir no movimento Cole no Centro, com diversos palcos tem\u00e1ticos e atra\u00e7\u00f5es \u2018pipoca\u2019 entre o Campo Grande e o Pelourinho. A abertura oficial do Carnaval, por sinal, ser\u00e1 na Pra\u00e7a Castro Alves, com um encontro dos trios de Ivete Sangalo, Carlinhos Brown, BaianaSystem e Il\u00ea Aiy\u00ea. O evento ocorre na quinta-feira (8), a partir das 16h.<\/p>\n\n\n\n<p>Bruno Reis disse que este Carnaval vem para coroar uma estrat\u00e9gia constru\u00edda desde o in\u00edcio do seu mandato: \u201cN\u00e3o poderia ser outro o tema, que n\u00e3o Salvador Capital Afro. N\u00e3o poderiam ser outras as nossas homenagens, que n\u00e3o aos blocos Afro. O ano de 2023 foi para a gente resgatar o Carnaval do Centro, hist\u00f3rico da nossa cidade. Muitos diziam que a festa do Centro ia acabar, e n\u00f3s mudamos essa l\u00f3gica. Fizemos, no ano passado, um grande Carnaval no Centro\u201d, disse.<\/p>\n\n\n\n<p>\u201cJ\u00e1 em 2024, chegou a hora de render homenagens e de agradecer aos blocos Afro de Salvador por tudo o que eles representam e pelas transforma\u00e7\u00f5es que eles fazem nas suas comunidades. E a\u00ed est\u00e1 o nosso legado para os blocos Afro. Foram mais de R$8 milh\u00f5es em investimento\u201d, completou, ao destacar que nos dois primeiros anos da sua gest\u00e3o a festa n\u00e3o ocorreu por causa da pandemia.<\/p>\n\n\n\n<p><strong>Capital Afro<\/strong>&nbsp;\u2013 Al\u00e9m do investimento direto, a Prefeitura isenta as entidades de tributos como ISS, IPTU e TFF. \u201cAntigamente, se cobrava dos blocos at\u00e9 taxa de licenciamento para desfilar. Agora a isen\u00e7\u00e3o est\u00e1 na lei. Independentemente de quem venha a ser o prefeito, jamais os blocos Afro v\u00e3o precisar pagar qualquer valor para desfilar, levar sua beleza para a Avenida. Isso, sim, \u00e9 valorizar a hist\u00f3ria. Porque estamos cheios de discurso, promessas, palavras que se perdem ao vento\u201d, disse Bruno Reis.<\/p>\n\n\n\n<p>Fundador do Il\u00ea Aiy\u00ea h\u00e1 50 anos, Vov\u00f4 do Il\u00ea celebrou a \u00eanfase na cultura negra e o apoio constante, que n\u00e3o ocorre apenas na folia. \u201cEstou muito feliz, prefeito, porque finalmente Salvador est\u00e1 assumindo a sua cara preta. \u00c9 muito bonito dizer que aqui \u00e9 a Roma Negra, mas chegar nos eventos e parecer que estamos em uma cidade europeia. O bloco Afro n\u00e3o \u00e9 s\u00f3 Carnaval, pois todo bloco desenvolve atividades sociais na sua comunidade\u201d, disse.<\/p>\n\n\n\n<p>Pedro Tourinho, secret\u00e1rio municipal de Cultura e Turismo (Secult), destacou o primeiro lugar que Salvador conseguiu em pesquisa divulgada pelo Minist\u00e9rio do Turismo com os destinos mais desejados do pa\u00eds para 2024. Segundo ele, isso ocorre porque a cidade se reposicionou no mundo como Capital Afro.<\/p>\n\n\n\n<p>\u201cQual \u00e9 a diferen\u00e7a de 2024 para antes? O que \u00e9 que mudou? Salvador Capital Afro. Foi o investimento na origem, na for\u00e7a ancestral, e n\u00e3o \u00e9 s\u00f3 simbolicamente. Representatividade e simbologia s\u00e3o muito importantes, mas tamb\u00e9m investir, trabalhar a prosperidade, conseguir mais recursos e criar ferramentas para que os blocos e as entidades sejam sustent\u00e1veis\u201d, disse.<\/p>\n\n\n\n<p>Por isso mesmo, a marca do Carnaval 2024 ressalta o lado negro de Salvador. \u201cPor uma orienta\u00e7\u00e3o do prefeito Bruno Reis, a prefeitura de Salvador abra\u00e7a no seu logotipo e na sua identidade o projeto Capital Afro em homenagem aos 50 anos dos blocos Afro. E n\u00f3s estamos aqui na sede do Il\u00ea para refor\u00e7ar que n\u00e3o \u00e9 s\u00f3 uma a\u00e7\u00e3o de comunica\u00e7\u00e3o, n\u00e3o \u00e9 s\u00f3 uma festa de Carnaval; \u00e9 um compromisso para o ano inteiro\u201d, completou Tourinho.<\/p>\n\n\n\n<p><strong>Hist\u00f3rico<\/strong>&nbsp;\u2013 Segundo o presidente da Empresa Salvador Turismo (Saltur), Isaac Edington, o investimento no Carnaval 2024 deve superar em torno de 30% do que foi realizado nos anos anteriores. A expectativa \u00e9 de R$2 bilh\u00f5es injetados na economia da cidade durante o per\u00edodo e mais de 1 milh\u00e3o de turistas.<\/p>\n\n\n\n<p>\u201cA gente pegou tudo o que deu certo nos \u00faltimos anos e estamos fortalecendo. De forma mais ampliada, diversificamos e investimos no Carnaval do Centro, com o novo palco Salvador Capital Afro, e um novo espa\u00e7o no Dois de Julho. Todos esses palcos v\u00e3o ser refor\u00e7ados com atra\u00e7\u00f5es. Vamos ter um Carnaval no Centro como nunca antes na hist\u00f3ria da cidade, com atra\u00e7\u00f5es do quilate de L\u00e9o Santana, Ivete Sangalo, Psirico e tantos outros, que v\u00e3o se apresentar para o foli\u00e3o pipoca\u201d, disse Edington.<\/p>\n\n\n\n<p>Ao longo dos cinco dias de pr\u00e9-Carnaval e dos seis dias oficiais da festa, ser\u00e3o mais de 2,7 mil horas de m\u00fasica e 1,1 mil atra\u00e7\u00f5es. Al\u00e9m dos circuitos oficiais Dod\u00f4 (Barra\/Ondina), Osmar (Campo Grande), Batatinha (Pelourinho), M\u00e3e Hilda (Liberdade), Mestre Bimba (Nordeste) e Riach\u00e3o (Garcia), a Prefeitura vai montar palcos em 10 bairros e nas tr\u00eas ilhas.<\/p>\n\n\n\n<p><strong>Pr\u00e9-Carnaval<\/strong>&nbsp;\u2013 A festa come\u00e7a no dia 3 de fevereiro, s\u00e1bado, com o Fuzu\u00ea, que levar\u00e1 42 atra\u00e7\u00f5es para o circuito Orlando Tapaj\u00f3s (do Clube Espanhol ao Farol da Barra). Todas desfilam no ch\u00e3o, sem equipamentos eletr\u00f4nicos. No dia seguinte, domingo, ocorre no mesmo percurso o Furdun\u00e7o, que reunir\u00e1 52 artistas em trios de pequeno e m\u00e9dio portes.<\/p>\n\n\n\n<p>No dia 5, ocorre uma das novidades de 2024. Xanddy Harmonia vai levar para o p\u00fablico, de gra\u00e7a, um dos maiores eventos de ensaios de ver\u00e3o de Salvador: A Melhor Segunda-Feira do Mundo. O trio pipoca sai da Ondina at\u00e9 o Farol da Barra. No dia 6, no mesmo percurso, \u00e9 a vez de L\u00e9o Santana realizar o Pipoco, tamb\u00e9m de gra\u00e7a. J\u00e1 na quarta-feira, dia 7, os bloquinhos de fanfarra finalizam o pr\u00e9-Carnaval com o circuito S\u00e9rgio Bezerra, do Farol da Barra at\u00e9 o Morro do Cristo.<\/p>\n\n\n\n<p><strong>Cole no Centro<\/strong>&nbsp;\u2013 Com o sucesso do ano passado, a Prefeitura repete o investimento para diversificar as atra\u00e7\u00f5es no Centro da cidade. A regi\u00e3o vai receber cinco eventos. S\u00e3o eles o Furdun\u00e7o do Centro, no dia 9, com 18 atra\u00e7\u00f5es em torno do Campo Grande; o P\u00f4r do Sol na Pra\u00e7a Castro Alves, com Pitty, Davi Moraes e Pepeu Gomes; o Desfile de Fantasias de Luxo LGBTQIAPN+, no dia 12, na Pra\u00e7a Municipal, e o After Batekoo, esticando os dias de festa na Pra\u00e7a Castro Alves.<\/p>\n\n\n\n<p>Al\u00e9m disso, o Cole no Centro ter\u00e1 oito palcos tem\u00e1ticos. As novidades s\u00e3o o Palco Salvador Capital Afro, s\u00f3 com artistas da m\u00fasica negra, e o Coreto Colorindo Salvador, com artistas, m\u00fasicos e performistas da comunidade LGBTQIAPN+. Seguem na programa\u00e7\u00e3o os palcos Donas do Som, s\u00f3 com mulheres; o Ax\u00e9 Pel\u00f4, voltado para a tradicional Ax\u00e9 Music; o Varanda da Folia, que tocar\u00e1 entre os intervalos dos trios do Campo Grande; o Palco Multicultural, com diferentes estilos musicais; a Arena do Samba, para o ritmo baiano; e o Coreto das Orquestras.<\/p>\n\n\n\n<p>O Circuito Osmar estar\u00e1 repleto de blocos pipoca. Al\u00e9m da tradicional Pipoca das Cores de Saulo, Ivete Sangalo vai se apresentar de gra\u00e7a na Super Ter\u00e7a, fechando o Carnaval. Tamb\u00e9m saem em trios sem corda Psirico, Xanddy Harmonia, L\u00e9o Santana, Parangol\u00e9, Oh Pol\u00eamico, La Furia, O Poeta, Thiago Aquino, O Kannalha, Timbalada, entre outros.<\/p>\n\n\n\n<p><strong>Bairros<\/strong>\u00a0\u2013 Mais uma vez, a Prefeitura vai levar o Carnaval at\u00e9 os bairros de Salvador, com palcos montados em Cajazeiras, Itapu\u00e3, Boca do Rio, Plataforma, Pau da Lima, Periperi, Liberdade e nas tr\u00eas ilhas. Al\u00e9m disso, o Espa\u00e7o Mix, com atra\u00e7\u00f5es de diferentes estilos musicais, ser\u00e1 a atra\u00e7\u00e3o do Largo da Mariquita, no Rio Vermelho.<\/p>\n\n\n\n<p>Como novidade, o Parque da Cidade, no Itaigara, vai receber o palco Bailinho da Cidade, com atra\u00e7\u00f5es voltadas especialmente para as crian\u00e7as, entre os dias 10 e 11. Tamb\u00e9m como parte da programa\u00e7\u00e3o, o tradicional Palco do Rock reunir\u00e1 diferentes tribos no bairro de Piat\u00e3.<\/p>\n\n\n\n<p><strong>Apoio<\/strong>\u00a0\u2013 O Carnaval 2024 \u00e9 patrocinado por Brahma, Beats, Aposta Ganha, Guaran\u00e1 Antarctica, iFood, Mercado Pago, 99 Moto, Z\u00e9 Delivery e apoio da Rede Bahia.<\/p>\n\n\n\n<p>Fonte: Bahia.Ba <\/p>\n","protected":false},"excerpt":{"rendered":"<p>A Prefeitura de Salvador lan\u00e7ou nesta ter\u00e7a-feira (23) a programa\u00e7\u00e3o do Carnaval 2024, que ter\u00e1 o tema Salvador Capital Afro, exaltando a cultura afro-brasileira da capital baiana. A apresenta\u00e7\u00e3o ocorreu na Senzala do Barro Preto, sede do Il\u00ea Aiy\u00ea, primeiro bloco Afro da folia, que est\u00e1 completando 50 anos. Para a festa deste ano, o [&hellip;]<\/p>\n","protected":false},"author":2,"featured_media":7597,"comment_status":"open","ping_status":"open","sticky":false,"template":"","format":"standard","meta":{"jnews-multi-image_gallery":[],"jnews_single_post":{"subtitle":"","format":"standard","video":"","gallery":"","source_name":"","source_url":"","via_name":"","via_url":"","override_template":"0","override":[{"template":"1","single_blog_custom":"","parallax":"1","fullscreen":"1","layout":"right-sidebar","sidebar":"default-sidebar","second_sidebar":"default-sidebar","sticky_sidebar":"1","share_position":"top","share_float_style":"share-monocrhome","show_share_counter":"0","show_view_counter":"0","show_featured":"1","show_post_meta":"1","show_post_author":"0","show_post_author_image":"1","show_post_date":"1","post_date_format":"default","post_date_format_custom":"Y\/m\/d","show_post_category":"1","show_post_reading_time":"0","post_reading_time_wpm":"300","show_zoom_button":"0","zoom_button_out_step":"2","zoom_button_in_step":"3","show_post_tag":"1","show_prev_next_post":"1","show_popup_post":"1","number_popup_post":"1","show_author_box":"0","show_post_related":"0","show_inline_post_related":"0"}],"override_image_size":"0","image_override":[{"single_post_thumbnail_size":"no-crop","single_post_gallery_size":"crop-715"}],"trending_post":"0","trending_post_position":"meta","trending_post_label":"Trending","sponsored_post":"0","sponsored_post_label":"Sponsored by","sponsored_post_name":"","sponsored_post_url":"","sponsored_post_logo_enable":"0","sponsored_post_logo":"","sponsored_post_desc":"","disable_ad":"0"},"jnews_primary_category":{"id":"","hide":""},"footnotes":""},"categories":[98],"tags":[],"class_list":["post-7596","post","type-post","status-publish","format-standard","has-post-thumbnail","hentry","category-carnaval"],"_links":{"self":[{"href":"https:\/\/cbxonline.com.br\/index.php\/wp-json\/wp\/v2\/posts\/7596","targetHints":{"allow":["GET"]}}],"collection":[{"href":"https:\/\/cbxonline.com.br\/index.php\/wp-json\/wp\/v2\/posts"}],"about":[{"href":"https:\/\/cbxonline.com.br\/index.php\/wp-json\/wp\/v2\/types\/post"}],"author":[{"embeddable":true,"href":"https:\/\/cbxonline.com.br\/index.php\/wp-json\/wp\/v2\/users\/2"}],"replies":[{"embeddable":true,"href":"https:\/\/cbxonline.com.br\/index.php\/wp-json\/wp\/v2\/comments?post=7596"}],"version-history":[{"count":1,"href":"https:\/\/cbxonline.com.br\/index.php\/wp-json\/wp\/v2\/posts\/7596\/revisions"}],"predecessor-version":[{"id":7598,"href":"https:\/\/cbxonline.com.br\/index.php\/wp-json\/wp\/v2\/posts\/7596\/revisions\/7598"}],"wp:featuredmedia":[{"embeddable":true,"href":"https:\/\/cbxonline.com.br\/index.php\/wp-json\/wp\/v2\/media\/7597"}],"wp:attachment":[{"href":"https:\/\/cbxonline.com.br\/index.php\/wp-json\/wp\/v2\/media?parent=7596"}],"wp:term":[{"taxonomy":"category","embeddable":true,"href":"https:\/\/cbxonline.com.br\/index.php\/wp-json\/wp\/v2\/categories?post=7596"},{"taxonomy":"post_tag","embeddable":true,"href":"https:\/\/cbxonline.com.br\/index.php\/wp-json\/wp\/v2\/tags?post=7596"}],"curies":[{"name":"wp","href":"https:\/\/api.w.org\/{rel}","templated":true}]}}