{"id":7534,"date":"2024-01-22T10:34:49","date_gmt":"2024-01-22T13:34:49","guid":{"rendered":"https:\/\/cbxonline.com.br\/?p=7534"},"modified":"2024-01-22T10:34:51","modified_gmt":"2024-01-22T13:34:51","slug":"prefeitura-amplia-atendimentos-do-cadunico-com-acoes-aos-sabados","status":"publish","type":"post","link":"https:\/\/cbxonline.com.br\/index.php\/2024\/01\/22\/prefeitura-amplia-atendimentos-do-cadunico-com-acoes-aos-sabados\/","title":{"rendered":"Prefeitura amplia atendimentos do Cad\u00fanico com a\u00e7\u00f5es aos s\u00e1bados"},"content":{"rendered":"\n<p>A Prefeitura de Salvador, por meio da Secretaria Municipal de Promo\u00e7\u00e3o Social, Combate \u00e0 Pobreza, Esportes de Lazer (Sempre), ampliou o atendimento do Cad\u00fanico, passando tamb\u00e9m a fazer inclus\u00f5es e atualiza\u00e7\u00f5es de cadastros aos s\u00e1bados. Neste s\u00e1bado (20), a equipe recepcionar\u00e1 o p\u00fablico na sede do servi\u00e7o, situada na Rua Miguel Calmon, 28, Com\u00e9rcio, das 8h \u00e0s 12h. Em outras 10 localidades, o servi\u00e7o tamb\u00e9m ser\u00e1 realizado de forma itinerante.<\/p>\n\n\n\n<p><em>\u201cConforme est\u00e1 previsto no Vida Nova, o novo programa da a\u00e7\u00f5es sociais da prefeitura, estamos ampliando o servi\u00e7o de inclus\u00e3o e atualiza\u00e7\u00e3o cadastral de fam\u00edlias em situa\u00e7\u00e3o de pobreza e extrema pobreza no Cad\u00fanico, a fim de que eles possam, a partir do registro, pleitear benef\u00edcios sociais, como o Bolsa Fam\u00edlia, e assim superar situa\u00e7\u00f5es de vulnerabilidade e risco social\u201d<\/em>, disse o secret\u00e1rio J\u00fanior Magalh\u00e3es.<\/p>\n\n\n\n<p>Para o atendimento aos s\u00e1bados, n\u00e3o \u00e9 necess\u00e1rio agendamento. O respons\u00e1vel familiar deve comparecer portando seu documento oficial com foto contendo CPF do e de todos os integrantes que moram na mesma resid\u00eancia e al\u00e9m de comprovante de resid\u00eancia original.<\/p>\n\n\n\n<p>Fonte: Varela Net <\/p>\n","protected":false},"excerpt":{"rendered":"<p>A Prefeitura de Salvador, por meio da Secretaria Municipal de Promo\u00e7\u00e3o Social, Combate \u00e0 Pobreza, Esportes de Lazer (Sempre), ampliou o atendimento do Cad\u00fanico, passando tamb\u00e9m a fazer inclus\u00f5es e atualiza\u00e7\u00f5es de cadastros aos s\u00e1bados. Neste s\u00e1bado (20), a equipe recepcionar\u00e1 o p\u00fablico na sede do servi\u00e7o, situada na Rua Miguel Calmon, 28, Com\u00e9rcio, das [&hellip;]<\/p>\n","protected":false},"author":2,"featured_media":7535,"comment_status":"open","ping_status":"open","sticky":false,"template":"","format":"standard","meta":{"jnews-multi-image_gallery":[],"jnews_single_post":{"subtitle":"","format":"standard","video":"","gallery":"","source_name":"","source_url":"","via_name":"","via_url":"","override_template":"0","override":[{"template":"1","single_blog_custom":"","parallax":"1","fullscreen":"1","layout":"right-sidebar","sidebar":"default-sidebar","second_sidebar":"default-sidebar","sticky_sidebar":"1","share_position":"top","share_float_style":"share-monocrhome","show_share_counter":"0","show_view_counter":"0","show_featured":"1","show_post_meta":"1","show_post_author":"0","show_post_author_image":"1","show_post_date":"1","post_date_format":"default","post_date_format_custom":"Y\/m\/d","show_post_category":"1","show_post_reading_time":"0","post_reading_time_wpm":"300","show_zoom_button":"0","zoom_button_out_step":"2","zoom_button_in_step":"3","show_post_tag":"1","show_prev_next_post":"1","show_popup_post":"1","number_popup_post":"1","show_author_box":"0","show_post_related":"0","show_inline_post_related":"0"}],"override_image_size":"0","image_override":[{"single_post_thumbnail_size":"no-crop","single_post_gallery_size":"crop-715"}],"trending_post":"0","trending_post_position":"meta","trending_post_label":"Trending","sponsored_post":"0","sponsored_post_label":"Sponsored by","sponsored_post_name":"","sponsored_post_url":"","sponsored_post_logo_enable":"0","sponsored_post_logo":"","sponsored_post_desc":"","disable_ad":"0"},"jnews_primary_category":{"id":"","hide":""},"footnotes":""},"categories":[85],"tags":[],"class_list":["post-7534","post","type-post","status-publish","format-standard","has-post-thumbnail","hentry","category-noticias"],"_links":{"self":[{"href":"https:\/\/cbxonline.com.br\/index.php\/wp-json\/wp\/v2\/posts\/7534","targetHints":{"allow":["GET"]}}],"collection":[{"href":"https:\/\/cbxonline.com.br\/index.php\/wp-json\/wp\/v2\/posts"}],"about":[{"href":"https:\/\/cbxonline.com.br\/index.php\/wp-json\/wp\/v2\/types\/post"}],"author":[{"embeddable":true,"href":"https:\/\/cbxonline.com.br\/index.php\/wp-json\/wp\/v2\/users\/2"}],"replies":[{"embeddable":true,"href":"https:\/\/cbxonline.com.br\/index.php\/wp-json\/wp\/v2\/comments?post=7534"}],"version-history":[{"count":1,"href":"https:\/\/cbxonline.com.br\/index.php\/wp-json\/wp\/v2\/posts\/7534\/revisions"}],"predecessor-version":[{"id":7536,"href":"https:\/\/cbxonline.com.br\/index.php\/wp-json\/wp\/v2\/posts\/7534\/revisions\/7536"}],"wp:featuredmedia":[{"embeddable":true,"href":"https:\/\/cbxonline.com.br\/index.php\/wp-json\/wp\/v2\/media\/7535"}],"wp:attachment":[{"href":"https:\/\/cbxonline.com.br\/index.php\/wp-json\/wp\/v2\/media?parent=7534"}],"wp:term":[{"taxonomy":"category","embeddable":true,"href":"https:\/\/cbxonline.com.br\/index.php\/wp-json\/wp\/v2\/categories?post=7534"},{"taxonomy":"post_tag","embeddable":true,"href":"https:\/\/cbxonline.com.br\/index.php\/wp-json\/wp\/v2\/tags?post=7534"}],"curies":[{"name":"wp","href":"https:\/\/api.w.org\/{rel}","templated":true}]}}