{"id":7492,"date":"2024-01-19T10:04:19","date_gmt":"2024-01-19T13:04:19","guid":{"rendered":"https:\/\/cbxonline.com.br\/?p=7492"},"modified":"2024-01-19T10:04:20","modified_gmt":"2024-01-19T13:04:20","slug":"prefeitura-apresenta-novidades-do-carnaval-na-senzala-do-barro-preto-na-terca","status":"publish","type":"post","link":"https:\/\/cbxonline.com.br\/index.php\/2024\/01\/19\/prefeitura-apresenta-novidades-do-carnaval-na-senzala-do-barro-preto-na-terca\/","title":{"rendered":"Prefeitura apresenta novidades do Carnaval na Senzala do Barro Preto na ter\u00e7a"},"content":{"rendered":"\n<p>A Prefeitura de Salvador vai apresentar as novidades da programa\u00e7\u00e3o do Carnaval 2024 na pr\u00f3xima ter\u00e7a-feira (23), na Senzala do Barro Preto, sede do Il\u00ea Aiy\u00ea. A informa\u00e7\u00e3o foi confirmada pelo prefeito Bruno Reis, por meio de suas redes sociais.<\/p>\n\n\n\n<p>Al\u00e9m do prefeito, o evento ter\u00e1 presen\u00e7a do secret\u00e1rio de Cultura e Turismo (Secult), Pedro Tourinho, do presidente e fundador do Il\u00ea, Ant\u00f4nio Carlos dos Santos, popularmente conhecido como Vov\u00f4, al\u00e9m de outras autoridades municipais.<\/p>\n\n\n\n<p><em>\u201cNa pr\u00f3xima ter\u00e7a (23), \u00e0s 10h, na Senzala do Barro Preto, sede do Il\u00ea, vamos apresentar as novidades do Carnaval, incluindo a marca de 2024, com a presen\u00e7a dos blocos Afro. Aguardo voc\u00eas tamb\u00e9m! \u00c9 pra fazer hist\u00f3ria nesse Carnaval!\u201d<\/em>, escreveu o prefeito.<\/p>\n\n\n\n<p>Entre as a\u00e7\u00f5es previstas est\u00e1 a assinatura da ordem de servi\u00e7o da reforma da sede do Il\u00ea, primeiro bloco Afro do Brasil que, em 2024, comemora 50 anos, e da Escola M\u00e3e Hilda do Il\u00ea Aiy\u00ea.<\/p>\n\n\n\n<p>Fonte: Varela Net <\/p>\n","protected":false},"excerpt":{"rendered":"<p>A Prefeitura de Salvador vai apresentar as novidades da programa\u00e7\u00e3o do Carnaval 2024 na pr\u00f3xima ter\u00e7a-feira (23), na Senzala do Barro Preto, sede do Il\u00ea Aiy\u00ea. A informa\u00e7\u00e3o foi confirmada pelo prefeito Bruno Reis, por meio de suas redes sociais. Al\u00e9m do prefeito, o evento ter\u00e1 presen\u00e7a do secret\u00e1rio de Cultura e Turismo (Secult), Pedro [&hellip;]<\/p>\n","protected":false},"author":2,"featured_media":7493,"comment_status":"open","ping_status":"open","sticky":false,"template":"","format":"standard","meta":{"jnews-multi-image_gallery":[],"jnews_single_post":{"subtitle":"","format":"standard","video":"","gallery":"","source_name":"","source_url":"","via_name":"","via_url":"","override_template":"0","override":[{"template":"1","single_blog_custom":"","parallax":"1","fullscreen":"1","layout":"right-sidebar","sidebar":"default-sidebar","second_sidebar":"default-sidebar","sticky_sidebar":"1","share_position":"top","share_float_style":"share-monocrhome","show_share_counter":"0","show_view_counter":"0","show_featured":"1","show_post_meta":"1","show_post_author":"0","show_post_author_image":"1","show_post_date":"1","post_date_format":"default","post_date_format_custom":"Y\/m\/d","show_post_category":"1","show_post_reading_time":"0","post_reading_time_wpm":"300","show_zoom_button":"0","zoom_button_out_step":"2","zoom_button_in_step":"3","show_post_tag":"1","show_prev_next_post":"1","show_popup_post":"1","number_popup_post":"1","show_author_box":"0","show_post_related":"0","show_inline_post_related":"0"}],"override_image_size":"0","image_override":[{"single_post_thumbnail_size":"no-crop","single_post_gallery_size":"crop-715"}],"trending_post":"0","trending_post_position":"meta","trending_post_label":"Trending","sponsored_post":"0","sponsored_post_label":"Sponsored by","sponsored_post_name":"","sponsored_post_url":"","sponsored_post_logo_enable":"0","sponsored_post_logo":"","sponsored_post_desc":"","disable_ad":"0"},"jnews_primary_category":{"id":"","hide":""},"footnotes":""},"categories":[98],"tags":[],"class_list":["post-7492","post","type-post","status-publish","format-standard","has-post-thumbnail","hentry","category-carnaval"],"_links":{"self":[{"href":"https:\/\/cbxonline.com.br\/index.php\/wp-json\/wp\/v2\/posts\/7492","targetHints":{"allow":["GET"]}}],"collection":[{"href":"https:\/\/cbxonline.com.br\/index.php\/wp-json\/wp\/v2\/posts"}],"about":[{"href":"https:\/\/cbxonline.com.br\/index.php\/wp-json\/wp\/v2\/types\/post"}],"author":[{"embeddable":true,"href":"https:\/\/cbxonline.com.br\/index.php\/wp-json\/wp\/v2\/users\/2"}],"replies":[{"embeddable":true,"href":"https:\/\/cbxonline.com.br\/index.php\/wp-json\/wp\/v2\/comments?post=7492"}],"version-history":[{"count":1,"href":"https:\/\/cbxonline.com.br\/index.php\/wp-json\/wp\/v2\/posts\/7492\/revisions"}],"predecessor-version":[{"id":7494,"href":"https:\/\/cbxonline.com.br\/index.php\/wp-json\/wp\/v2\/posts\/7492\/revisions\/7494"}],"wp:featuredmedia":[{"embeddable":true,"href":"https:\/\/cbxonline.com.br\/index.php\/wp-json\/wp\/v2\/media\/7493"}],"wp:attachment":[{"href":"https:\/\/cbxonline.com.br\/index.php\/wp-json\/wp\/v2\/media?parent=7492"}],"wp:term":[{"taxonomy":"category","embeddable":true,"href":"https:\/\/cbxonline.com.br\/index.php\/wp-json\/wp\/v2\/categories?post=7492"},{"taxonomy":"post_tag","embeddable":true,"href":"https:\/\/cbxonline.com.br\/index.php\/wp-json\/wp\/v2\/tags?post=7492"}],"curies":[{"name":"wp","href":"https:\/\/api.w.org\/{rel}","templated":true}]}}