{"id":7482,"date":"2024-01-18T15:43:28","date_gmt":"2024-01-18T18:43:28","guid":{"rendered":"https:\/\/cbxonline.com.br\/?p=7482"},"modified":"2024-01-18T15:43:31","modified_gmt":"2024-01-18T18:43:31","slug":"familia-morta-em-batida-com-carreta-na-bahia-e-identificada","status":"publish","type":"post","link":"https:\/\/cbxonline.com.br\/index.php\/2024\/01\/18\/familia-morta-em-batida-com-carreta-na-bahia-e-identificada\/","title":{"rendered":"Fam\u00edlia morta em batida com carreta na Bahia \u00e9 identificada"},"content":{"rendered":"\n<p>Foi identificada nesta quinta-feira (18) a fam\u00edlia que morreu em uma\u00a0batida com uma carreta, em um trecho da BR-116, na cidade de\u00a0Milagres, a 245 km de Salvador. <\/p>\n\n\n\n<p>As v\u00edtimas eram um casal, dois filhos e um sobrinho. Todos moravam em Jequi\u00e9, no sudoeste do estado, e viajavam para a\u00a0capital baiana, quando aconteceu o acidente.<\/p>\n\n\n\n<p>Os mortos s\u00e3o:<\/p>\n\n\n\n<p>Fl\u00e1vio Costa Silva, de 41 anos (pai de duas crian\u00e7as e tio do adolescente &#8211; era o motorista do carro);<\/p>\n\n\n\n<p>Eunice Ribeiro de Jesus Costa, de 31 anos (m\u00e3e de duas crian\u00e7as e tia do adolescente)<\/p>\n\n\n\n<p>\u00cdngrid Fl\u00e1via Ribeiro Costa, de 10 anos (filha do casal);<\/p>\n\n\n\n<p>Bernardo Fl\u00e1vio Ribeiro Costa, de 8 anos (filho do casal);<\/p>\n\n\n\n<p>Bernardo Fl\u00e1vio Ribeiro Costa, de 8 anos (filho do casal);<\/p>\n\n\n\n<p>Fl\u00e1vio era motorista da Prefeitura de Jequi\u00e9 e trabalhava na Secretaria de Desenvolvimento Social. Em nota, o \u00f3rg\u00e3o adiou eventos e lamentou o acidente.<\/p>\n\n\n\n<p>&#8220;Fl\u00e1vio era um dedicado motorista profissional, tendo desempenhado sua fun\u00e7\u00e3o de forma \u00e9tica e exemplar, conduzindo os ve\u00edculos da Prefeitura&#8221;.<\/p>\n\n\n\n<p>De acordo com a Pol\u00edcia Rodovi\u00e1ria Federal (PRF), o acidente aconteceu por volta das 20h30 da noite desta quarta-feira (17). Ainda n\u00e3o se sabe o que provocou a batida.<\/p>\n\n\n\n<p>Os corpos das v\u00edtimas foram encaminhados para o Departamento de Pol\u00edcia T\u00e9cnica (DPT) de Itaberaba. A fam\u00edlia foi velada no Centro de Evangeliza\u00e7\u00e3o e Unidade, no bairro de S\u00e3o Judas Tadeu, em Jequi\u00e9. N\u00e3o h\u00e1 detalhes sobre o sepultamento.<\/p>\n\n\n\n<p>Fonte: iBahia <\/p>\n","protected":false},"excerpt":{"rendered":"<p>Foi identificada nesta quinta-feira (18) a fam\u00edlia que morreu em uma\u00a0batida com uma carreta, em um trecho da BR-116, na cidade de\u00a0Milagres, a 245 km de Salvador. As v\u00edtimas eram um casal, dois filhos e um sobrinho. Todos moravam em Jequi\u00e9, no sudoeste do estado, e viajavam para a\u00a0capital baiana, quando aconteceu o acidente. Os [&hellip;]<\/p>\n","protected":false},"author":2,"featured_media":7483,"comment_status":"open","ping_status":"open","sticky":false,"template":"","format":"standard","meta":{"jnews-multi-image_gallery":[],"jnews_single_post":{"subtitle":"","format":"standard","video":"","gallery":"","source_name":"","source_url":"","via_name":"","via_url":"","override_template":"0","override":[{"template":"1","single_blog_custom":"","parallax":"1","fullscreen":"1","layout":"right-sidebar","sidebar":"default-sidebar","second_sidebar":"default-sidebar","sticky_sidebar":"1","share_position":"top","share_float_style":"share-monocrhome","show_share_counter":"0","show_view_counter":"0","show_featured":"1","show_post_meta":"1","show_post_author":"0","show_post_author_image":"1","show_post_date":"1","post_date_format":"default","post_date_format_custom":"Y\/m\/d","show_post_category":"1","show_post_reading_time":"0","post_reading_time_wpm":"300","show_zoom_button":"0","zoom_button_out_step":"2","zoom_button_in_step":"3","show_post_tag":"1","show_prev_next_post":"1","show_popup_post":"1","number_popup_post":"1","show_author_box":"0","show_post_related":"0","show_inline_post_related":"0"}],"override_image_size":"0","image_override":[{"single_post_thumbnail_size":"no-crop","single_post_gallery_size":"crop-715"}],"trending_post":"0","trending_post_position":"meta","trending_post_label":"Trending","sponsored_post":"0","sponsored_post_label":"Sponsored by","sponsored_post_name":"","sponsored_post_url":"","sponsored_post_logo_enable":"0","sponsored_post_logo":"","sponsored_post_desc":"","disable_ad":"0"},"jnews_primary_category":{"id":"","hide":""},"footnotes":""},"categories":[105],"tags":[],"class_list":["post-7482","post","type-post","status-publish","format-standard","has-post-thumbnail","hentry","category-policia"],"_links":{"self":[{"href":"https:\/\/cbxonline.com.br\/index.php\/wp-json\/wp\/v2\/posts\/7482","targetHints":{"allow":["GET"]}}],"collection":[{"href":"https:\/\/cbxonline.com.br\/index.php\/wp-json\/wp\/v2\/posts"}],"about":[{"href":"https:\/\/cbxonline.com.br\/index.php\/wp-json\/wp\/v2\/types\/post"}],"author":[{"embeddable":true,"href":"https:\/\/cbxonline.com.br\/index.php\/wp-json\/wp\/v2\/users\/2"}],"replies":[{"embeddable":true,"href":"https:\/\/cbxonline.com.br\/index.php\/wp-json\/wp\/v2\/comments?post=7482"}],"version-history":[{"count":1,"href":"https:\/\/cbxonline.com.br\/index.php\/wp-json\/wp\/v2\/posts\/7482\/revisions"}],"predecessor-version":[{"id":7484,"href":"https:\/\/cbxonline.com.br\/index.php\/wp-json\/wp\/v2\/posts\/7482\/revisions\/7484"}],"wp:featuredmedia":[{"embeddable":true,"href":"https:\/\/cbxonline.com.br\/index.php\/wp-json\/wp\/v2\/media\/7483"}],"wp:attachment":[{"href":"https:\/\/cbxonline.com.br\/index.php\/wp-json\/wp\/v2\/media?parent=7482"}],"wp:term":[{"taxonomy":"category","embeddable":true,"href":"https:\/\/cbxonline.com.br\/index.php\/wp-json\/wp\/v2\/categories?post=7482"},{"taxonomy":"post_tag","embeddable":true,"href":"https:\/\/cbxonline.com.br\/index.php\/wp-json\/wp\/v2\/tags?post=7482"}],"curies":[{"name":"wp","href":"https:\/\/api.w.org\/{rel}","templated":true}]}}