{"id":7315,"date":"2024-01-15T13:29:10","date_gmt":"2024-01-15T16:29:10","guid":{"rendered":"https:\/\/cbxonline.com.br\/?p=7315"},"modified":"2024-01-15T13:29:11","modified_gmt":"2024-01-15T16:29:11","slug":"feira-de-santana-ganha-segunda-unidade-da-rede-alpha-fitness","status":"publish","type":"post","link":"https:\/\/cbxonline.com.br\/index.php\/2024\/01\/15\/feira-de-santana-ganha-segunda-unidade-da-rede-alpha-fitness\/","title":{"rendered":"Feira de Santana ganha segunda unidade da Rede Alpha Fitness"},"content":{"rendered":"\n<p>A Alpha Fitness acaba de inaugurar a sua 2\u00aa unidade na cidade de Feira de Santana. A Alpha Feira de Santana 2, \u00e9 a 22\u00aa unidade da rede, e est\u00e1 localizada na Alameda Artemis, na Av. Art\u00eamia Pires, no bairro do SIM. O espa\u00e7o oferece equipamentos de muscula\u00e7\u00e3o de \u00faltima gera\u00e7\u00e3o, \u00e1rea de treinamento funcional, sala de gin\u00e1stica, al\u00e9m de Alpha Express e Pilates.&nbsp;<\/p>\n\n\n\n<p>\u201cA Alpha Feira 2 est\u00e1 linda, do jeito que o p\u00fablico da Princesinha do Sert\u00e3o merece. Ela traz uma estrutura muito moderna e confort\u00e1vel para atender \u00e0 demanda crescente desse bairro, um importante local de Feira de Santana, que ainda n\u00e3o contava com uma academia desse porte\u201d, comenta Marlon Salatiel, diretor de desenvolvimento da Rede, que tem seu espa\u00e7o 100% climatizado, seguindo a padroniza\u00e7\u00e3o das unidades.<\/p>\n\n\n\n<p>A Alpha j\u00e1 atende a Bahia (capital e interior com duas unidades em Vit\u00f3ria da Conquista e, agora, duas em Feira de Santana), Sergipe; e Bras\u00edlia, e se prepara para expandir ainda mais em 2024, atrav\u00e9s do seu projeto de franquia.<\/p>\n\n\n\n<figure class=\"wp-block-image\"><img decoding=\"async\" src=\"https:\/\/www.bahianoticias.com.br\/fotos\/hall_noticias\/5081\/mg\/Alpha%20Feira%202.jpg\" alt=\"\"\/><\/figure>\n\n\n\n<figure class=\"wp-block-image\"><img decoding=\"async\" src=\"https:\/\/www.bahianoticias.com.br\/fotos\/hall_noticias\/5081\/mg\/Alpha%20Feira%202.1.jpg\" alt=\"\"\/><\/figure>\n\n\n\n<figure class=\"wp-block-image\"><img decoding=\"async\" src=\"https:\/\/www.bahianoticias.com.br\/fotos\/hall_noticias\/5081\/mg\/Alpha%20Feira%202.2.jpg\" alt=\"\"\/><\/figure>\n\n\n\n<p>Fonte: Bahia Not\u00edcias <\/p>\n","protected":false},"excerpt":{"rendered":"<p>A Alpha Fitness acaba de inaugurar a sua 2\u00aa unidade na cidade de Feira de Santana. A Alpha Feira de Santana 2, \u00e9 a 22\u00aa unidade da rede, e est\u00e1 localizada na Alameda Artemis, na Av. Art\u00eamia Pires, no bairro do SIM. O espa\u00e7o oferece equipamentos de muscula\u00e7\u00e3o de \u00faltima gera\u00e7\u00e3o, \u00e1rea de treinamento funcional, [&hellip;]<\/p>\n","protected":false},"author":2,"featured_media":7316,"comment_status":"open","ping_status":"open","sticky":false,"template":"","format":"standard","meta":{"jnews-multi-image_gallery":[],"jnews_single_post":{"subtitle":"","format":"standard","video":"","gallery":"","source_name":"","source_url":"","via_name":"","via_url":"","override_template":"0","override":[{"template":"1","single_blog_custom":"","parallax":"1","fullscreen":"1","layout":"right-sidebar","sidebar":"default-sidebar","second_sidebar":"default-sidebar","sticky_sidebar":"1","share_position":"top","share_float_style":"share-monocrhome","show_share_counter":"0","show_view_counter":"0","show_featured":"1","show_post_meta":"1","show_post_author":"0","show_post_author_image":"1","show_post_date":"1","post_date_format":"default","post_date_format_custom":"Y\/m\/d","show_post_category":"1","show_post_reading_time":"0","post_reading_time_wpm":"300","show_zoom_button":"0","zoom_button_out_step":"2","zoom_button_in_step":"3","show_post_tag":"1","show_prev_next_post":"1","show_popup_post":"1","number_popup_post":"1","show_author_box":"0","show_post_related":"0","show_inline_post_related":"0"}],"override_image_size":"0","image_override":[{"single_post_thumbnail_size":"no-crop","single_post_gallery_size":"crop-715"}],"trending_post":"0","trending_post_position":"meta","trending_post_label":"Trending","sponsored_post":"0","sponsored_post_label":"Sponsored by","sponsored_post_name":"","sponsored_post_url":"","sponsored_post_logo_enable":"0","sponsored_post_logo":"","sponsored_post_desc":"","disable_ad":"0"},"jnews_primary_category":{"id":"","hide":""},"footnotes":""},"categories":[85],"tags":[],"class_list":["post-7315","post","type-post","status-publish","format-standard","has-post-thumbnail","hentry","category-noticias"],"_links":{"self":[{"href":"https:\/\/cbxonline.com.br\/index.php\/wp-json\/wp\/v2\/posts\/7315","targetHints":{"allow":["GET"]}}],"collection":[{"href":"https:\/\/cbxonline.com.br\/index.php\/wp-json\/wp\/v2\/posts"}],"about":[{"href":"https:\/\/cbxonline.com.br\/index.php\/wp-json\/wp\/v2\/types\/post"}],"author":[{"embeddable":true,"href":"https:\/\/cbxonline.com.br\/index.php\/wp-json\/wp\/v2\/users\/2"}],"replies":[{"embeddable":true,"href":"https:\/\/cbxonline.com.br\/index.php\/wp-json\/wp\/v2\/comments?post=7315"}],"version-history":[{"count":1,"href":"https:\/\/cbxonline.com.br\/index.php\/wp-json\/wp\/v2\/posts\/7315\/revisions"}],"predecessor-version":[{"id":7317,"href":"https:\/\/cbxonline.com.br\/index.php\/wp-json\/wp\/v2\/posts\/7315\/revisions\/7317"}],"wp:featuredmedia":[{"embeddable":true,"href":"https:\/\/cbxonline.com.br\/index.php\/wp-json\/wp\/v2\/media\/7316"}],"wp:attachment":[{"href":"https:\/\/cbxonline.com.br\/index.php\/wp-json\/wp\/v2\/media?parent=7315"}],"wp:term":[{"taxonomy":"category","embeddable":true,"href":"https:\/\/cbxonline.com.br\/index.php\/wp-json\/wp\/v2\/categories?post=7315"},{"taxonomy":"post_tag","embeddable":true,"href":"https:\/\/cbxonline.com.br\/index.php\/wp-json\/wp\/v2\/tags?post=7315"}],"curies":[{"name":"wp","href":"https:\/\/api.w.org\/{rel}","templated":true}]}}