{"id":7312,"date":"2024-01-15T13:20:23","date_gmt":"2024-01-15T16:20:23","guid":{"rendered":"https:\/\/cbxonline.com.br\/?p=7312"},"modified":"2024-01-15T13:20:25","modified_gmt":"2024-01-15T16:20:25","slug":"prefeitura-anuncia-mais-recursos-para-escolas-parceiras-da-educacao-infantil","status":"publish","type":"post","link":"https:\/\/cbxonline.com.br\/index.php\/2024\/01\/15\/prefeitura-anuncia-mais-recursos-para-escolas-parceiras-da-educacao-infantil\/","title":{"rendered":"Prefeitura anuncia mais recursos para escolas parceiras da Educa\u00e7\u00e3o Infantil"},"content":{"rendered":"\n<p>A Prefeitura de Salvador anunciou nesta ter\u00e7a-feira (9) uma s\u00e9rie de avan\u00e7os na rela\u00e7\u00e3o com escolas e creches parceiras que atendem a Educa\u00e7\u00e3o Infantil da capital baiana. A principal novidade \u00e9 que a gest\u00e3o municipal vai pagar, com recursos pr\u00f3prios, uma parcela extra, equivalente a uma 13\u00aa parcela dos repasses federais, para que as unidades possam realizar investimentos em infraestrutura como mobili\u00e1rio, ar-condicionado e aquisi\u00e7\u00e3o de recursos pedag\u00f3gicos.<\/p>\n\n\n\n<p>As medidas foram anunciadas em evento no Centro de Forma\u00e7\u00e3o Em\u00edlia Ferreiro, reunindo o prefeito Bruno Reis, o secret\u00e1rio de Educa\u00e7\u00e3o (Smed), Thiago Dantas, e gestores das unidades de ensino. Outra novidade \u00e9 que a Prefeitura vai entregar \u00e0s crian\u00e7as das escolas parceiras o mesmo material entregue aos alunos da rede municipal pr\u00f3pria. Em 2024, ser\u00e3o dois pares de t\u00eanis, mochila, dois fardamentos completos, material pedag\u00f3gico e kit escolar com estojo, l\u00e1pis, caderno e outros itens.<\/p>\n\n\n\n<p>No encontro, foi lan\u00e7ado o edital de credenciamento das escolas parceiras para o novo ano letivo, que tamb\u00e9m traz uma novidade: em vez de um ano, o contrato agora ser\u00e1 de 24 meses, com possibilidade de renova\u00e7\u00e3o, o que dar\u00e1 uma melhor capacidade de execu\u00e7\u00e3o e de planejamento para as institui\u00e7\u00f5es. A expectativa da Smed \u00e9 credenciar 140 escolas para 2024, que receber\u00e3o os recursos do Fundo de Manuten\u00e7\u00e3o e Desenvolvimento da Educa\u00e7\u00e3o B\u00e1sica e de Valoriza\u00e7\u00e3o dos Profissionais da Educa\u00e7\u00e3o (Fundeb), que s\u00e3o repassados pela Prefeitura.<\/p>\n\n\n\n<p>O prefeito Bruno Reis lembrou que o trabalho das unidades \u00e9 fundamental para a Educa\u00e7\u00e3o Infantil soteropolitana. \u201cO que n\u00f3s estamos fazendo aqui \u00e9 mudar a l\u00f3gica dessa rela\u00e7\u00e3o, que existe h\u00e1 muito tempo, entre a Prefeitura e as escolas parceiras. Antes, n\u00f3s \u00e9ramos meros repassadores de recursos. A gente recebia o recurso federal, credenciava as escolas e repassava. E, efetivamente, voc\u00eas seguiam realizando esse trabalho bel\u00edssimo, enquanto a gente cuidava do trabalho na nossa rede pr\u00f3pria\u201d, disse.<\/p>\n\n\n\n<p>\u201cO que n\u00f3s queremos \u00e9 ser um corpo s\u00f3, uma coisa \u00fanica. Queremos trabalhar juntos, de m\u00e3os dadas. Com a Smed e a Prefeitura dando todo o apoio a voc\u00eas, ajudando a aprimorar o trabalho que voc\u00eas realizam. Entendemos que o que voc\u00eas precisam \u00e9 de melhores condi\u00e7\u00f5es e \u00e9 isso que n\u00f3s vamos entregar. Desde a nossa chegada \u00e0 Prefeitura, mudamos as rela\u00e7\u00f5es com as organiza\u00e7\u00f5es sociais, porque voc\u00eas t\u00eam qualidade na presta\u00e7\u00e3o do servi\u00e7o e t\u00eam voca\u00e7\u00e3o para isso, pois realizam com muita dedica\u00e7\u00e3o\u201d, completou.<\/p>\n\n\n\n<p>As escolas antigamente chamadas de comunit\u00e1rias, hoje tratadas como parceiras, atendem 19 mil alunos de 0 a 5 anos em Salvador. Dessas, mais da metade est\u00e3o em aulas em tempo integral. O quantitativo \u00e9 quase o mesmo atendido pelas unidades da rede pr\u00f3pria de Educa\u00e7\u00e3o Infantil do munic\u00edpio, que tem 25 mil alunos matriculados.<\/p>\n\n\n\n<p><strong>Mais recursos &#8211;<\/strong>&nbsp;Atrav\u00e9s da iniciativa, a Prefeitura vai investir com recursos pr\u00f3prios R$20 milh\u00f5es por ano, considerando a 13\u00aa parcela e aquisi\u00e7\u00f5es de material escolar. Somados aos recursos do Fundeb, de R$130 milh\u00f5es por ano, os repasses \u00e0s escolas parceiras ser\u00e3o de R$150 milh\u00f5es.<\/p>\n\n\n\n<p>Outra novidade anunciada \u00e9 que os colaboradores das escolas parceiras, como professores e coordenadores pedag\u00f3gicos, poder\u00e3o participar dos cursos de qualifica\u00e7\u00e3o continuada oferecidos pelo Centro de Forma\u00e7\u00e3o Em\u00edlia Ferreiro. Al\u00e9m disso, as unidades poder\u00e3o requisitar recursos, mediante regras, para realizar a manuten\u00e7\u00e3o estrutural e aquisi\u00e7\u00e3o de materiais de ensino, assim como ocorre com a rede pr\u00f3pria do munic\u00edpio.<\/p>\n\n\n\n<p>Titular da Smed, Thiago Dantas ressaltou que as novidades s\u00e3o resultado de um processo de estudo da pasta. \u201cO prefeito Bruno Reis, logo no come\u00e7o do ano passado, pediu que a gente tivesse uma aten\u00e7\u00e3o maior com as escolas parceiras, para que a gente fosse conhecer experi\u00eancias de sucesso de outras redes municipais de educa\u00e7\u00e3o\u201d, disse.<\/p>\n\n\n\n<p>\u201cA gente levou a equipe para conhecer experi\u00eancias de \u00eaxito em outras capitais, como S\u00e3o Paulo e Belo Horizonte, que t\u00eam modelos bem interessantes. Os nossos t\u00e9cnicos trouxeram propostas para a gente, e assim estruturamos esse novo modelo de rela\u00e7\u00e3o da Smed com as escolas parceiras. A ideia \u00e9 aproximar a gest\u00e3o municipal das escolas parceiras, dar a elas o mesmo tratamento que temos com as escolas da rede pr\u00f3pria\u201d, completou Thiago.<\/p>\n\n\n\n<p>Rafaela da Costa \u00e9 gestora da Associa\u00e7\u00e3o e Creche \u00c1gape, em Sussuarana, que tem 136 crian\u00e7as matriculadas. Para ela, que participou do evento, a grande novidade \u00e9 a extens\u00e3o da parceria para 24 meses. \u201cNeste ano estamos cheios de esperan\u00e7as com esse novo edital, com a possibilidade de termos um v\u00ednculo maior com a nossa rede. Porque as crian\u00e7as da escola comunit\u00e1ria s\u00e3o crian\u00e7as de Salvador, tamb\u00e9m. S\u00e3o crian\u00e7as em geral muito carentes que atendemos com muito amor. Aplicamos uma pedagogia educativa, mas tamb\u00e9m emocional e social com elas\u201d, afirmou.<\/p>\n\n\n\n<p>Tamb\u00e9m participante da reuni\u00e3o, Elizabete Pereira Mendon\u00e7a \u00e9 gestora da Escola Crian\u00e7a Esperan\u00e7a, em Santo In\u00e1cio. L\u00e1, s\u00e3o atendidas 211 crian\u00e7as de 0 a 5 anos em tempo integral. A entidade \u00e9 parceira da Smed desde 2014. \u201cAchei muito interessante a nova plataforma de credenciamento, que ser\u00e1 online. Para mim, \u00e9 algo mais moderno e tem uma import\u00e2ncia muito grande, porque diminui o custo de papel, reduz a burocracia, aquele vai e vem de documentos. Eu gostei muito do novo sistema, \u00e9 um apoio \u00e0s creches\u201d, afirmou.<\/p>\n\n\n\n<p>Edital &#8211; O credenciamento para 2024 ser\u00e1 feito inteiramente online, atrav\u00e9s do site http:\/\/escolasparceiras.salvador.ba.gov.br. O edital j\u00e1 est\u00e1 dispon\u00edvel no site da Secretaria Municipal de Educa\u00e7\u00e3o (http:\/\/educacao.salvador.ba.gov.br). Depois da inscri\u00e7\u00e3o, o processo conta com sete etapas: an\u00e1lise de documenta\u00e7\u00e3o, julgamento da comiss\u00e3o t\u00e9cnica, divulga\u00e7\u00e3o do resultado provis\u00f3rio, recurso, divulga\u00e7\u00e3o de resultado definitivo, formaliza\u00e7\u00e3o de processo individual e publica\u00e7\u00e3o.<\/p>\n\n\n\n<p>\u201cComo s\u00e3o exigidos diversos documentos, decidimos fazer isso de maneira online e tem sido uma experi\u00eancia muito positiva. Colocamos junto um tutorial, explicando quais s\u00e3o os documentos que precisam ser apresentados. Estamos com uma equipe inteira dedicada, uma verdadeira for\u00e7a-tarefa, para realizar as avalia\u00e7\u00f5es de propostas e terem os contratos assinados de maneira c\u00e9lere. Essa \u00e9 outra novidade: montamos uma coordena\u00e7\u00e3o espec\u00edfica para cuidar do relacionamento com as escolas parceiras, porque entendemos que \u00e9 preciso aprofundar essa rela\u00e7\u00e3o\u201d, afirmou Thiago Dantas.<\/p>\n\n\n\n<p>Fonte: Tribuna da Bahia <\/p>\n","protected":false},"excerpt":{"rendered":"<p>A Prefeitura de Salvador anunciou nesta ter\u00e7a-feira (9) uma s\u00e9rie de avan\u00e7os na rela\u00e7\u00e3o com escolas e creches parceiras que atendem a Educa\u00e7\u00e3o Infantil da capital baiana. A principal novidade \u00e9 que a gest\u00e3o municipal vai pagar, com recursos pr\u00f3prios, uma parcela extra, equivalente a uma 13\u00aa parcela dos repasses federais, para que as unidades [&hellip;]<\/p>\n","protected":false},"author":2,"featured_media":7313,"comment_status":"open","ping_status":"open","sticky":false,"template":"","format":"standard","meta":{"jnews-multi-image_gallery":[],"jnews_single_post":{"subtitle":"","format":"standard","video":"","gallery":"","source_name":"","source_url":"","via_name":"","via_url":"","override_template":"0","override":[{"template":"1","single_blog_custom":"","parallax":"1","fullscreen":"1","layout":"right-sidebar","sidebar":"default-sidebar","second_sidebar":"default-sidebar","sticky_sidebar":"1","share_position":"top","share_float_style":"share-monocrhome","show_share_counter":"0","show_view_counter":"0","show_featured":"1","show_post_meta":"1","show_post_author":"0","show_post_author_image":"1","show_post_date":"1","post_date_format":"default","post_date_format_custom":"Y\/m\/d","show_post_category":"1","show_post_reading_time":"0","post_reading_time_wpm":"300","show_zoom_button":"0","zoom_button_out_step":"2","zoom_button_in_step":"3","show_post_tag":"1","show_prev_next_post":"1","show_popup_post":"1","number_popup_post":"1","show_author_box":"0","show_post_related":"0","show_inline_post_related":"0"}],"override_image_size":"0","image_override":[{"single_post_thumbnail_size":"no-crop","single_post_gallery_size":"crop-715"}],"trending_post":"0","trending_post_position":"meta","trending_post_label":"Trending","sponsored_post":"0","sponsored_post_label":"Sponsored by","sponsored_post_name":"","sponsored_post_url":"","sponsored_post_logo_enable":"0","sponsored_post_logo":"","sponsored_post_desc":"","disable_ad":"0"},"jnews_primary_category":{"id":"","hide":""},"footnotes":""},"categories":[106],"tags":[],"class_list":["post-7312","post","type-post","status-publish","format-standard","has-post-thumbnail","hentry","category-educacao"],"_links":{"self":[{"href":"https:\/\/cbxonline.com.br\/index.php\/wp-json\/wp\/v2\/posts\/7312","targetHints":{"allow":["GET"]}}],"collection":[{"href":"https:\/\/cbxonline.com.br\/index.php\/wp-json\/wp\/v2\/posts"}],"about":[{"href":"https:\/\/cbxonline.com.br\/index.php\/wp-json\/wp\/v2\/types\/post"}],"author":[{"embeddable":true,"href":"https:\/\/cbxonline.com.br\/index.php\/wp-json\/wp\/v2\/users\/2"}],"replies":[{"embeddable":true,"href":"https:\/\/cbxonline.com.br\/index.php\/wp-json\/wp\/v2\/comments?post=7312"}],"version-history":[{"count":1,"href":"https:\/\/cbxonline.com.br\/index.php\/wp-json\/wp\/v2\/posts\/7312\/revisions"}],"predecessor-version":[{"id":7314,"href":"https:\/\/cbxonline.com.br\/index.php\/wp-json\/wp\/v2\/posts\/7312\/revisions\/7314"}],"wp:featuredmedia":[{"embeddable":true,"href":"https:\/\/cbxonline.com.br\/index.php\/wp-json\/wp\/v2\/media\/7313"}],"wp:attachment":[{"href":"https:\/\/cbxonline.com.br\/index.php\/wp-json\/wp\/v2\/media?parent=7312"}],"wp:term":[{"taxonomy":"category","embeddable":true,"href":"https:\/\/cbxonline.com.br\/index.php\/wp-json\/wp\/v2\/categories?post=7312"},{"taxonomy":"post_tag","embeddable":true,"href":"https:\/\/cbxonline.com.br\/index.php\/wp-json\/wp\/v2\/tags?post=7312"}],"curies":[{"name":"wp","href":"https:\/\/api.w.org\/{rel}","templated":true}]}}