{"id":7308,"date":"2024-01-15T11:38:19","date_gmt":"2024-01-15T14:38:19","guid":{"rendered":"https:\/\/cbxonline.com.br\/?p=7308"},"modified":"2024-01-15T11:38:20","modified_gmt":"2024-01-15T14:38:20","slug":"condutor-embriagado-provoca-acidente-na-br-101-e-acaba-preso","status":"publish","type":"post","link":"https:\/\/cbxonline.com.br\/index.php\/2024\/01\/15\/condutor-embriagado-provoca-acidente-na-br-101-e-acaba-preso\/","title":{"rendered":"Condutor embriagado provoca acidente na BR 101 e acaba preso"},"content":{"rendered":"\n<p>Um homem de 40 anos foi preso pela Pol\u00edcia Rodovi\u00e1ria Federal (PRF) na madrugada de hoje (15) por se envolver em acidente ao conduzir ve\u00edculo alcoolizado. O flagrante aconteceu na altura do quil\u00f4metro 858 da BR 116, em Teixeira de Freitas, na Regi\u00e3o do Extremo Sul da Bahia.<\/p>\n\n\n\n<p>Era por volta das 00h10, quando uma equipe da PRF atendeu um acidente de tr\u00e2nsito ocorrido na rodovia, que envolvia dois ve\u00edculos.<\/p>\n\n\n\n<p>No local, constatou-se que o condutor de uma caminhonete Saveiro n\u00e3o observou as condutas prudentes de tr\u00e2nsito e acabou provocando o acidente. Ao se aproximarem dele, os PRFs perceberam que ele apresentava dificuldade no equil\u00edbrio, olhos vermelhos, forte odor de \u00e1lcool no h\u00e1lito, gestos e fala alterados, caracter\u00edsticas vis\u00edveis de embriaguez.<\/p>\n\n\n\n<p>A equipe convidou o motorista para realizar o teste do etil\u00f4metro, cujo resultado aferiu 0,87 mg\/L (miligramas de \u00e1lcool por litro de ar expelido dos pulm\u00f5es), comprovando a embriaguez. O teste no aparelho apresentou \u00edndice quase 3 vezes maior do valor considerado como crime que \u00e9 de 0,34 mgL.<\/p>\n\n\n\n<p>Em seguida, o infrator foi apresentado \u00e0 autoridade policial da Delegacia de Pol\u00edcia Civil para lavratura do flagrante e demais procedimentos cab\u00edveis.<\/p>\n\n\n\n<p>A PRF alerta sobre as consequ\u00eancias da combina\u00e7\u00e3o de \u00e1lcool e volante e atua no policiamento ostensivo e preventivo, sendo priorizada a fiscaliza\u00e7\u00e3o de condutas de risco como ultrapassagens proibidas, alcoolemia ao dirigir, dentre outras, com foco na redu\u00e7\u00e3o de acidentes.<\/p>\n\n\n\n<p>Fonte: Tribuna da Bahia <\/p>\n","protected":false},"excerpt":{"rendered":"<p>Um homem de 40 anos foi preso pela Pol\u00edcia Rodovi\u00e1ria Federal (PRF) na madrugada de hoje (15) por se envolver em acidente ao conduzir ve\u00edculo alcoolizado. O flagrante aconteceu na altura do quil\u00f4metro 858 da BR 116, em Teixeira de Freitas, na Regi\u00e3o do Extremo Sul da Bahia. Era por volta das 00h10, quando uma [&hellip;]<\/p>\n","protected":false},"author":2,"featured_media":7309,"comment_status":"open","ping_status":"open","sticky":false,"template":"","format":"standard","meta":{"jnews-multi-image_gallery":[],"jnews_single_post":{"subtitle":"","format":"standard","video":"","gallery":"","source_name":"","source_url":"","via_name":"","via_url":"","override_template":"0","override":[{"template":"1","single_blog_custom":"","parallax":"1","fullscreen":"1","layout":"right-sidebar","sidebar":"default-sidebar","second_sidebar":"default-sidebar","sticky_sidebar":"1","share_position":"top","share_float_style":"share-monocrhome","show_share_counter":"0","show_view_counter":"0","show_featured":"1","show_post_meta":"1","show_post_author":"0","show_post_author_image":"1","show_post_date":"1","post_date_format":"default","post_date_format_custom":"Y\/m\/d","show_post_category":"1","show_post_reading_time":"0","post_reading_time_wpm":"300","show_zoom_button":"0","zoom_button_out_step":"2","zoom_button_in_step":"3","show_post_tag":"1","show_prev_next_post":"1","show_popup_post":"1","number_popup_post":"1","show_author_box":"0","show_post_related":"0","show_inline_post_related":"0"}],"override_image_size":"0","image_override":[{"single_post_thumbnail_size":"no-crop","single_post_gallery_size":"crop-715"}],"trending_post":"0","trending_post_position":"meta","trending_post_label":"Trending","sponsored_post":"0","sponsored_post_label":"Sponsored by","sponsored_post_name":"","sponsored_post_url":"","sponsored_post_logo_enable":"0","sponsored_post_logo":"","sponsored_post_desc":"","disable_ad":"0"},"jnews_primary_category":{"id":"","hide":""},"footnotes":""},"categories":[85],"tags":[],"class_list":["post-7308","post","type-post","status-publish","format-standard","has-post-thumbnail","hentry","category-noticias"],"_links":{"self":[{"href":"https:\/\/cbxonline.com.br\/index.php\/wp-json\/wp\/v2\/posts\/7308","targetHints":{"allow":["GET"]}}],"collection":[{"href":"https:\/\/cbxonline.com.br\/index.php\/wp-json\/wp\/v2\/posts"}],"about":[{"href":"https:\/\/cbxonline.com.br\/index.php\/wp-json\/wp\/v2\/types\/post"}],"author":[{"embeddable":true,"href":"https:\/\/cbxonline.com.br\/index.php\/wp-json\/wp\/v2\/users\/2"}],"replies":[{"embeddable":true,"href":"https:\/\/cbxonline.com.br\/index.php\/wp-json\/wp\/v2\/comments?post=7308"}],"version-history":[{"count":1,"href":"https:\/\/cbxonline.com.br\/index.php\/wp-json\/wp\/v2\/posts\/7308\/revisions"}],"predecessor-version":[{"id":7310,"href":"https:\/\/cbxonline.com.br\/index.php\/wp-json\/wp\/v2\/posts\/7308\/revisions\/7310"}],"wp:featuredmedia":[{"embeddable":true,"href":"https:\/\/cbxonline.com.br\/index.php\/wp-json\/wp\/v2\/media\/7309"}],"wp:attachment":[{"href":"https:\/\/cbxonline.com.br\/index.php\/wp-json\/wp\/v2\/media?parent=7308"}],"wp:term":[{"taxonomy":"category","embeddable":true,"href":"https:\/\/cbxonline.com.br\/index.php\/wp-json\/wp\/v2\/categories?post=7308"},{"taxonomy":"post_tag","embeddable":true,"href":"https:\/\/cbxonline.com.br\/index.php\/wp-json\/wp\/v2\/tags?post=7308"}],"curies":[{"name":"wp","href":"https:\/\/api.w.org\/{rel}","templated":true}]}}