{"id":7223,"date":"2024-01-10T10:47:39","date_gmt":"2024-01-10T13:47:39","guid":{"rendered":"https:\/\/cbxonline.com.br\/?p=7223"},"modified":"2024-01-10T10:47:40","modified_gmt":"2024-01-10T13:47:40","slug":"estado-destina-investimento-recorde-de-r-15-milhoes-para-ampliacao-de-blocos-afros-no-carnaval-da-bahia-2024","status":"publish","type":"post","link":"https:\/\/cbxonline.com.br\/index.php\/2024\/01\/10\/estado-destina-investimento-recorde-de-r-15-milhoes-para-ampliacao-de-blocos-afros-no-carnaval-da-bahia-2024\/","title":{"rendered":"Estado destina investimento recorde de R$ 15 milh\u00f5es para amplia\u00e7\u00e3o de blocos afros no Carnaval da Bahia 2024"},"content":{"rendered":"\n<p>O &nbsp;Il\u00ea Aiy\u00ea completa 50 anos de Carnaval, marcando tamb\u00e9m a presen\u00e7a dos blocos afros nos circuitos, e ser\u00e1 parte dos grupos contemplados pelo investimento recorde do programa Ouro Negro, aportado anualmente atrav\u00e9s da Secretaria de Cultura do Estado (Secult) no Carnaval de Bahia. O an\u00fancio foi feito durante encontro de representantes dos blocos afros, afox\u00e9s e entidades de matriz africana com o governador Jer\u00f4nimo Rodrigues, os secret\u00e1rios da Cultura, Bruno Monteiro, da Igualdade Racial, &nbsp;ngela Guimar\u00e3es, &nbsp;e de outras pastas estaduais, nesta ter\u00e7a-feira (9), no Centro Administrativo, em Salvador.&nbsp;<\/p>\n\n\n\n<p>Ser\u00e3o quase R$ 15 milh\u00f5es para o Carnaval dos blocos afros em 2024, que v\u00e3o ampliar o n\u00famero de entidades beneficiadas. No ano passado, o investimento foi de cerca de R$ 8 milh\u00f5es. A reuni\u00e3o desta ter\u00e7a (9) tamb\u00e9m foi uma escuta aos representantes de cada grupo e \u00e0s suas necessidades, para a garantia da participa\u00e7\u00e3o nos circuitos e para visibilizar os temas pensados por cada bloco todo ano. O governador Jer\u00f4nimo relembrou a pedagogia em torno das composi\u00e7\u00f5es das can\u00e7\u00f5es dos blocos afros e antecipou que o Estado deve investir nos blocos e entidades em outros per\u00edodos al\u00e9m do carnaval.\u00a0<\/p>\n\n\n\n<p>\u201cO conte\u00fado das letras das m\u00fasicas \u00e9 muito intenso e os blocos sempre trabalham levando mensagens. Portanto, esse ano, preparamos uma homenagem ao meio s\u00e9culo de vida dos blocos afros. N\u00e3o s\u00f3 na Bahia, no Brasil e, por que n\u00e3o dizer, no mundo? A proposta foi avaliada, discutida e criticada pelos blocos afros. Chamamos eles para que pudessem apreciar essas possibilidades. Homenagem a gente n\u00e3o pede permiss\u00e3o. A gente quer fazer algo que n\u00e3o termine no Carnaval, mas uma pol\u00edtica p\u00fablica para os pr\u00f3ximos dois, tr\u00eas anos\u201d, detalhou.<\/p>\n\n\n\n<p>Anunciado pelo governador como coordenador do Carnaval da Bahia novamente este ano, o vice-governador Geraldo J\u00fanior destacou a import\u00e2ncia desse encontro. \u201cHoje, \u00e9 um momento de escutar os blocos afros, que s\u00e3o t\u00e3o importantes para o Carnaval da Bahia por resgatarem e manterem a nossa cultura viva. Esse encontro do Governo do Estado com representantes desses blocos potencializa a condu\u00e7\u00e3o dos entendimentos para a realiza\u00e7\u00e3o de uma festa democr\u00e1tica e participativa\u201d.<\/p>\n\n\n\n<p>Sobre coordenar as a\u00e7\u00f5es de governo no Carnaval pelo segundo ano consecutivo, Geraldo J\u00fanior agradeceu a confian\u00e7a de Jer\u00f4nimo. \u201cReitero meu compromisso para desempenhar essa coordena\u00e7\u00e3o trazendo todo o aprendizado adquirido em 2023. A escuta tem sido uma marca da nossa gest\u00e3o, e seguiremos com essa conduta na realiza\u00e7\u00e3o do Carnaval da Bahia, essa que \u00e9 a maior festa de rua do planeta\u201d, declarou o vice-governador.<\/p>\n\n\n\n<p><br>PROTAGONISMO BAIANO<\/p>\n\n\n\n<p>&nbsp;ngela Guimar\u00e3es, secret\u00e1ria de Promo\u00e7\u00e3o da Igualdade Racial e dos Povos e Comunidades Tradicionais, acrescentou que a Bahia foi escola para o desenvolvimento de blocos em todo o pa\u00eds. \u201cSe a gente tem experi\u00eancia de blocos afro no Brasil, deve-se exatamente ao protagonismo da Bahia. Ent\u00e3o, \u00e9 isso que esse momento de di\u00e1logo e de escuta revela. H\u00e1 uma cultura negra, pulsante, ancestral, atual, futurista, que marca o diferencial da cultura baiana e que precisa ser cantada aos quatro ventos\u201d, refor\u00e7ou.<\/p>\n\n\n\n<p><br>O titular da Cultura Bruno Monteiro explica que a amplia\u00e7\u00e3o do Carnaval Ouro Negro \u00e9 uma forma de reconhecer o valor dos blocos afros para a Bahia e homenagear as entidades. &#8220;Os blocos afros, os afox\u00e9s t\u00eam uma import\u00e2ncia muito grande no reconhecimento do Carnaval da Bahia, para chegarmos onde chegamos. Este ano, completamos 50 anos dos blocos afros nessa festa e vamos homenage\u00e1-los com a amplia\u00e7\u00e3o do Carnaval Ouro Negro, com a amplia\u00e7\u00e3o de valor, ressaltando o protagonismo deles e dessa energia ancestral que \u00e9 o Carnaval da Bahia\u201d, refor\u00e7ou.<\/p>\n\n\n\n<p>Sobre coordenar as a\u00e7\u00f5es de governo no Carnaval pelo segundo ano consecutivo, Geraldo J\u00fanior agradeceu a confian\u00e7a de Jer\u00f4nimo. \u201cReitero meu compromisso para desempenhar essa coordena\u00e7\u00e3o trazendo todo o aprendizado adquirido em 2023. A escuta tem sido uma marca da nossa gest\u00e3o, e seguiremos com essa conduta na realiza\u00e7\u00e3o do Carnaval da Bahia, essa que \u00e9 a maior festa de rua do planeta\u201d, declarou o vice-governador.<\/p>\n\n\n\n<p><br>PROTAGONISMO BAIANO<\/p>\n\n\n\n<p>&nbsp;ngela Guimar\u00e3es, secret\u00e1ria de Promo\u00e7\u00e3o da Igualdade Racial e dos Povos e Comunidades Tradicionais, acrescentou que a Bahia foi escola para o desenvolvimento de blocos em todo o pa\u00eds. \u201cSe a gente tem experi\u00eancia de blocos afro no Brasil, deve-se exatamente ao protagonismo da Bahia. Ent\u00e3o, \u00e9 isso que esse momento de di\u00e1logo e de escuta revela. H\u00e1 uma cultura negra, pulsante, ancestral, atual, futurista, que marca o diferencial da cultura baiana e que precisa ser cantada aos quatro ventos\u201d, refor\u00e7ou.<\/p>\n\n\n\n<p>O titular da Cultura Bruno Monteiro explica que a amplia\u00e7\u00e3o do Carnaval Ouro Negro \u00e9 uma forma de reconhecer o valor dos blocos afros para a Bahia e homenagear as entidades. &#8220;Os blocos afros, os afox\u00e9s t\u00eam uma import\u00e2ncia muito grande no reconhecimento do Carnaval da Bahia, para chegarmos onde chegamos. Este ano, completamos 50 anos dos blocos afros nessa festa e vamos homenage\u00e1-los com a amplia\u00e7\u00e3o do Carnaval Ouro Negro, com a amplia\u00e7\u00e3o de valor, ressaltando o protagonismo deles e dessa energia ancestral que \u00e9 o Carnaval da Bahia\u201d, refor\u00e7ou.<\/p>\n\n\n\n<p>Esse ano, a TV p\u00fablica do Estado, al\u00e9m da transmiss\u00e3o atrav\u00e9s da TVE e da TV Brasil, que privilegia os blocos afros, vai exibir reportagens especiais em homenagem aos 50 anos das entidades no circuito da capital baiana.<\/p>\n\n\n\n<p>Fonte: Bahia Not\u00edcias <\/p>\n\n\n\n<p><\/p>\n","protected":false},"excerpt":{"rendered":"<p>O &nbsp;Il\u00ea Aiy\u00ea completa 50 anos de Carnaval, marcando tamb\u00e9m a presen\u00e7a dos blocos afros nos circuitos, e ser\u00e1 parte dos grupos contemplados pelo investimento recorde do programa Ouro Negro, aportado anualmente atrav\u00e9s da Secretaria de Cultura do Estado (Secult) no Carnaval de Bahia. O an\u00fancio foi feito durante encontro de representantes dos blocos afros, [&hellip;]<\/p>\n","protected":false},"author":2,"featured_media":7224,"comment_status":"open","ping_status":"open","sticky":false,"template":"","format":"standard","meta":{"jnews-multi-image_gallery":[],"jnews_single_post":{"subtitle":"","format":"standard","video":"","gallery":"","source_name":"","source_url":"","via_name":"","via_url":"","override_template":"0","override":[{"template":"1","single_blog_custom":"","parallax":"1","fullscreen":"1","layout":"right-sidebar","sidebar":"default-sidebar","second_sidebar":"default-sidebar","sticky_sidebar":"1","share_position":"top","share_float_style":"share-monocrhome","show_share_counter":"0","show_view_counter":"0","show_featured":"1","show_post_meta":"1","show_post_author":"0","show_post_author_image":"1","show_post_date":"1","post_date_format":"default","post_date_format_custom":"Y\/m\/d","show_post_category":"1","show_post_reading_time":"0","post_reading_time_wpm":"300","show_zoom_button":"0","zoom_button_out_step":"2","zoom_button_in_step":"3","show_post_tag":"1","show_prev_next_post":"1","show_popup_post":"1","number_popup_post":"1","show_author_box":"0","show_post_related":"0","show_inline_post_related":"0"}],"override_image_size":"0","image_override":[{"single_post_thumbnail_size":"no-crop","single_post_gallery_size":"crop-715"}],"trending_post":"0","trending_post_position":"meta","trending_post_label":"Trending","sponsored_post":"0","sponsored_post_label":"Sponsored by","sponsored_post_name":"","sponsored_post_url":"","sponsored_post_logo_enable":"0","sponsored_post_logo":"","sponsored_post_desc":"","disable_ad":"0"},"jnews_primary_category":{"id":"","hide":""},"footnotes":""},"categories":[85],"tags":[],"class_list":["post-7223","post","type-post","status-publish","format-standard","has-post-thumbnail","hentry","category-noticias"],"_links":{"self":[{"href":"https:\/\/cbxonline.com.br\/index.php\/wp-json\/wp\/v2\/posts\/7223","targetHints":{"allow":["GET"]}}],"collection":[{"href":"https:\/\/cbxonline.com.br\/index.php\/wp-json\/wp\/v2\/posts"}],"about":[{"href":"https:\/\/cbxonline.com.br\/index.php\/wp-json\/wp\/v2\/types\/post"}],"author":[{"embeddable":true,"href":"https:\/\/cbxonline.com.br\/index.php\/wp-json\/wp\/v2\/users\/2"}],"replies":[{"embeddable":true,"href":"https:\/\/cbxonline.com.br\/index.php\/wp-json\/wp\/v2\/comments?post=7223"}],"version-history":[{"count":1,"href":"https:\/\/cbxonline.com.br\/index.php\/wp-json\/wp\/v2\/posts\/7223\/revisions"}],"predecessor-version":[{"id":7225,"href":"https:\/\/cbxonline.com.br\/index.php\/wp-json\/wp\/v2\/posts\/7223\/revisions\/7225"}],"wp:featuredmedia":[{"embeddable":true,"href":"https:\/\/cbxonline.com.br\/index.php\/wp-json\/wp\/v2\/media\/7224"}],"wp:attachment":[{"href":"https:\/\/cbxonline.com.br\/index.php\/wp-json\/wp\/v2\/media?parent=7223"}],"wp:term":[{"taxonomy":"category","embeddable":true,"href":"https:\/\/cbxonline.com.br\/index.php\/wp-json\/wp\/v2\/categories?post=7223"},{"taxonomy":"post_tag","embeddable":true,"href":"https:\/\/cbxonline.com.br\/index.php\/wp-json\/wp\/v2\/tags?post=7223"}],"curies":[{"name":"wp","href":"https:\/\/api.w.org\/{rel}","templated":true}]}}