{"id":7153,"date":"2024-01-08T15:06:36","date_gmt":"2024-01-08T18:06:36","guid":{"rendered":"https:\/\/cbxonline.com.br\/?p=7153"},"modified":"2024-01-08T15:06:38","modified_gmt":"2024-01-08T18:06:38","slug":"lavagem-do-bonfim-tera-cinco-carros-pipa-e-distribuicao-de-protetor-solar","status":"publish","type":"post","link":"https:\/\/cbxonline.com.br\/index.php\/2024\/01\/08\/lavagem-do-bonfim-tera-cinco-carros-pipa-e-distribuicao-de-protetor-solar\/","title":{"rendered":"Lavagem do Bonfim ter\u00e1 cinco carros-pipa e distribui\u00e7\u00e3o de protetor solar"},"content":{"rendered":"\n<p id=\"paragrafo-ryww48vn7a\">A Lavagem do Bonfim deste ano ter\u00e1 algumas novidades. Pela primeira vez, a Prefeitura resolveu usar carros-pipa para ajudar a reduzir a sensa\u00e7\u00e3o t\u00e9rmica durante o cortejo que ser\u00e1 realizado na quinta-feira (11), e vai tamb\u00e9m distribuir protetor solar e instalar umidificador nos p\u00f3rtios de acesso a festa.<\/p>\n\n\n\n<p id=\"paragrafo-2xvya96y4i\">A vice-prefeita e secret\u00e1ria municipal de Sa\u00fade, Ana Paula Matos, explicou as mudan\u00e7as durante a divulga\u00e7\u00e3o do censo da popula\u00e7\u00e3o de rua, nesta segunda-feira (8). A gestora disse que a expectativa est\u00e1 em alta, que a prefeitura aguarda grandes multid\u00f5es para festa e que as estruturas de sa\u00fade j\u00e1 est\u00e3o montadas ao lado da igreja.<\/p>\n\n\n\n<p id=\"paragrafo-fh8vv516eo\">&#8220;Identificamos que \u00e9 poss\u00edvel colocar os carros-pipa nas ruas laterais. A Codesal est\u00e1 fazendo a vistoria in loco para definir esses pontos. Vamos ter tamb\u00e9m pontos de distribui\u00e7\u00e3o de protetor solar, a licita\u00e7\u00e3o saiu na sexta-feira, vamos distribuir 20 mil saches de protetor solar de 5ml, e teremos umidificadores nos p\u00f3rticos para aliviar o calor de quem for para a Lavagem do Bonfim&#8221;, explicou.<\/p>\n\n\n\n<p id=\"paragrafo-hvhdl25y7z\">Nesta segunda-feira, haver\u00e1 uma nova reuni\u00e3o entre Ana Paula, o prefeito Bruno Reis, o diretor geral da Defesa Civil (Codesal), Sosthenes Macedo, e o secret\u00e1rio municipal de Cultura e Turismo (Secult), Pedro Tourinho, para discutir se h\u00e1 necessidade de novas altera\u00e7\u00f5es para essas e outras festas.<\/p>\n\n\n\n<p id=\"paragrafo-bb8i210c1p\">As medidas s\u00e3o preventivas, depois das ondas de calor que atingiram o pa\u00eds nos \u00faltimos meses e de epis\u00f3dios de pessoas passando mal em eventos com grandes multid\u00f5es em outros estados. A Lavagem do Bonfim atra\u00ed multid\u00f5es de cat\u00f3licos e candomblecistas, porque o santo \u00e9 reverenciado junto com Oxal\u00e1 devido ao sincretismo, al\u00e9m de simpatizantes.\u00a0<\/p>\n\n\n\n<p>Fonte: Jornal Correio <\/p>\n","protected":false},"excerpt":{"rendered":"<p>A Lavagem do Bonfim deste ano ter\u00e1 algumas novidades. Pela primeira vez, a Prefeitura resolveu usar carros-pipa para ajudar a reduzir a sensa\u00e7\u00e3o t\u00e9rmica durante o cortejo que ser\u00e1 realizado na quinta-feira (11), e vai tamb\u00e9m distribuir protetor solar e instalar umidificador nos p\u00f3rtios de acesso a festa. A vice-prefeita e secret\u00e1ria municipal de Sa\u00fade, [&hellip;]<\/p>\n","protected":false},"author":2,"featured_media":7154,"comment_status":"open","ping_status":"open","sticky":false,"template":"","format":"standard","meta":{"jnews-multi-image_gallery":[],"jnews_single_post":{"subtitle":"","format":"standard","video":"","gallery":"","source_name":"","source_url":"","via_name":"","via_url":"","override_template":"0","override":[{"template":"1","single_blog_custom":"","parallax":"1","fullscreen":"1","layout":"right-sidebar","sidebar":"default-sidebar","second_sidebar":"default-sidebar","sticky_sidebar":"1","share_position":"top","share_float_style":"share-monocrhome","show_share_counter":"0","show_view_counter":"0","show_featured":"1","show_post_meta":"1","show_post_author":"0","show_post_author_image":"1","show_post_date":"1","post_date_format":"default","post_date_format_custom":"Y\/m\/d","show_post_category":"1","show_post_reading_time":"0","post_reading_time_wpm":"300","show_zoom_button":"0","zoom_button_out_step":"2","zoom_button_in_step":"3","show_post_tag":"1","show_prev_next_post":"1","show_popup_post":"1","number_popup_post":"1","show_author_box":"0","show_post_related":"0","show_inline_post_related":"0"}],"override_image_size":"0","image_override":[{"single_post_thumbnail_size":"no-crop","single_post_gallery_size":"crop-715"}],"trending_post":"0","trending_post_position":"meta","trending_post_label":"Trending","sponsored_post":"0","sponsored_post_label":"Sponsored by","sponsored_post_name":"","sponsored_post_url":"","sponsored_post_logo_enable":"0","sponsored_post_logo":"","sponsored_post_desc":"","disable_ad":"0"},"jnews_primary_category":{"id":"","hide":""},"footnotes":""},"categories":[85],"tags":[],"class_list":["post-7153","post","type-post","status-publish","format-standard","has-post-thumbnail","hentry","category-noticias"],"_links":{"self":[{"href":"https:\/\/cbxonline.com.br\/index.php\/wp-json\/wp\/v2\/posts\/7153","targetHints":{"allow":["GET"]}}],"collection":[{"href":"https:\/\/cbxonline.com.br\/index.php\/wp-json\/wp\/v2\/posts"}],"about":[{"href":"https:\/\/cbxonline.com.br\/index.php\/wp-json\/wp\/v2\/types\/post"}],"author":[{"embeddable":true,"href":"https:\/\/cbxonline.com.br\/index.php\/wp-json\/wp\/v2\/users\/2"}],"replies":[{"embeddable":true,"href":"https:\/\/cbxonline.com.br\/index.php\/wp-json\/wp\/v2\/comments?post=7153"}],"version-history":[{"count":1,"href":"https:\/\/cbxonline.com.br\/index.php\/wp-json\/wp\/v2\/posts\/7153\/revisions"}],"predecessor-version":[{"id":7155,"href":"https:\/\/cbxonline.com.br\/index.php\/wp-json\/wp\/v2\/posts\/7153\/revisions\/7155"}],"wp:featuredmedia":[{"embeddable":true,"href":"https:\/\/cbxonline.com.br\/index.php\/wp-json\/wp\/v2\/media\/7154"}],"wp:attachment":[{"href":"https:\/\/cbxonline.com.br\/index.php\/wp-json\/wp\/v2\/media?parent=7153"}],"wp:term":[{"taxonomy":"category","embeddable":true,"href":"https:\/\/cbxonline.com.br\/index.php\/wp-json\/wp\/v2\/categories?post=7153"},{"taxonomy":"post_tag","embeddable":true,"href":"https:\/\/cbxonline.com.br\/index.php\/wp-json\/wp\/v2\/tags?post=7153"}],"curies":[{"name":"wp","href":"https:\/\/api.w.org\/{rel}","templated":true}]}}