{"id":6853,"date":"2023-12-14T15:34:24","date_gmt":"2023-12-14T18:34:24","guid":{"rendered":"https:\/\/cbxonline.com.br\/?p=6853"},"modified":"2023-12-14T15:34:26","modified_gmt":"2023-12-14T18:34:26","slug":"governo-encerra-1a-etapa-do-programa-juventude-produtiva","status":"publish","type":"post","link":"https:\/\/cbxonline.com.br\/index.php\/2023\/12\/14\/governo-encerra-1a-etapa-do-programa-juventude-produtiva\/","title":{"rendered":"Governo encerra 1\u00aa etapa do Programa Juventude Produtiva"},"content":{"rendered":"\n<p>Com programa\u00e7\u00e3o que contar\u00e1 com exibi\u00e7\u00e3o de document\u00e1rio, desfile e exposi\u00e7\u00e3o de produtos na ter\u00e7a-feira, 19, a partir das 14h, o Governo do Estado da Bahia realiza a cerim\u00f4nia de encerramento da primeira fase do Programa Juventude Produtiva, no Museu Nacional de Cultura Afro-brasileira (Muncab).<\/p>\n\n\n\n<p>Executado pela Secretaria do Trabalho Emprego, Renda e Esporte (Setre), o Programa reuniu 11 projetos com objetivo de impulsionar o desenvolvimento social e a autonomia econ\u00f4mica de adolescentes e jovens baianos, beneficiando mais de 17 mil pessoas, de 16 a 29 anos, estudantes ou egressos da rede p\u00fablica escolar.<\/p>\n\n\n\n<p>Com investimento superior a R$ 8 milh\u00f5es, a a\u00e7\u00e3o ofereceu capacita\u00e7\u00e3o e orienta\u00e7\u00e3o para atividades empreendedoras e geradoras de renda por meio de projetos como o For\u00e7a Jovem\/Jovens Cineastas, que possibilitou a produ\u00e7\u00e3o de 24 curtas-metragens por estudantes da rede p\u00fablica estadual. Na solenidade ser\u00e1 exibido um document\u00e1rio com o \u2018making off\u2019 do projeto e um dos curtas, realizado por alunos do Centro de Educa\u00e7\u00e3o Especial da Bahia (Ceeba).<\/p>\n\n\n\n<p>A programa\u00e7\u00e3o inclui um desfile de moda de jovens que participaram do projeto Jovem Empreendedor, respons\u00e1vel pela capacita\u00e7\u00e3o social e profissional nas \u00e1reas de moda, audiovisual, empreendedorismo digital, design digital e digital music.<\/p>\n\n\n\n<p>Na \u00e1rea externa do Museu ser\u00e1 montada uma feira com 20 expositores, participantes do projeto Acelerando Seu Corre Bahia\/Fortalecendo seu Neg\u00f3cio, iniciativa que ofereceu educa\u00e7\u00e3o empreendedora com conte\u00fados em gest\u00e3o financeira, planejamento e venda em plataformas virtuais para mais de 2.000 jovens de Salvador e interior do estado.<br><br>Inscri\u00e7\u00f5es abertas<\/p>\n\n\n\n<p>Dois projetos do Programa est\u00e3o com inscri\u00e7\u00f5es abertas: Conectar EaD e Escola do Trabalhador 4.0.&nbsp; O primeiro oferece cinco mil vagas para 17 cursos diferentes. As op\u00e7\u00f5es s\u00e3o: fotografia digital profissional, gastronomia com \u00eanfase em cozinha vegana, ingl\u00eas b\u00e1sico e pr\u00e9-intermedi\u00e1rio, programa\u00e7\u00e3o em python e inform\u00e1tica b\u00e1sica, atendente de farm\u00e1cia, barbearia, cabeleireiro, cuidador (a) de idosos (as), digital influencer e gest\u00e3o de redes sociais, manicure e pedicure, profissional de turismo, profissional organizer, redes sociais como ferramenta de marketing.<\/p>\n\n\n\n<p>Cada pessoa pode se inscrever em apenas uma op\u00e7\u00e3o. O curso se destina a estudantes e ex-estudantes de escolas p\u00fablicas de at\u00e9 29 anos, interessados em aprimorar suas habilidades e conquistar novas oportunidades no mercado de trabalho. As inscri\u00e7\u00f5es podem ser feitas por meio do link: https:\/\/www.projetoconectarbahia.com.br.<\/p>\n\n\n\n<p>Escola do Trabalhador 4.0<\/p>\n\n\n\n<p>O Governo Federal destinou 500 mil vagas para a Bahia em cursos de qualifica\u00e7\u00e3o oferecidos pela Escola do Trabalhador 4.0, iniciativa do Minist\u00e9rio do Trabalho e Emprego (MTE) em parceria com a Microsoft. S\u00e3o cursos na \u00e1rea de tecnologia e produtividade: de letramento digital (conceitos iniciais relacionados aos primeiros passos para uma carreira digital) a cursos avan\u00e7ados em TI. As pessoas interessadas podem se inscrever no link: https:\/\/cadastro.escoladotrabalhador40.com.br\/<br><br>Em 2024 ser\u00e3o abertas as inscri\u00e7\u00f5es para o projeto Saber para Crescer, que prev\u00ea a oferta de 2.000 vagas para a capacita\u00e7\u00e3o de jovens empreendedores, uma a\u00e7\u00e3o em parceria com o Servi\u00e7o Brasileiro de Apoio as Micro e Pequenas Empresas (Sebrae).<br><br>Programa\u00e7\u00e3o<\/p>\n\n\n\n<p>14h \u2013 Receptivo e abertura da exposi\u00e7\u00e3o de produtos confeccionados por jovens empreendedores participantes do Programa<br>15h \u2013 Ato institucional<br>16h \u2013 Exibi\u00e7\u00e3o de document\u00e1rio e curta-metragem<br>17h \u2013 Apresenta\u00e7\u00e3o Cultural<br>18h &#8211; Encerramento<\/p>\n\n\n\n<p>Fonte: A Tarde <\/p>\n","protected":false},"excerpt":{"rendered":"<p>Com programa\u00e7\u00e3o que contar\u00e1 com exibi\u00e7\u00e3o de document\u00e1rio, desfile e exposi\u00e7\u00e3o de produtos na ter\u00e7a-feira, 19, a partir das 14h, o Governo do Estado da Bahia realiza a cerim\u00f4nia de encerramento da primeira fase do Programa Juventude Produtiva, no Museu Nacional de Cultura Afro-brasileira (Muncab). Executado pela Secretaria do Trabalho Emprego, Renda e Esporte (Setre), [&hellip;]<\/p>\n","protected":false},"author":2,"featured_media":6854,"comment_status":"open","ping_status":"open","sticky":false,"template":"","format":"standard","meta":{"jnews-multi-image_gallery":[],"jnews_single_post":{"subtitle":"","format":"standard","video":"","gallery":"","source_name":"","source_url":"","via_name":"","via_url":"","override_template":"0","override":[{"template":"1","single_blog_custom":"","parallax":"1","fullscreen":"1","layout":"right-sidebar","sidebar":"default-sidebar","second_sidebar":"default-sidebar","sticky_sidebar":"1","share_position":"top","share_float_style":"share-monocrhome","show_share_counter":"0","show_view_counter":"0","show_featured":"1","show_post_meta":"1","show_post_author":"0","show_post_author_image":"1","show_post_date":"1","post_date_format":"default","post_date_format_custom":"Y\/m\/d","show_post_category":"1","show_post_reading_time":"0","post_reading_time_wpm":"300","show_zoom_button":"0","zoom_button_out_step":"2","zoom_button_in_step":"3","show_post_tag":"1","show_prev_next_post":"1","show_popup_post":"1","number_popup_post":"1","show_author_box":"0","show_post_related":"0","show_inline_post_related":"0"}],"override_image_size":"0","image_override":[{"single_post_thumbnail_size":"no-crop","single_post_gallery_size":"crop-715"}],"trending_post":"0","trending_post_position":"meta","trending_post_label":"Trending","sponsored_post":"0","sponsored_post_label":"Sponsored by","sponsored_post_name":"","sponsored_post_url":"","sponsored_post_logo_enable":"0","sponsored_post_logo":"","sponsored_post_desc":"","disable_ad":"0"},"jnews_primary_category":{"id":"","hide":""},"footnotes":""},"categories":[91],"tags":[],"class_list":["post-6853","post","type-post","status-publish","format-standard","has-post-thumbnail","hentry","category-politica"],"_links":{"self":[{"href":"https:\/\/cbxonline.com.br\/index.php\/wp-json\/wp\/v2\/posts\/6853","targetHints":{"allow":["GET"]}}],"collection":[{"href":"https:\/\/cbxonline.com.br\/index.php\/wp-json\/wp\/v2\/posts"}],"about":[{"href":"https:\/\/cbxonline.com.br\/index.php\/wp-json\/wp\/v2\/types\/post"}],"author":[{"embeddable":true,"href":"https:\/\/cbxonline.com.br\/index.php\/wp-json\/wp\/v2\/users\/2"}],"replies":[{"embeddable":true,"href":"https:\/\/cbxonline.com.br\/index.php\/wp-json\/wp\/v2\/comments?post=6853"}],"version-history":[{"count":1,"href":"https:\/\/cbxonline.com.br\/index.php\/wp-json\/wp\/v2\/posts\/6853\/revisions"}],"predecessor-version":[{"id":6855,"href":"https:\/\/cbxonline.com.br\/index.php\/wp-json\/wp\/v2\/posts\/6853\/revisions\/6855"}],"wp:featuredmedia":[{"embeddable":true,"href":"https:\/\/cbxonline.com.br\/index.php\/wp-json\/wp\/v2\/media\/6854"}],"wp:attachment":[{"href":"https:\/\/cbxonline.com.br\/index.php\/wp-json\/wp\/v2\/media?parent=6853"}],"wp:term":[{"taxonomy":"category","embeddable":true,"href":"https:\/\/cbxonline.com.br\/index.php\/wp-json\/wp\/v2\/categories?post=6853"},{"taxonomy":"post_tag","embeddable":true,"href":"https:\/\/cbxonline.com.br\/index.php\/wp-json\/wp\/v2\/tags?post=6853"}],"curies":[{"name":"wp","href":"https:\/\/api.w.org\/{rel}","templated":true}]}}