{"id":6840,"date":"2023-12-14T14:33:26","date_gmt":"2023-12-14T17:33:26","guid":{"rendered":"https:\/\/cbxonline.com.br\/?p=6840"},"modified":"2023-12-14T14:33:29","modified_gmt":"2023-12-14T17:33:29","slug":"mp-recomenda-medidas-contra-transtornos-a-moradores-do-carmo-durante-o-carnaval","status":"publish","type":"post","link":"https:\/\/cbxonline.com.br\/index.php\/2023\/12\/14\/mp-recomenda-medidas-contra-transtornos-a-moradores-do-carmo-durante-o-carnaval\/","title":{"rendered":"MP recomenda medidas contra transtornos a moradores do Carmo durante o Carnaval"},"content":{"rendered":"\n<p>O Minist\u00e9rio P\u00fablico estadual recomendou no dia 7 deste m\u00eas ao Munic\u00edpio de Salvador que exija dos organizadores e patrocinadores do Carnaval de 2024 no bairro Santo Ant\u00f4nio Alem do Carmo garantias relacionadas ao cumprimento dos hor\u00e1rios e trajetos definidos pelo Poder P\u00fablico e aos limites sonoros previstos em lei, proibindo a utiliza\u00e7\u00e3o de carro de som em qualquer formato. Al\u00e9m disso, o Munic\u00edpio foi orientado a exigir o tratamento dos res\u00edduos s\u00f3lidos, destinando a coleta \u00e0s cooperativas de catadores de Salvador.&nbsp;<\/p>\n\n\n\n<p>\u201cCabe ao Prefeito Municipal proporcionar a infraestrutura, os servi\u00e7os p\u00fablicos de apoio e a divulga\u00e7\u00e3o integral das informa\u00e7\u00f5es necess\u00e1rias \u00e0 realiza\u00e7\u00e3o do Carnaval, notadamente sobre os trajetos a serem percorridos pelos blocos carnavalescos, com rela\u00e7\u00e3o de itiner\u00e1rios, datas e hor\u00e1rios de in\u00edcio e de encerramento dos blocos cadastrados, bem como sobre a infraestrutura a ser disponibilizada pela iniciativa privada para a realiza\u00e7\u00e3o dos festejos\u201d, destacou a promotora de Justi\u00e7a Cristina Seixas, autora da recomenda\u00e7\u00e3o.&nbsp;<\/p>\n\n\n\n<p>No documento, o MP recomendou ainda que o Munic\u00edpio observe as limita\u00e7\u00f5es impostas pela legisla\u00e7\u00e3o em vigor em rela\u00e7\u00e3o aos hor\u00e1rios dos eventos e aos n\u00edveis de ru\u00eddo no bairro do Santo Ant\u00f4nio Al\u00e9m do Carmo, evitando que os desfiles ocorram nas mesmas datas de eventos de grande ades\u00e3o popular, garantindo o livre acesso de pessoas e ve\u00edculos nas quadras residenciais do bairro; e reduza o n\u00famero de participantes dos blocos, ou caso n\u00e3o seja poss\u00edvel, o n\u00famero de agremia\u00e7\u00f5es carnavalescas que participar\u00e3o dos desfiles no bairro, a fim de diminuir do n\u00famero de pessoas transitando nas ruas durante as festas.<\/p>\n\n\n\n<p>\u00a0\u201cGrande parte do n\u00famero de moradores e comerciantes do bairro n\u00e3o concorda com o formato do Carnaval que o Santo Ant\u00f4nio Al\u00e9m do Carmo passou a ter nos \u00faltimos anos, com rela\u00e7\u00e3o ao n\u00famero de participantes, pois apesar de gostarem da tradi\u00e7\u00e3o dos bloquinhos de fanfarras, reconhecem o impacto negativo desses eventos na regi\u00e3o e desejam mudan\u00e7as\u201d, destacou a promotora de Justi\u00e7a. Ela complementou que o casario colonial das ruas do Carmo e da rua Direita de Santo Ant\u00f4nio \u00e9 coletivamente tombado pelo Instituto do Patrim\u00f4nio Hist\u00f3rico Nacional (IPHAN) e que a instala\u00e7\u00e3o de sanit\u00e1rios qu\u00edmicos no Largo de Santo Ant\u00f4nio e em outras \u00e1reas, al\u00e9m de n\u00e3o permitido, n\u00e3o \u00e9 aceito pela popula\u00e7\u00e3o, sendo grande o n\u00fameros de queixas que chegam ao MP referente a quantidade de pessoas que urinaram nas portas e janelas das resid\u00eancias em Carnavais anteriores.<\/p>\n\n\n\n<p>Fonte: Tribuna da Bahia <\/p>\n","protected":false},"excerpt":{"rendered":"<p>O Minist\u00e9rio P\u00fablico estadual recomendou no dia 7 deste m\u00eas ao Munic\u00edpio de Salvador que exija dos organizadores e patrocinadores do Carnaval de 2024 no bairro Santo Ant\u00f4nio Alem do Carmo garantias relacionadas ao cumprimento dos hor\u00e1rios e trajetos definidos pelo Poder P\u00fablico e aos limites sonoros previstos em lei, proibindo a utiliza\u00e7\u00e3o de carro [&hellip;]<\/p>\n","protected":false},"author":2,"featured_media":6841,"comment_status":"open","ping_status":"open","sticky":false,"template":"","format":"standard","meta":{"jnews-multi-image_gallery":[],"jnews_single_post":{"subtitle":"","format":"standard","video":"","gallery":"","source_name":"","source_url":"","via_name":"","via_url":"","override_template":"0","override":[{"template":"1","single_blog_custom":"","parallax":"1","fullscreen":"1","layout":"right-sidebar","sidebar":"default-sidebar","second_sidebar":"default-sidebar","sticky_sidebar":"1","share_position":"top","share_float_style":"share-monocrhome","show_share_counter":"0","show_view_counter":"0","show_featured":"1","show_post_meta":"1","show_post_author":"0","show_post_author_image":"1","show_post_date":"1","post_date_format":"default","post_date_format_custom":"Y\/m\/d","show_post_category":"1","show_post_reading_time":"0","post_reading_time_wpm":"300","show_zoom_button":"0","zoom_button_out_step":"2","zoom_button_in_step":"3","show_post_tag":"1","show_prev_next_post":"1","show_popup_post":"1","number_popup_post":"1","show_author_box":"0","show_post_related":"0","show_inline_post_related":"0"}],"override_image_size":"0","image_override":[{"single_post_thumbnail_size":"no-crop","single_post_gallery_size":"crop-715"}],"trending_post":"0","trending_post_position":"meta","trending_post_label":"Trending","sponsored_post":"0","sponsored_post_label":"Sponsored by","sponsored_post_name":"","sponsored_post_url":"","sponsored_post_logo_enable":"0","sponsored_post_logo":"","sponsored_post_desc":"","disable_ad":"0"},"jnews_primary_category":{"id":"","hide":""},"footnotes":""},"categories":[85],"tags":[],"class_list":["post-6840","post","type-post","status-publish","format-standard","has-post-thumbnail","hentry","category-noticias"],"_links":{"self":[{"href":"https:\/\/cbxonline.com.br\/index.php\/wp-json\/wp\/v2\/posts\/6840","targetHints":{"allow":["GET"]}}],"collection":[{"href":"https:\/\/cbxonline.com.br\/index.php\/wp-json\/wp\/v2\/posts"}],"about":[{"href":"https:\/\/cbxonline.com.br\/index.php\/wp-json\/wp\/v2\/types\/post"}],"author":[{"embeddable":true,"href":"https:\/\/cbxonline.com.br\/index.php\/wp-json\/wp\/v2\/users\/2"}],"replies":[{"embeddable":true,"href":"https:\/\/cbxonline.com.br\/index.php\/wp-json\/wp\/v2\/comments?post=6840"}],"version-history":[{"count":1,"href":"https:\/\/cbxonline.com.br\/index.php\/wp-json\/wp\/v2\/posts\/6840\/revisions"}],"predecessor-version":[{"id":6842,"href":"https:\/\/cbxonline.com.br\/index.php\/wp-json\/wp\/v2\/posts\/6840\/revisions\/6842"}],"wp:featuredmedia":[{"embeddable":true,"href":"https:\/\/cbxonline.com.br\/index.php\/wp-json\/wp\/v2\/media\/6841"}],"wp:attachment":[{"href":"https:\/\/cbxonline.com.br\/index.php\/wp-json\/wp\/v2\/media?parent=6840"}],"wp:term":[{"taxonomy":"category","embeddable":true,"href":"https:\/\/cbxonline.com.br\/index.php\/wp-json\/wp\/v2\/categories?post=6840"},{"taxonomy":"post_tag","embeddable":true,"href":"https:\/\/cbxonline.com.br\/index.php\/wp-json\/wp\/v2\/tags?post=6840"}],"curies":[{"name":"wp","href":"https:\/\/api.w.org\/{rel}","templated":true}]}}