{"id":6774,"date":"2023-12-13T13:31:13","date_gmt":"2023-12-13T16:31:13","guid":{"rendered":"https:\/\/cbxonline.com.br\/?p=6774"},"modified":"2023-12-13T13:31:16","modified_gmt":"2023-12-13T16:31:16","slug":"jeronimo-decreta-luto-oficial-de-tres-dias-por-morte-de-luiz-alberto","status":"publish","type":"post","link":"https:\/\/cbxonline.com.br\/index.php\/2023\/12\/13\/jeronimo-decreta-luto-oficial-de-tres-dias-por-morte-de-luiz-alberto\/","title":{"rendered":"Jer\u00f4nimo decreta luto oficial de tr\u00eas dias por morte de Luiz Alberto"},"content":{"rendered":"\n<p>O governador Jer\u00f4nimo Rodrigues (PT) decretou luto de tr\u00eas dias no estado ap\u00f3s\u00a0a morte do ex-deputado federal, Luiz Alberto, na manh\u00e3 desta quarta-feira, 13, v\u00edtima de um infarto. O petista e a primeira-dama do Estado, Tatiana Velloso, tamb\u00e9m lamentaram o falecimento do ex-parlamentar em rede social.<\/p>\n\n\n\n<p>\u201cCom pesar, recebemos a not\u00edcia do falecimento de um grande nome do movimento negro e que dedicou a vida a tornar a Bahia mais igualit\u00e1ria. Luiz Alberto se vai, mas deixa um exemplo para todos. E honrando sua trajet\u00f3ria, determinei o luto de tr\u00eas dias no estado. Eu e minha companheira Tatiana enviamos nosso abra\u00e7o carinhoso a fam\u00edlia, amigos e toda a comunidade neste momento dif\u00edcil\u201d, registrou Jer\u00f4nimo.<\/p>\n\n\n\n<p>A morte de Luiz Alberto foi confirmada\u00a0atrav\u00e9s da assessoria da Secretaria de Justi\u00e7a e Direitos Humanos, onde o militante do movimento negro trabalhava como assessor do chefe da pasta, Felipe Freitas. <\/p>\n\n\n\n<p>Depois de sofrer o infarto, Luiz Alberto chegou a ser atendido no Hospital do Aeroporto, pr\u00f3ximo da divisa entre Salvador e Lauro de Freitas, mas n\u00e3o resistiu.<\/p>\n\n\n\n<p>Luiz Alberto era conhecido pelas lutas de igualdade racial e pelos direitos dos trabalhadores, deixando um legado nas \u00e1reas de cultura, meio ambiente, direitos humanos e igualdade racial. Atualmente, trabalhava como assessor especial da Secretaria da Justi\u00e7a e Direitos Humanos.<\/p>\n\n\n\n<p>Durante o per\u00edodo em que foi deputado, entre 1997 e 2015, Luiz Alberto se licenciou da C\u00e2mara para chefiar a Secretaria Estadual de Promo\u00e7\u00e3o da Igualdade da Bahia entre 2007 e 2008.<\/p>\n\n\n\n<p>Fonte: A Tarde <\/p>\n","protected":false},"excerpt":{"rendered":"<p>O governador Jer\u00f4nimo Rodrigues (PT) decretou luto de tr\u00eas dias no estado ap\u00f3s\u00a0a morte do ex-deputado federal, Luiz Alberto, na manh\u00e3 desta quarta-feira, 13, v\u00edtima de um infarto. O petista e a primeira-dama do Estado, Tatiana Velloso, tamb\u00e9m lamentaram o falecimento do ex-parlamentar em rede social. \u201cCom pesar, recebemos a not\u00edcia do falecimento de um [&hellip;]<\/p>\n","protected":false},"author":2,"featured_media":6775,"comment_status":"open","ping_status":"open","sticky":false,"template":"","format":"standard","meta":{"jnews-multi-image_gallery":[],"jnews_single_post":{"subtitle":"","format":"standard","video":"","gallery":"","source_name":"","source_url":"","via_name":"","via_url":"","override_template":"0","override":[{"template":"1","single_blog_custom":"","parallax":"1","fullscreen":"1","layout":"right-sidebar","sidebar":"default-sidebar","second_sidebar":"default-sidebar","sticky_sidebar":"1","share_position":"top","share_float_style":"share-monocrhome","show_share_counter":"0","show_view_counter":"0","show_featured":"1","show_post_meta":"1","show_post_author":"0","show_post_author_image":"1","show_post_date":"1","post_date_format":"default","post_date_format_custom":"Y\/m\/d","show_post_category":"1","show_post_reading_time":"0","post_reading_time_wpm":"300","show_zoom_button":"0","zoom_button_out_step":"2","zoom_button_in_step":"3","show_post_tag":"1","show_prev_next_post":"1","show_popup_post":"1","number_popup_post":"1","show_author_box":"0","show_post_related":"0","show_inline_post_related":"0"}],"override_image_size":"0","image_override":[{"single_post_thumbnail_size":"no-crop","single_post_gallery_size":"crop-715"}],"trending_post":"0","trending_post_position":"meta","trending_post_label":"Trending","sponsored_post":"0","sponsored_post_label":"Sponsored by","sponsored_post_name":"","sponsored_post_url":"","sponsored_post_logo_enable":"0","sponsored_post_logo":"","sponsored_post_desc":"","disable_ad":"0"},"jnews_primary_category":{"id":"","hide":""},"footnotes":""},"categories":[91],"tags":[],"class_list":["post-6774","post","type-post","status-publish","format-standard","has-post-thumbnail","hentry","category-politica"],"_links":{"self":[{"href":"https:\/\/cbxonline.com.br\/index.php\/wp-json\/wp\/v2\/posts\/6774","targetHints":{"allow":["GET"]}}],"collection":[{"href":"https:\/\/cbxonline.com.br\/index.php\/wp-json\/wp\/v2\/posts"}],"about":[{"href":"https:\/\/cbxonline.com.br\/index.php\/wp-json\/wp\/v2\/types\/post"}],"author":[{"embeddable":true,"href":"https:\/\/cbxonline.com.br\/index.php\/wp-json\/wp\/v2\/users\/2"}],"replies":[{"embeddable":true,"href":"https:\/\/cbxonline.com.br\/index.php\/wp-json\/wp\/v2\/comments?post=6774"}],"version-history":[{"count":1,"href":"https:\/\/cbxonline.com.br\/index.php\/wp-json\/wp\/v2\/posts\/6774\/revisions"}],"predecessor-version":[{"id":6776,"href":"https:\/\/cbxonline.com.br\/index.php\/wp-json\/wp\/v2\/posts\/6774\/revisions\/6776"}],"wp:featuredmedia":[{"embeddable":true,"href":"https:\/\/cbxonline.com.br\/index.php\/wp-json\/wp\/v2\/media\/6775"}],"wp:attachment":[{"href":"https:\/\/cbxonline.com.br\/index.php\/wp-json\/wp\/v2\/media?parent=6774"}],"wp:term":[{"taxonomy":"category","embeddable":true,"href":"https:\/\/cbxonline.com.br\/index.php\/wp-json\/wp\/v2\/categories?post=6774"},{"taxonomy":"post_tag","embeddable":true,"href":"https:\/\/cbxonline.com.br\/index.php\/wp-json\/wp\/v2\/tags?post=6774"}],"curies":[{"name":"wp","href":"https:\/\/api.w.org\/{rel}","templated":true}]}}