{"id":6759,"date":"2023-12-13T11:02:54","date_gmt":"2023-12-13T14:02:54","guid":{"rendered":"https:\/\/cbxonline.com.br\/?p=6759"},"modified":"2023-12-13T11:02:56","modified_gmt":"2023-12-13T14:02:56","slug":"apos-requalificacao-elevador-lacerda-nao-tera-tarifa-reajustada-e-devera-aceitar-salvador-card","status":"publish","type":"post","link":"https:\/\/cbxonline.com.br\/index.php\/2023\/12\/13\/apos-requalificacao-elevador-lacerda-nao-tera-tarifa-reajustada-e-devera-aceitar-salvador-card\/","title":{"rendered":"Ap\u00f3s requalifica\u00e7\u00e3o, Elevador Lacerda n\u00e3o ter\u00e1 tarifa reajustada e dever\u00e1 aceitar Salvador Card"},"content":{"rendered":"\n<p>Um dos mais conhecidos cart\u00f5es-postais de Salvador, o Elevador Lacerda passar\u00e1 por requalifica\u00e7\u00e3o, mas n\u00e3o ter\u00e1 sua tarifa alterada. O valor de R$ 0,15 cobrado transportar baianos e turistas entre a Cidade Baixa e Cidade Alta deve permanecer.\u00a0Foi o que informou o secret\u00e1rio de Mobilidade, Fabrizzio Muller, em coletiva de imprensa na manh\u00e3 desta quarta-feira (13), durante assinatura da ordem de servi\u00e7o para a reforma do equipamento.\u00a0<\/p>\n\n\n\n<p>Al\u00e9m disso, o titular da Semob adiantou que o modal deve aceitar novos meios de pagamento, incluindo o Salvador Card. \u201cN\u00e3o h\u00e1 previs\u00e3o nenhuma de aumento. O que a gente far\u00e1 \u00e9 uma moderniza\u00e7\u00e3o no sistema de bilhetagem, com catracas novas e sistema de bilhetagem moderno que permita a utiliza\u00e7\u00e3o de outros meios de pagamento que pode ser cart\u00e3o de cr\u00e9dito e de d\u00e9bito. A ideia \u00e9 a gente fazer inclusive a utiliza\u00e7\u00e3o do Salvador Card para que as pessoas possam utilizar o valor do saldo do cart\u00e3o\u201d, disse Muller.\u00a0<\/p>\n\n\n\n<p>Durante a obra, que tem dura\u00e7\u00e3o estimada de 10 meses, n\u00e3o est\u00e1 descartada a possibilidade da suspens\u00e3o de funcionamento das cabines. Se houver necessidade, o secret\u00e1rio informou que far\u00e1 um plano para que os passageiros continuem a ser transportados sem preju\u00edzo.<\/p>\n\n\n\n<p>\u201cA gente vai fazer toda uma articula\u00e7\u00e3o para que tenha o menor impacto poss\u00edvel na utiliza\u00e7\u00e3o do elevador. Pode ser que em algum momento, precise haver uma suspens\u00e3o, isso vai ser avisado para que as pessoas n\u00e3o impactem no dia a dia das pessoas\u201d, afirmou.\u00a0<\/p>\n\n\n\n<p>O projeto, elaborado pela Funda\u00e7\u00e3o M\u00e1rio Leal Ferreira (FMLF), prev\u00ea melhorias estruturais nos sagu\u00f5es que abrigam as quatro cabines dos elevadores, abrangendo desde implanta\u00e7\u00e3o de sistema de climatiza\u00e7\u00e3o at\u00e9 nova pintura, ilumina\u00e7\u00e3o, revestimentos das paredes e do piso, assim como solu\u00e7\u00f5es para otimizar o fluxo de passageiros.<\/p>\n\n\n\n<p>Fonte: Bahia Not\u00edcias <\/p>\n","protected":false},"excerpt":{"rendered":"<p>Um dos mais conhecidos cart\u00f5es-postais de Salvador, o Elevador Lacerda passar\u00e1 por requalifica\u00e7\u00e3o, mas n\u00e3o ter\u00e1 sua tarifa alterada. O valor de R$ 0,15 cobrado transportar baianos e turistas entre a Cidade Baixa e Cidade Alta deve permanecer.\u00a0Foi o que informou o secret\u00e1rio de Mobilidade, Fabrizzio Muller, em coletiva de imprensa na manh\u00e3 desta quarta-feira [&hellip;]<\/p>\n","protected":false},"author":2,"featured_media":6760,"comment_status":"open","ping_status":"open","sticky":false,"template":"","format":"standard","meta":{"jnews-multi-image_gallery":[],"jnews_single_post":{"subtitle":"","format":"standard","video":"","gallery":"","source_name":"","source_url":"","via_name":"","via_url":"","override_template":"0","override":[{"template":"1","single_blog_custom":"","parallax":"1","fullscreen":"1","layout":"right-sidebar","sidebar":"default-sidebar","second_sidebar":"default-sidebar","sticky_sidebar":"1","share_position":"top","share_float_style":"share-monocrhome","show_share_counter":"0","show_view_counter":"0","show_featured":"1","show_post_meta":"1","show_post_author":"0","show_post_author_image":"1","show_post_date":"1","post_date_format":"default","post_date_format_custom":"Y\/m\/d","show_post_category":"1","show_post_reading_time":"0","post_reading_time_wpm":"300","show_zoom_button":"0","zoom_button_out_step":"2","zoom_button_in_step":"3","show_post_tag":"1","show_prev_next_post":"1","show_popup_post":"1","number_popup_post":"1","show_author_box":"0","show_post_related":"0","show_inline_post_related":"0"}],"override_image_size":"0","image_override":[{"single_post_thumbnail_size":"no-crop","single_post_gallery_size":"crop-715"}],"trending_post":"0","trending_post_position":"meta","trending_post_label":"Trending","sponsored_post":"0","sponsored_post_label":"Sponsored by","sponsored_post_name":"","sponsored_post_url":"","sponsored_post_logo_enable":"0","sponsored_post_logo":"","sponsored_post_desc":"","disable_ad":"0"},"jnews_primary_category":{"id":"","hide":""},"footnotes":""},"categories":[85],"tags":[],"class_list":["post-6759","post","type-post","status-publish","format-standard","has-post-thumbnail","hentry","category-noticias"],"_links":{"self":[{"href":"https:\/\/cbxonline.com.br\/index.php\/wp-json\/wp\/v2\/posts\/6759","targetHints":{"allow":["GET"]}}],"collection":[{"href":"https:\/\/cbxonline.com.br\/index.php\/wp-json\/wp\/v2\/posts"}],"about":[{"href":"https:\/\/cbxonline.com.br\/index.php\/wp-json\/wp\/v2\/types\/post"}],"author":[{"embeddable":true,"href":"https:\/\/cbxonline.com.br\/index.php\/wp-json\/wp\/v2\/users\/2"}],"replies":[{"embeddable":true,"href":"https:\/\/cbxonline.com.br\/index.php\/wp-json\/wp\/v2\/comments?post=6759"}],"version-history":[{"count":1,"href":"https:\/\/cbxonline.com.br\/index.php\/wp-json\/wp\/v2\/posts\/6759\/revisions"}],"predecessor-version":[{"id":6761,"href":"https:\/\/cbxonline.com.br\/index.php\/wp-json\/wp\/v2\/posts\/6759\/revisions\/6761"}],"wp:featuredmedia":[{"embeddable":true,"href":"https:\/\/cbxonline.com.br\/index.php\/wp-json\/wp\/v2\/media\/6760"}],"wp:attachment":[{"href":"https:\/\/cbxonline.com.br\/index.php\/wp-json\/wp\/v2\/media?parent=6759"}],"wp:term":[{"taxonomy":"category","embeddable":true,"href":"https:\/\/cbxonline.com.br\/index.php\/wp-json\/wp\/v2\/categories?post=6759"},{"taxonomy":"post_tag","embeddable":true,"href":"https:\/\/cbxonline.com.br\/index.php\/wp-json\/wp\/v2\/tags?post=6759"}],"curies":[{"name":"wp","href":"https:\/\/api.w.org\/{rel}","templated":true}]}}