{"id":6753,"date":"2023-12-13T10:43:13","date_gmt":"2023-12-13T13:43:13","guid":{"rendered":"https:\/\/cbxonline.com.br\/?p=6753"},"modified":"2023-12-13T10:43:15","modified_gmt":"2023-12-13T13:43:15","slug":"morre-ex-deputado-federal-do-pt-luiz-alberto-aos-70-anos","status":"publish","type":"post","link":"https:\/\/cbxonline.com.br\/index.php\/2023\/12\/13\/morre-ex-deputado-federal-do-pt-luiz-alberto-aos-70-anos\/","title":{"rendered":"Morre ex-deputado federal do PT, Luiz Alberto, aos 70 anos"},"content":{"rendered":"\n<p>Uma das lideran\u00e7as do movimento negro baiano e\u00a0um dos fundadores do PT da Bahia, o ex-deputado federal Luiz Alberto (PT-BA) morreu nesta quarta-feira, 13, ap\u00f3s sofrer um infarto.<\/p>\n\n\n\n<p>A informa\u00e7\u00e3o foi confirmada\u00a0pela assessoria da Secretaria de Justi\u00e7a e Direitos Humanos, onde Luiz Alberto trabalhava como assessor do chefe da pasta, Felipe Freitas.<\/p>\n\n\n\n<p>Depois de sofrer o infarto, Luiz Alberto chegou a ser atendido no Hospital do Aeroporto, pr\u00f3ximo da divisa entre Salvador e Lauro de Freitas, mas n\u00e3o resistiu.<\/p>\n\n\n\n<p>Nascido em Maragogipe, munic\u00edpio do Rec\u00f4ncavo\u00a0onde era pr\u00e9-candidato a prefeito, Luiz Alberto \u00e9 reconhecido, entre outros motivos, por ser um dos fundadores do Movimento Negro Unificado (MNU) e por ter atuado na defesa dos direitos da popula\u00e7\u00e3o negra na C\u00e2mara.<\/p>\n\n\n\n<p>Durante o per\u00edodo em que foi deputado, entre 1997 e 2015, Luiz Alberto se licenciou da C\u00e2mara para chefiar a Secretaria Estadual de Promo\u00e7\u00e3o da Igualdade da Bahia entre 2007 e 2008. <\/p>\n\n\n\n<p>Fonte: A Tarde<\/p>\n","protected":false},"excerpt":{"rendered":"<p>Uma das lideran\u00e7as do movimento negro baiano e\u00a0um dos fundadores do PT da Bahia, o ex-deputado federal Luiz Alberto (PT-BA) morreu nesta quarta-feira, 13, ap\u00f3s sofrer um infarto. A informa\u00e7\u00e3o foi confirmada\u00a0pela assessoria da Secretaria de Justi\u00e7a e Direitos Humanos, onde Luiz Alberto trabalhava como assessor do chefe da pasta, Felipe Freitas. Depois de sofrer [&hellip;]<\/p>\n","protected":false},"author":2,"featured_media":6754,"comment_status":"open","ping_status":"open","sticky":false,"template":"","format":"standard","meta":{"jnews-multi-image_gallery":[],"jnews_single_post":{"subtitle":"","format":"standard","video":"","gallery":"","source_name":"","source_url":"","via_name":"","via_url":"","override_template":"0","override":[{"template":"1","single_blog_custom":"","parallax":"1","fullscreen":"1","layout":"right-sidebar","sidebar":"default-sidebar","second_sidebar":"default-sidebar","sticky_sidebar":"1","share_position":"top","share_float_style":"share-monocrhome","show_share_counter":"0","show_view_counter":"0","show_featured":"1","show_post_meta":"1","show_post_author":"0","show_post_author_image":"1","show_post_date":"1","post_date_format":"default","post_date_format_custom":"Y\/m\/d","show_post_category":"1","show_post_reading_time":"0","post_reading_time_wpm":"300","show_zoom_button":"0","zoom_button_out_step":"2","zoom_button_in_step":"3","show_post_tag":"1","show_prev_next_post":"1","show_popup_post":"1","number_popup_post":"1","show_author_box":"0","show_post_related":"0","show_inline_post_related":"0"}],"override_image_size":"0","image_override":[{"single_post_thumbnail_size":"no-crop","single_post_gallery_size":"crop-715"}],"trending_post":"0","trending_post_position":"meta","trending_post_label":"Trending","sponsored_post":"0","sponsored_post_label":"Sponsored by","sponsored_post_name":"","sponsored_post_url":"","sponsored_post_logo_enable":"0","sponsored_post_logo":"","sponsored_post_desc":"","disable_ad":"0"},"jnews_primary_category":{"id":"","hide":""},"footnotes":""},"categories":[91],"tags":[],"class_list":["post-6753","post","type-post","status-publish","format-standard","has-post-thumbnail","hentry","category-politica"],"_links":{"self":[{"href":"https:\/\/cbxonline.com.br\/index.php\/wp-json\/wp\/v2\/posts\/6753","targetHints":{"allow":["GET"]}}],"collection":[{"href":"https:\/\/cbxonline.com.br\/index.php\/wp-json\/wp\/v2\/posts"}],"about":[{"href":"https:\/\/cbxonline.com.br\/index.php\/wp-json\/wp\/v2\/types\/post"}],"author":[{"embeddable":true,"href":"https:\/\/cbxonline.com.br\/index.php\/wp-json\/wp\/v2\/users\/2"}],"replies":[{"embeddable":true,"href":"https:\/\/cbxonline.com.br\/index.php\/wp-json\/wp\/v2\/comments?post=6753"}],"version-history":[{"count":1,"href":"https:\/\/cbxonline.com.br\/index.php\/wp-json\/wp\/v2\/posts\/6753\/revisions"}],"predecessor-version":[{"id":6755,"href":"https:\/\/cbxonline.com.br\/index.php\/wp-json\/wp\/v2\/posts\/6753\/revisions\/6755"}],"wp:featuredmedia":[{"embeddable":true,"href":"https:\/\/cbxonline.com.br\/index.php\/wp-json\/wp\/v2\/media\/6754"}],"wp:attachment":[{"href":"https:\/\/cbxonline.com.br\/index.php\/wp-json\/wp\/v2\/media?parent=6753"}],"wp:term":[{"taxonomy":"category","embeddable":true,"href":"https:\/\/cbxonline.com.br\/index.php\/wp-json\/wp\/v2\/categories?post=6753"},{"taxonomy":"post_tag","embeddable":true,"href":"https:\/\/cbxonline.com.br\/index.php\/wp-json\/wp\/v2\/tags?post=6753"}],"curies":[{"name":"wp","href":"https:\/\/api.w.org\/{rel}","templated":true}]}}