{"id":6402,"date":"2023-11-30T10:12:57","date_gmt":"2023-11-30T13:12:57","guid":{"rendered":"https:\/\/cbxonline.com.br\/?p=6402"},"modified":"2023-11-30T10:12:58","modified_gmt":"2023-11-30T13:12:58","slug":"programa-de-vacinacao-em-escolas-e-aprovado-em-comissao-no-senado","status":"publish","type":"post","link":"https:\/\/cbxonline.com.br\/index.php\/2023\/11\/30\/programa-de-vacinacao-em-escolas-e-aprovado-em-comissao-no-senado\/","title":{"rendered":"Programa de vacina\u00e7\u00e3o em escolas \u00e9 aprovado em comiss\u00e3o no Senado"},"content":{"rendered":"\n<p>O Projeto de Lei (PL) 826\/2019, que institui um Programa Nacional de Vacina\u00e7\u00e3o em Escolas, foi aprovado nesta quarta-feira (29) pela Comiss\u00e3o de Assuntos Sociais (CAS) e segue agora para an\u00e1lise da Comiss\u00e3o de Educa\u00e7\u00e3o, \u00e0 qual caber\u00e1 a decis\u00e3o final. A mat\u00e9ria \u00e9 de autoria da C\u00e2mara dos Deputados e obteve relat\u00f3rio favor\u00e1vel do senador Humberto Costa (PT-PE).<\/p>\n\n\n\n<p>Segundo a proposi\u00e7\u00e3o, o programa ser\u00e1 destinado prioritariamente a alunos da educa\u00e7\u00e3o infantil e do ensino fundamental, visando a intensificar as a\u00e7\u00f5es de vacina\u00e7\u00e3o e ampliar a cobertura vacinal. Estabelecimentos p\u00fablicos ou que recebam recursos p\u00fablicos, de educa\u00e7\u00e3o infantil e ensino fundamental, ficam obrigados a aderir ao programa.<\/p>\n\n\n\n<p>O projeto estabelece ainda que escolas particulares podem optar por participar e que as institui\u00e7\u00f5es de ensino participantes devem entrar em contato com as unidades de sa\u00fade locais.<\/p>\n\n\n\n<p>Pelo texto, fica determinado que a vacina\u00e7\u00e3o ocorrer\u00e1 ap\u00f3s o come\u00e7o da Campanha Nacional de Vacina\u00e7\u00e3o contra a Influenza e incluir\u00e1 vacinas de rotina e de campanhas. Alunos sem cart\u00e3o de vacina\u00e7\u00e3o receber\u00e3o um novo no momento da vacina\u00e7\u00e3o.<\/p>\n\n\n\n<p>A proposi\u00e7\u00e3o estabelece tamb\u00e9m que crian\u00e7as e jovens n\u00e3o matriculados nas escolas participantes e adultos da comunidade tamb\u00e9m podem ser vacinados, dependendo da quantidade de imunizantes dispon\u00edveis.<\/p>\n\n\n\n<p>*Com informa\u00e7\u00f5es da Ag\u00eancia Senado<\/p>\n","protected":false},"excerpt":{"rendered":"<p>O Projeto de Lei (PL) 826\/2019, que institui um Programa Nacional de Vacina\u00e7\u00e3o em Escolas, foi aprovado nesta quarta-feira (29) pela Comiss\u00e3o de Assuntos Sociais (CAS) e segue agora para an\u00e1lise da Comiss\u00e3o de Educa\u00e7\u00e3o, \u00e0 qual caber\u00e1 a decis\u00e3o final. A mat\u00e9ria \u00e9 de autoria da C\u00e2mara dos Deputados e obteve relat\u00f3rio favor\u00e1vel do [&hellip;]<\/p>\n","protected":false},"author":2,"featured_media":6403,"comment_status":"open","ping_status":"open","sticky":false,"template":"","format":"standard","meta":{"jnews-multi-image_gallery":[],"jnews_single_post":{"subtitle":"","format":"standard","video":"","gallery":"","source_name":"","source_url":"","via_name":"","via_url":"","override_template":"0","override":[{"template":"1","single_blog_custom":"","parallax":"1","fullscreen":"1","layout":"right-sidebar","sidebar":"default-sidebar","second_sidebar":"default-sidebar","sticky_sidebar":"1","share_position":"top","share_float_style":"share-monocrhome","show_share_counter":"0","show_view_counter":"0","show_featured":"1","show_post_meta":"1","show_post_author":"0","show_post_author_image":"1","show_post_date":"1","post_date_format":"default","post_date_format_custom":"Y\/m\/d","show_post_category":"1","show_post_reading_time":"0","post_reading_time_wpm":"300","show_zoom_button":"0","zoom_button_out_step":"2","zoom_button_in_step":"3","show_post_tag":"1","show_prev_next_post":"1","show_popup_post":"1","number_popup_post":"1","show_author_box":"0","show_post_related":"0","show_inline_post_related":"0"}],"override_image_size":"0","image_override":[{"single_post_thumbnail_size":"no-crop","single_post_gallery_size":"crop-715"}],"trending_post":"0","trending_post_position":"meta","trending_post_label":"Trending","sponsored_post":"0","sponsored_post_label":"Sponsored by","sponsored_post_name":"","sponsored_post_url":"","sponsored_post_logo_enable":"0","sponsored_post_logo":"","sponsored_post_desc":"","disable_ad":"0"},"jnews_primary_category":{"id":"","hide":""},"footnotes":""},"categories":[94],"tags":[],"class_list":["post-6402","post","type-post","status-publish","format-standard","has-post-thumbnail","hentry","category-saude-2"],"_links":{"self":[{"href":"https:\/\/cbxonline.com.br\/index.php\/wp-json\/wp\/v2\/posts\/6402","targetHints":{"allow":["GET"]}}],"collection":[{"href":"https:\/\/cbxonline.com.br\/index.php\/wp-json\/wp\/v2\/posts"}],"about":[{"href":"https:\/\/cbxonline.com.br\/index.php\/wp-json\/wp\/v2\/types\/post"}],"author":[{"embeddable":true,"href":"https:\/\/cbxonline.com.br\/index.php\/wp-json\/wp\/v2\/users\/2"}],"replies":[{"embeddable":true,"href":"https:\/\/cbxonline.com.br\/index.php\/wp-json\/wp\/v2\/comments?post=6402"}],"version-history":[{"count":1,"href":"https:\/\/cbxonline.com.br\/index.php\/wp-json\/wp\/v2\/posts\/6402\/revisions"}],"predecessor-version":[{"id":6404,"href":"https:\/\/cbxonline.com.br\/index.php\/wp-json\/wp\/v2\/posts\/6402\/revisions\/6404"}],"wp:featuredmedia":[{"embeddable":true,"href":"https:\/\/cbxonline.com.br\/index.php\/wp-json\/wp\/v2\/media\/6403"}],"wp:attachment":[{"href":"https:\/\/cbxonline.com.br\/index.php\/wp-json\/wp\/v2\/media?parent=6402"}],"wp:term":[{"taxonomy":"category","embeddable":true,"href":"https:\/\/cbxonline.com.br\/index.php\/wp-json\/wp\/v2\/categories?post=6402"},{"taxonomy":"post_tag","embeddable":true,"href":"https:\/\/cbxonline.com.br\/index.php\/wp-json\/wp\/v2\/tags?post=6402"}],"curies":[{"name":"wp","href":"https:\/\/api.w.org\/{rel}","templated":true}]}}