{"id":6399,"date":"2023-11-30T10:11:06","date_gmt":"2023-11-30T13:11:06","guid":{"rendered":"https:\/\/cbxonline.com.br\/?p=6399"},"modified":"2023-11-30T10:11:07","modified_gmt":"2023-11-30T13:11:07","slug":"prefeitura-da-inicio-nas-obras-do-hospital-maternidade-e-da-crianca","status":"publish","type":"post","link":"https:\/\/cbxonline.com.br\/index.php\/2023\/11\/30\/prefeitura-da-inicio-nas-obras-do-hospital-maternidade-e-da-crianca\/","title":{"rendered":"Prefeitura d\u00e1 in\u00edcio nas obras do Hospital Maternidade e da Crian\u00e7a"},"content":{"rendered":"\n<p>A Prefeitura de Salvador deu in\u00edcio a constru\u00e7\u00e3o do Hospital Maternidade e da Crian\u00e7a, no antigo Hospital Salvador, localizado no bairro da Federa\u00e7\u00e3o.<\/p>\n\n\n\n<p>A ordem de servi\u00e7o para a obra foi formalmente assinada nesta quarta-feira (29) pelo prefeito Bruno Reis e pela vice-prefeita, que tamb\u00e9m ocupa o cargo da Secret\u00e1ria Municipal da Sa\u00fade (SMS), Ana Paula Matos.<\/p>\n\n\n\n<p>O empreendimento ter\u00e1 dois edif\u00edcios, um principal e um anexo, totalizando uma \u00e1rea de 12 mil metros quadrados distribu\u00eddos em 10 andares. A prefeitura desapropriou uma estrutura h\u00e1 oito meses, resgatando-a do abandono em que se encontrava. Durante o auge da pandemia de covid-19, o hospital desempenhou um papel crucial como unidade de refer\u00eancia para pacientes com s\u00edndrome respirat\u00f3ria.<\/p>\n\n\n\n<p>Como parte da estrat\u00e9gia da prefeitura, o antigo Hospital Salvador passou por um processo de retrofit em mar\u00e7o passado para se adequar a uma nova especificamente.<\/p>\n\n\n\n<p>O prefeito Bruno Reis ressalta a l\u00f3gica por tr\u00e1s da decis\u00e3o:<\/p>\n\n\n\n<p><em>&#8220;N\u00e3o faria sentido construir outro hospital tendo uma estrutura como essa, que estava semipronta. Adquirimos a estrutura como patrim\u00f4nio da prefeitura. Estamos comprometidos em investir mais de R$ 80 milh\u00f5es apenas na obra , e planejamos alocar investimentos expressivos adicionais para equipar e operar o novo hospital.&#8221;.<\/em><\/p>\n\n\n\n<p>Fonte: Varela Net <\/p>\n","protected":false},"excerpt":{"rendered":"<p>A Prefeitura de Salvador deu in\u00edcio a constru\u00e7\u00e3o do Hospital Maternidade e da Crian\u00e7a, no antigo Hospital Salvador, localizado no bairro da Federa\u00e7\u00e3o. A ordem de servi\u00e7o para a obra foi formalmente assinada nesta quarta-feira (29) pelo prefeito Bruno Reis e pela vice-prefeita, que tamb\u00e9m ocupa o cargo da Secret\u00e1ria Municipal da Sa\u00fade (SMS), Ana [&hellip;]<\/p>\n","protected":false},"author":2,"featured_media":6400,"comment_status":"open","ping_status":"open","sticky":false,"template":"","format":"standard","meta":{"jnews-multi-image_gallery":[],"jnews_single_post":{"subtitle":"","format":"standard","video":"","gallery":"","source_name":"","source_url":"","via_name":"","via_url":"","override_template":"0","override":[{"template":"1","single_blog_custom":"","parallax":"1","fullscreen":"1","layout":"right-sidebar","sidebar":"default-sidebar","second_sidebar":"default-sidebar","sticky_sidebar":"1","share_position":"top","share_float_style":"share-monocrhome","show_share_counter":"0","show_view_counter":"0","show_featured":"1","show_post_meta":"1","show_post_author":"0","show_post_author_image":"1","show_post_date":"1","post_date_format":"default","post_date_format_custom":"Y\/m\/d","show_post_category":"1","show_post_reading_time":"0","post_reading_time_wpm":"300","show_zoom_button":"0","zoom_button_out_step":"2","zoom_button_in_step":"3","show_post_tag":"1","show_prev_next_post":"1","show_popup_post":"1","number_popup_post":"1","show_author_box":"0","show_post_related":"0","show_inline_post_related":"0"}],"override_image_size":"0","image_override":[{"single_post_thumbnail_size":"no-crop","single_post_gallery_size":"crop-715"}],"trending_post":"0","trending_post_position":"meta","trending_post_label":"Trending","sponsored_post":"0","sponsored_post_label":"Sponsored by","sponsored_post_name":"","sponsored_post_url":"","sponsored_post_logo_enable":"0","sponsored_post_logo":"","sponsored_post_desc":"","disable_ad":"0"},"jnews_primary_category":{"id":"","hide":""},"footnotes":""},"categories":[94],"tags":[],"class_list":["post-6399","post","type-post","status-publish","format-standard","has-post-thumbnail","hentry","category-saude-2"],"_links":{"self":[{"href":"https:\/\/cbxonline.com.br\/index.php\/wp-json\/wp\/v2\/posts\/6399","targetHints":{"allow":["GET"]}}],"collection":[{"href":"https:\/\/cbxonline.com.br\/index.php\/wp-json\/wp\/v2\/posts"}],"about":[{"href":"https:\/\/cbxonline.com.br\/index.php\/wp-json\/wp\/v2\/types\/post"}],"author":[{"embeddable":true,"href":"https:\/\/cbxonline.com.br\/index.php\/wp-json\/wp\/v2\/users\/2"}],"replies":[{"embeddable":true,"href":"https:\/\/cbxonline.com.br\/index.php\/wp-json\/wp\/v2\/comments?post=6399"}],"version-history":[{"count":1,"href":"https:\/\/cbxonline.com.br\/index.php\/wp-json\/wp\/v2\/posts\/6399\/revisions"}],"predecessor-version":[{"id":6401,"href":"https:\/\/cbxonline.com.br\/index.php\/wp-json\/wp\/v2\/posts\/6399\/revisions\/6401"}],"wp:featuredmedia":[{"embeddable":true,"href":"https:\/\/cbxonline.com.br\/index.php\/wp-json\/wp\/v2\/media\/6400"}],"wp:attachment":[{"href":"https:\/\/cbxonline.com.br\/index.php\/wp-json\/wp\/v2\/media?parent=6399"}],"wp:term":[{"taxonomy":"category","embeddable":true,"href":"https:\/\/cbxonline.com.br\/index.php\/wp-json\/wp\/v2\/categories?post=6399"},{"taxonomy":"post_tag","embeddable":true,"href":"https:\/\/cbxonline.com.br\/index.php\/wp-json\/wp\/v2\/tags?post=6399"}],"curies":[{"name":"wp","href":"https:\/\/api.w.org\/{rel}","templated":true}]}}