{"id":6181,"date":"2023-11-23T16:07:10","date_gmt":"2023-11-23T19:07:10","guid":{"rendered":"https:\/\/cbxonline.com.br\/?p=6181"},"modified":"2023-11-23T16:07:12","modified_gmt":"2023-11-23T19:07:12","slug":"investigado-por-trafico-e-preso-com-bloqueador-de-veiculo-e-arma-veja","status":"publish","type":"post","link":"https:\/\/cbxonline.com.br\/index.php\/2023\/11\/23\/investigado-por-trafico-e-preso-com-bloqueador-de-veiculo-e-arma-veja\/","title":{"rendered":"Investigado por tr\u00e1fico \u00e9 preso com bloqueador de ve\u00edculo e arma; veja"},"content":{"rendered":"\n<p>Um homem investigado por envolvimento com o tr\u00e1fico de drogas foi preso em flagrante por policiais do Departamento de Homic\u00eddios e Prote\u00e7\u00e3o \u00e0 Pessoa (DHPP), na quarta-feira, 22, no bairro de Piat\u00e3,\u00a0em Salvador.<\/p>\n\n\n\n<p>Segundo a Pol\u00edcia Civil, o suspeito foi localizado pelos agentes em um ve\u00edculo Voyage de cor branca, placa NZN 7137, utilizado para um roubo de carga, em setembro deste ano, na Avenida Paralela. Ele ainda estava portando uma pistola 765, marca beretta, com seis muni\u00e7\u00f5es.<\/p>\n\n\n\n<p>Durante a abordagem, ainda foi encontrado um bloqueador veicular. O homem foi levado para a sede da Delegacia de Repress\u00e3o a Furtos e Roubos de Ve\u00edculos (DRFRV), onde ele foi autuado em flagrante por porte ilegal de arma de fogo.<\/p>\n\n\n\n<p>Ainda conforme a corpora\u00e7\u00e3o, o flagranteado, ap\u00f3s ser ouvido na unidade especializada, segue custodiado \u00e0 disposi\u00e7\u00e3o do Poder Judici\u00e1rio, no aguardo da audi\u00eancia de cust\u00f3dia. O carro e a arma foram encaminhados para o Departamento de Pol\u00edcia T\u00e9cnica (DPT) para serem periciados.<\/p>\n\n\n\n<p>Fonte: ATarde <\/p>\n","protected":false},"excerpt":{"rendered":"<p>Um homem investigado por envolvimento com o tr\u00e1fico de drogas foi preso em flagrante por policiais do Departamento de Homic\u00eddios e Prote\u00e7\u00e3o \u00e0 Pessoa (DHPP), na quarta-feira, 22, no bairro de Piat\u00e3,\u00a0em Salvador. Segundo a Pol\u00edcia Civil, o suspeito foi localizado pelos agentes em um ve\u00edculo Voyage de cor branca, placa NZN 7137, utilizado para [&hellip;]<\/p>\n","protected":false},"author":2,"featured_media":6182,"comment_status":"open","ping_status":"open","sticky":false,"template":"","format":"standard","meta":{"jnews-multi-image_gallery":[],"jnews_single_post":{"subtitle":"","format":"standard","video":"","gallery":"","source_name":"","source_url":"","via_name":"","via_url":"","override_template":"0","override":[{"template":"1","single_blog_custom":"","parallax":"1","fullscreen":"1","layout":"right-sidebar","sidebar":"default-sidebar","second_sidebar":"default-sidebar","sticky_sidebar":"1","share_position":"top","share_float_style":"share-monocrhome","show_share_counter":"0","show_view_counter":"0","show_featured":"1","show_post_meta":"1","show_post_author":"0","show_post_author_image":"1","show_post_date":"1","post_date_format":"default","post_date_format_custom":"Y\/m\/d","show_post_category":"1","show_post_reading_time":"0","post_reading_time_wpm":"300","show_zoom_button":"0","zoom_button_out_step":"2","zoom_button_in_step":"3","show_post_tag":"1","show_prev_next_post":"1","show_popup_post":"1","number_popup_post":"1","show_author_box":"0","show_post_related":"0","show_inline_post_related":"0"}],"override_image_size":"0","image_override":[{"single_post_thumbnail_size":"no-crop","single_post_gallery_size":"crop-715"}],"trending_post":"0","trending_post_position":"meta","trending_post_label":"Trending","sponsored_post":"0","sponsored_post_label":"Sponsored by","sponsored_post_name":"","sponsored_post_url":"","sponsored_post_logo_enable":"0","sponsored_post_logo":"","sponsored_post_desc":"","disable_ad":"0"},"jnews_primary_category":{"id":"","hide":""},"footnotes":""},"categories":[105],"tags":[],"class_list":["post-6181","post","type-post","status-publish","format-standard","has-post-thumbnail","hentry","category-policia"],"_links":{"self":[{"href":"https:\/\/cbxonline.com.br\/index.php\/wp-json\/wp\/v2\/posts\/6181","targetHints":{"allow":["GET"]}}],"collection":[{"href":"https:\/\/cbxonline.com.br\/index.php\/wp-json\/wp\/v2\/posts"}],"about":[{"href":"https:\/\/cbxonline.com.br\/index.php\/wp-json\/wp\/v2\/types\/post"}],"author":[{"embeddable":true,"href":"https:\/\/cbxonline.com.br\/index.php\/wp-json\/wp\/v2\/users\/2"}],"replies":[{"embeddable":true,"href":"https:\/\/cbxonline.com.br\/index.php\/wp-json\/wp\/v2\/comments?post=6181"}],"version-history":[{"count":1,"href":"https:\/\/cbxonline.com.br\/index.php\/wp-json\/wp\/v2\/posts\/6181\/revisions"}],"predecessor-version":[{"id":6183,"href":"https:\/\/cbxonline.com.br\/index.php\/wp-json\/wp\/v2\/posts\/6181\/revisions\/6183"}],"wp:featuredmedia":[{"embeddable":true,"href":"https:\/\/cbxonline.com.br\/index.php\/wp-json\/wp\/v2\/media\/6182"}],"wp:attachment":[{"href":"https:\/\/cbxonline.com.br\/index.php\/wp-json\/wp\/v2\/media?parent=6181"}],"wp:term":[{"taxonomy":"category","embeddable":true,"href":"https:\/\/cbxonline.com.br\/index.php\/wp-json\/wp\/v2\/categories?post=6181"},{"taxonomy":"post_tag","embeddable":true,"href":"https:\/\/cbxonline.com.br\/index.php\/wp-json\/wp\/v2\/tags?post=6181"}],"curies":[{"name":"wp","href":"https:\/\/api.w.org\/{rel}","templated":true}]}}