{"id":6072,"date":"2023-11-21T16:06:18","date_gmt":"2023-11-21T19:06:18","guid":{"rendered":"https:\/\/cbxonline.com.br\/?p=6072"},"modified":"2023-11-21T16:06:19","modified_gmt":"2023-11-21T19:06:19","slug":"mercado-de-trabalho-reproduz-desigualdade-racial-aponta-dieese","status":"publish","type":"post","link":"https:\/\/cbxonline.com.br\/index.php\/2023\/11\/21\/mercado-de-trabalho-reproduz-desigualdade-racial-aponta-dieese\/","title":{"rendered":"Mercado de trabalho reproduz desigualdade racial, aponta Dieese"},"content":{"rendered":"\n<p>O mercado de trabalho ainda \u00e9 espa\u00e7o de reprodu\u00e7\u00e3o da desigualdade racial, n\u00e3o apenas a inser\u00e7\u00e3o, mas as possibilidades de ascens\u00e3o s\u00e3o desiguais para a popula\u00e7\u00e3o negra. A an\u00e1lise \u00e9 do Departamento Intersindical de Estat\u00edstica e Estudos Socioecon\u00f4micos (Dieese), entidade criada e mantida pelo movimento sindical brasileiro.<br><br>Dados compilados pela entidade revelam que a taxa de desocupa\u00e7\u00e3o dos negros \u00e9 sistematicamente maior do que dos demais trabalhadores. Apesar de representar 56,1% da popula\u00e7\u00e3o em idade de trabalhar, os negros correspondem a mais da metade dos desocupados (65,1%).<\/p>\n\n\n\n<p>A taxa de desocupa\u00e7\u00e3o dos negros \u00e9 de 9,5%, sendo 3,2 pontos percentuais acima da taxa dos n\u00e3o negros. No caso das mulheres negras, que acumulam as desigualdades de ra\u00e7a e de g\u00eanero, a taxa estava em 11,7%. O Dieese apontou que a inser\u00e7\u00e3o das mulheres negras no mercado de trabalho \u00e9 mais dif\u00edcil, mesmo no contexto atual de melhora da atividade econ\u00f4mica.<\/p>\n\n\n\n<p>Para uma melhor base de compara\u00e7\u00e3o, a entidade lembrou que, no segundo trimestre de 2021, durante a crise econ\u00f4mica da pandemia de covid-19, a taxa de desocupa\u00e7\u00e3o dos trabalhadores n\u00e3o negros atingiu este mesmo percentual (11,7%).<\/p>\n\n\n\n<p>\u201cMesmo com a indica\u00e7\u00e3o do crescimento da atividade econ\u00f4mica, o mercado de trabalho continua reproduzindo as desigualdades sociais. Os trabalhadores negros enfrentaram mais dificuldades para conseguir trabalho, para progredir na carreira e entrar nos postos de trabalho formais com melhores sal\u00e1rios. E as mulheres negras encaram adversidades ainda maiores do que os homens, por vivenciarem a discrimina\u00e7\u00e3o por ra\u00e7a e g\u00eanero\u201d, concluiu o relat\u00f3rio do Dieese.<\/p>\n\n\n\n<p>Quando conseguem ocupa\u00e7\u00e3o, as condi\u00e7\u00f5es impostas aos negros s\u00e3o piores. Segundo avalia\u00e7\u00e3o do Dieese, em geral, essa parcela da popula\u00e7\u00e3o consegue se colocar em postos mais prec\u00e1rios e t\u00eam maiores dificuldades de ascens\u00e3o profissional. Apenas 2,1% dos trabalhadores negros \u2013 homens ou mulheres &#8211; estavam em cargos de dire\u00e7\u00e3o ou ger\u00eancia. Entre os homens n\u00e3o negros, essa propor\u00e7\u00e3o \u00e9 de 5,5%.<\/p>\n\n\n\n<p>Isso significa que apenas um em cada 48 trabalhadoras\/es negros est\u00e1 em cargo de dire\u00e7\u00e3o ou ger\u00eancia, enquanto entre os homens n\u00e3o negros, a propor\u00e7\u00e3o \u00e9 de um para cada 18 trabalhadores.<\/p>\n\n\n\n<p>A propor\u00e7\u00e3o de negros empregadores tamb\u00e9m \u00e9 menor: 1,8% das mulheres negras eram donas de neg\u00f3cios que empregavam funcion\u00e1rios, enquanto entre as n\u00e3o negras, o percentual foi de 4,3%. Entre os homens negros, o percentual ficava em 3,6%; entre os n\u00e3o negros, a propor\u00e7\u00e3o foi de 7%.<\/p>\n\n\n\n<p>A informalidade \u00e9 maior entre os negros. Quase metade (46%) dos negros ocupados estava em trabalhos desprotegidos, ou seja, empregados sem carteira, trabalho por conta pr\u00f3pria, com empregadores que n\u00e3o contribuem para a Previd\u00eancia ou trabalhadores familiares auxiliares. Entre os n\u00e3o negros, essa propor\u00e7\u00e3o foi de 34%.<\/p>\n\n\n\n<p>Uma em cada seis (15,8%) mulheres negras ocupadas trabalha como empregada dom\u00e9stica, uma das ocupa\u00e7\u00f5es mais precarizadas em termos de direitos trabalhistas e reconhecimento. As trabalhadoras dom\u00e9sticas negras sem carteira recebiam, em m\u00e9dia, R$ 904 por m\u00eas, ou seja, valor R$ 416 abaixo do sal\u00e1rio m\u00ednimo em vig\u00eancia.<\/p>\n\n\n\n<p>\u201cNa constru\u00e7\u00e3o de uma sociedade mais justa e desenvolvida, n\u00e3o se pode deixar que mais da metade dos brasileiros seja sempre relegada aos menores sal\u00e1rios e a condi\u00e7\u00f5es de trabalho mais prec\u00e1rias apenas pela cor\/ra\u00e7a ou pelo g\u00eanero\u201d, apontou a entidade.<\/p>\n\n\n\n<p>O levantamento revelou ainda que o fato de os negros estarem em maior propor\u00e7\u00e3o em postos de trabalho informais e com menor remunera\u00e7\u00e3o explica apenas parte da diferen\u00e7a de remunera\u00e7\u00e3o entre negros e n\u00e3o negros. No segundo trimestre de 2023, os negros ganhavam, em m\u00e9dia, 39,2% a menos que os n\u00e3o negros.<\/p>\n\n\n\n<p>Mesmo quando comparados os rendimentos m\u00e9dios de negros e n\u00e3o negros na mesma posi\u00e7\u00e3o na ocupa\u00e7\u00e3o, os negros est\u00e3o em desvantagem. Em todas as posi\u00e7\u00f5es analisadas, o rendimento dos negros \u00e9 menor. Segundo o Dieese, isso \u00e9 uma evid\u00eancia de que, al\u00e9m das desigualdades de oportunidade, os negros enfrentam tratamento diferenciado no mercado de trabalho.<\/p>\n\n\n\n<p>De acordo com o Dieese, \u00e9 necess\u00e1rio amplo trabalho de sensibiliza\u00e7\u00e3o para que todas as pol\u00edticas p\u00fablicas sejam desenhadas e implementadas com o objetivo de atacar o problema das desigualdades, especialmente no mercado de trabalho. \u201cO caminho a ser percorrido \u00e9 longo, mas o trajeto precisa ser feito com determina\u00e7\u00e3o e agilidade\u201d, finalizou.<\/p>\n\n\n\n<p>Fonte: Jornal Correio <\/p>\n","protected":false},"excerpt":{"rendered":"<p>O mercado de trabalho ainda \u00e9 espa\u00e7o de reprodu\u00e7\u00e3o da desigualdade racial, n\u00e3o apenas a inser\u00e7\u00e3o, mas as possibilidades de ascens\u00e3o s\u00e3o desiguais para a popula\u00e7\u00e3o negra. A an\u00e1lise \u00e9 do Departamento Intersindical de Estat\u00edstica e Estudos Socioecon\u00f4micos (Dieese), entidade criada e mantida pelo movimento sindical brasileiro. Dados compilados pela entidade revelam que a taxa [&hellip;]<\/p>\n","protected":false},"author":2,"featured_media":6073,"comment_status":"open","ping_status":"open","sticky":false,"template":"","format":"standard","meta":{"jnews-multi-image_gallery":[],"jnews_single_post":{"subtitle":"","format":"standard","video":"","gallery":"","source_name":"","source_url":"","via_name":"","via_url":"","override_template":"0","override":[{"template":"1","single_blog_custom":"","parallax":"1","fullscreen":"1","layout":"right-sidebar","sidebar":"default-sidebar","second_sidebar":"default-sidebar","sticky_sidebar":"1","share_position":"top","share_float_style":"share-monocrhome","show_share_counter":"0","show_view_counter":"0","show_featured":"1","show_post_meta":"1","show_post_author":"0","show_post_author_image":"1","show_post_date":"1","post_date_format":"default","post_date_format_custom":"Y\/m\/d","show_post_category":"1","show_post_reading_time":"0","post_reading_time_wpm":"300","show_zoom_button":"0","zoom_button_out_step":"2","zoom_button_in_step":"3","show_post_tag":"1","show_prev_next_post":"1","show_popup_post":"1","number_popup_post":"1","show_author_box":"0","show_post_related":"0","show_inline_post_related":"0"}],"override_image_size":"0","image_override":[{"single_post_thumbnail_size":"no-crop","single_post_gallery_size":"crop-715"}],"trending_post":"0","trending_post_position":"meta","trending_post_label":"Trending","sponsored_post":"0","sponsored_post_label":"Sponsored by","sponsored_post_name":"","sponsored_post_url":"","sponsored_post_logo_enable":"0","sponsored_post_logo":"","sponsored_post_desc":"","disable_ad":"0"},"jnews_primary_category":{"id":"","hide":""},"footnotes":""},"categories":[95],"tags":[],"class_list":["post-6072","post","type-post","status-publish","format-standard","has-post-thumbnail","hentry","category-emprego"],"_links":{"self":[{"href":"https:\/\/cbxonline.com.br\/index.php\/wp-json\/wp\/v2\/posts\/6072","targetHints":{"allow":["GET"]}}],"collection":[{"href":"https:\/\/cbxonline.com.br\/index.php\/wp-json\/wp\/v2\/posts"}],"about":[{"href":"https:\/\/cbxonline.com.br\/index.php\/wp-json\/wp\/v2\/types\/post"}],"author":[{"embeddable":true,"href":"https:\/\/cbxonline.com.br\/index.php\/wp-json\/wp\/v2\/users\/2"}],"replies":[{"embeddable":true,"href":"https:\/\/cbxonline.com.br\/index.php\/wp-json\/wp\/v2\/comments?post=6072"}],"version-history":[{"count":1,"href":"https:\/\/cbxonline.com.br\/index.php\/wp-json\/wp\/v2\/posts\/6072\/revisions"}],"predecessor-version":[{"id":6074,"href":"https:\/\/cbxonline.com.br\/index.php\/wp-json\/wp\/v2\/posts\/6072\/revisions\/6074"}],"wp:featuredmedia":[{"embeddable":true,"href":"https:\/\/cbxonline.com.br\/index.php\/wp-json\/wp\/v2\/media\/6073"}],"wp:attachment":[{"href":"https:\/\/cbxonline.com.br\/index.php\/wp-json\/wp\/v2\/media?parent=6072"}],"wp:term":[{"taxonomy":"category","embeddable":true,"href":"https:\/\/cbxonline.com.br\/index.php\/wp-json\/wp\/v2\/categories?post=6072"},{"taxonomy":"post_tag","embeddable":true,"href":"https:\/\/cbxonline.com.br\/index.php\/wp-json\/wp\/v2\/tags?post=6072"}],"curies":[{"name":"wp","href":"https:\/\/api.w.org\/{rel}","templated":true}]}}