{"id":6035,"date":"2023-11-21T10:54:52","date_gmt":"2023-11-21T13:54:52","guid":{"rendered":"https:\/\/cbxonline.com.br\/?p=6035"},"modified":"2023-11-21T10:54:54","modified_gmt":"2023-11-21T13:54:54","slug":"aeroporto-de-salvador-promove-acao-para-celebrar-o-mes-da-consciencia-negra","status":"publish","type":"post","link":"https:\/\/cbxonline.com.br\/index.php\/2023\/11\/21\/aeroporto-de-salvador-promove-acao-para-celebrar-o-mes-da-consciencia-negra\/","title":{"rendered":"Aeroporto de Salvador promove a\u00e7\u00e3o para celebrar o M\u00eas da Consci\u00eancia Negra"},"content":{"rendered":"\n<p>Buscando valorizar a diversidade da cultura negra, o Salvador Bahia Airport est\u00e1 promovendo uma a\u00e7\u00e3o intitulada \u201cOcupa\u00e7\u00e3o AeroCultural &#8211; A Cultura Preta Decola durante o M\u00eas da Consci\u00eancia Negra\u201d. Al\u00e9m de celebrar a arte e cultura afrodescendente, a iniciativa, que acontecer\u00e1 at\u00e9 o dia 30 de novembro, visa proporcionar visibilidade a novos talentos locais, onde o aeroporto da capital baiana se tornar\u00e1 um espa\u00e7o de express\u00e3o cultural.&nbsp;<\/p>\n\n\n\n<p>A celebra\u00e7\u00e3o conta com uma programa\u00e7\u00e3o que inclui uma variedade de eventos e atividades, destacando-se o Studio Nine Four Records, localizado no t\u00e9rreo do local. O est\u00fadio, que funcionar\u00e1 entre os dias 22 e 30 de novembro, vai proporcionar a experi\u00eancia de produ\u00e7\u00e3o musical, focando nos g\u00eaneros rap e trap e oferecendo oportunidades a talentos emergentes.\u00a0<\/p>\n\n\n\n<figure class=\"wp-block-image size-full\"><img loading=\"lazy\" decoding=\"async\" width=\"682\" height=\"1024\" src=\"https:\/\/cbxonline.com.br\/wp-content\/uploads\/2023\/11\/image-3.png\" alt=\"\" class=\"wp-image-6037\" srcset=\"https:\/\/cbxonline.com.br\/wp-content\/uploads\/2023\/11\/image-3.png 682w, https:\/\/cbxonline.com.br\/wp-content\/uploads\/2023\/11\/image-3-200x300.png 200w\" sizes=\"auto, (max-width: 682px) 100vw, 682px\" \/><\/figure>\n\n\n\n<p>&nbsp;<br>O Salvador Bahia Airport ainda procura manter uma agenda anual dedicada \u00e0 diversidade cultural, refor\u00e7ando o seu compromisso com a promo\u00e7\u00e3o e comemora\u00e7\u00e3o do tema, apoiando e participando ativamente de eventos culturais que enaltecem a riqueza da heran\u00e7a afro-brasileira.&nbsp;<\/p>\n\n\n\n<p>Confira a programa\u00e7\u00e3o completa: \u00a0<\/p>\n\n\n\n<p><br>21 de novembro (Ter\u00e7a-feira)&nbsp;<br>M\u00fasica &#8211; Samba de Niega&nbsp;<br>Trancista &#8211; Raissa Braids &nbsp;<br>&nbsp;<\/p>\n\n\n\n<p>22 de novembro (Quarta-feira)&nbsp;<br>M\u00fasica &#8211; Rafael Porrada e \u00cdtalo Melo (Nine Four Records)&nbsp;<br>&nbsp;<\/p>\n\n\n\n<p>23 de novembro (Quinta-feira)&nbsp;<br>M\u00fasica &#8211; Aline Cantora&nbsp;<br>Trancista &#8211; Tran\u00e7a com Afeto&nbsp;<br>&nbsp;<\/p>\n\n\n\n<p>24 de novembro (Sexta-feira)&nbsp;<br>Desfile Jovens Perif\u00e9ricos com apresenta\u00e7\u00e3o de Joana Guerra&nbsp;<br>A\u00e7\u00e3o com c\u00e2mera 360 e entrega de pare\u00f4 exclusivo (@Rain\u00e1Britto)&nbsp;<\/p>\n\n\n\n<p>27 de novembro (Segunda-feira)&nbsp;<br>M\u00fasica &#8211; Jann Souza&nbsp;<br>Turbanista &#8211; Marcela Santos | Deusa Chic<\/p>\n\n\n\n<p>28 de novembro (Ter\u00e7a-feira) \u00a0<br>M\u00fasica &#8211; Dja Luz<br>Trancista &#8211; Tran\u00e7a com Afeto\u00a0<\/p>\n\n\n\n<p>29 de novembro (Quarta-feira)&nbsp;<br>M\u00fasica &#8211; Dande Azevedo e DJ Belle&nbsp;<br>Pintura Corporal&nbsp;<br>&nbsp;<\/p>\n\n\n\n<p>30 de novembro (Quinta-feira)\u00a0<br>M\u00fasica &#8211; Lunna Montty e AfroBapho<\/p>\n\n\n\n<p>Fonte: Bahia Not\u00edcias <\/p>\n","protected":false},"excerpt":{"rendered":"<p>Buscando valorizar a diversidade da cultura negra, o Salvador Bahia Airport est\u00e1 promovendo uma a\u00e7\u00e3o intitulada \u201cOcupa\u00e7\u00e3o AeroCultural &#8211; A Cultura Preta Decola durante o M\u00eas da Consci\u00eancia Negra\u201d. Al\u00e9m de celebrar a arte e cultura afrodescendente, a iniciativa, que acontecer\u00e1 at\u00e9 o dia 30 de novembro, visa proporcionar visibilidade a novos talentos locais, onde [&hellip;]<\/p>\n","protected":false},"author":2,"featured_media":6036,"comment_status":"open","ping_status":"open","sticky":false,"template":"","format":"standard","meta":{"jnews-multi-image_gallery":[],"jnews_single_post":{"subtitle":"","format":"standard","video":"","gallery":"","source_name":"","source_url":"","via_name":"","via_url":"","override_template":"0","override":[{"template":"1","single_blog_custom":"","parallax":"1","fullscreen":"1","layout":"right-sidebar","sidebar":"default-sidebar","second_sidebar":"default-sidebar","sticky_sidebar":"1","share_position":"top","share_float_style":"share-monocrhome","show_share_counter":"0","show_view_counter":"0","show_featured":"1","show_post_meta":"1","show_post_author":"0","show_post_author_image":"1","show_post_date":"1","post_date_format":"default","post_date_format_custom":"Y\/m\/d","show_post_category":"1","show_post_reading_time":"0","post_reading_time_wpm":"300","show_zoom_button":"0","zoom_button_out_step":"2","zoom_button_in_step":"3","show_post_tag":"1","show_prev_next_post":"1","show_popup_post":"1","number_popup_post":"1","show_author_box":"0","show_post_related":"0","show_inline_post_related":"0"}],"override_image_size":"0","image_override":[{"single_post_thumbnail_size":"no-crop","single_post_gallery_size":"crop-715"}],"trending_post":"0","trending_post_position":"meta","trending_post_label":"Trending","sponsored_post":"0","sponsored_post_label":"Sponsored by","sponsored_post_name":"","sponsored_post_url":"","sponsored_post_logo_enable":"0","sponsored_post_logo":"","sponsored_post_desc":"","disable_ad":"0"},"jnews_primary_category":{"id":"","hide":""},"footnotes":""},"categories":[85],"tags":[],"class_list":["post-6035","post","type-post","status-publish","format-standard","has-post-thumbnail","hentry","category-noticias"],"_links":{"self":[{"href":"https:\/\/cbxonline.com.br\/index.php\/wp-json\/wp\/v2\/posts\/6035","targetHints":{"allow":["GET"]}}],"collection":[{"href":"https:\/\/cbxonline.com.br\/index.php\/wp-json\/wp\/v2\/posts"}],"about":[{"href":"https:\/\/cbxonline.com.br\/index.php\/wp-json\/wp\/v2\/types\/post"}],"author":[{"embeddable":true,"href":"https:\/\/cbxonline.com.br\/index.php\/wp-json\/wp\/v2\/users\/2"}],"replies":[{"embeddable":true,"href":"https:\/\/cbxonline.com.br\/index.php\/wp-json\/wp\/v2\/comments?post=6035"}],"version-history":[{"count":1,"href":"https:\/\/cbxonline.com.br\/index.php\/wp-json\/wp\/v2\/posts\/6035\/revisions"}],"predecessor-version":[{"id":6038,"href":"https:\/\/cbxonline.com.br\/index.php\/wp-json\/wp\/v2\/posts\/6035\/revisions\/6038"}],"wp:featuredmedia":[{"embeddable":true,"href":"https:\/\/cbxonline.com.br\/index.php\/wp-json\/wp\/v2\/media\/6036"}],"wp:attachment":[{"href":"https:\/\/cbxonline.com.br\/index.php\/wp-json\/wp\/v2\/media?parent=6035"}],"wp:term":[{"taxonomy":"category","embeddable":true,"href":"https:\/\/cbxonline.com.br\/index.php\/wp-json\/wp\/v2\/categories?post=6035"},{"taxonomy":"post_tag","embeddable":true,"href":"https:\/\/cbxonline.com.br\/index.php\/wp-json\/wp\/v2\/tags?post=6035"}],"curies":[{"name":"wp","href":"https:\/\/api.w.org\/{rel}","templated":true}]}}