{"id":5720,"date":"2023-11-09T14:30:50","date_gmt":"2023-11-09T17:30:50","guid":{"rendered":"https:\/\/cbxonline.com.br\/?p=5720"},"modified":"2023-11-09T14:30:52","modified_gmt":"2023-11-09T17:30:52","slug":"smed-promove-atualizacao-de-materiais-educacionais-em-parceria-com-a-comunidade","status":"publish","type":"post","link":"https:\/\/cbxonline.com.br\/index.php\/2023\/11\/09\/smed-promove-atualizacao-de-materiais-educacionais-em-parceria-com-a-comunidade\/","title":{"rendered":"Smed promove atualiza\u00e7\u00e3o de materiais educacionais em parceria com a comunidade"},"content":{"rendered":"\n<p>A Secretaria Municipal da Educa\u00e7\u00e3o (Smed) est\u00e1 realizando uma atualiza\u00e7\u00e3o dos materiais da rede municipal de ensino de Salvador em colabora\u00e7\u00e3o com professores, coordenadores e, tamb\u00e9m, com a participa\u00e7\u00e3o das fam\u00edlias dos alunos. A iniciativa busca promover uma adequa\u00e7\u00e3o participativa e colaborativa dos materiais e possui consultoria da Avante &#8211; Educa\u00e7\u00e3o e Mobiliza\u00e7\u00e3o Social.<\/p>\n\n\n\n<p>A coordenadora da Educa\u00e7\u00e3o Infantil da Smed, Karla Chaves, explica que o principal objetivo desta atualiza\u00e7\u00e3o \u00e9 contribuir para a melhoria da qualidade do atendimento \u00e0s crian\u00e7as entre zero e cinco anos da rede municipal de Salvador, atrav\u00e9s da atualiza\u00e7\u00e3o, revis\u00e3o e adequa\u00e7\u00e3o do Referencial Curricular Municipal para Educa\u00e7\u00e3o Infantil e dos Materiais Pedag\u00f3gicos desenvolvidos no \u00e2mbito do Projeto Nossa Rede Educa\u00e7\u00e3o Infantil.<\/p>\n\n\n\n<p>A produ\u00e7\u00e3o dos materiais tamb\u00e9m foi acompanhada pela realiza\u00e7\u00e3o de Forma\u00e7\u00e3o Continuada desses profissionais e pelo desenvolvimento do Sistema de Monitoramento da Qualidade do atendimento, o Indique Salvador. Entre 2021 e 2022, o Indique Salvador passou por revis\u00e3o e aplica\u00e7\u00e3o e, neste momento, segue em um Ciclo de Avalia\u00e7\u00e3o que compreendo o per\u00edodo de 2022 a 2024.<\/p>\n\n\n\n<p>\u201cA educa\u00e7\u00e3o especial na perspectiva da Educa\u00e7\u00e3o Inclusiva, a publica\u00e7\u00e3o da Base Nacional Comum Curricular (BNCC), o cen\u00e1rio p\u00f3s-pand\u00eamico e os resultados da aplica\u00e7\u00e3o do Indique em 2022 indicaram a necessidade de fortalecer as pr\u00e1ticas pedag\u00f3gicas, ampliando a participa\u00e7\u00e3o das crian\u00e7as, fam\u00edlias e outros atores, abordando quest\u00f5es como intersetorialidade, identidade, territ\u00f3rio, comunidade e educa\u00e7\u00e3o antirracista\u201d, aponta Karla.<\/p>\n\n\n\n<p>Sandy Santos de Jesus, m\u00e3e de uma aluna da rede municipal de ensino, tem contribu\u00eddo com a revis\u00e3o dos materiais e enfatizou a import\u00e2ncia da inclus\u00e3o. \u201cTenho uma filha de quatro anos com cegueira total nas duas vistas, e que busca sempre o braille nos materiais did\u00e1ticos da escola. O que falta um pouco \u00e9 o braille e tamb\u00e9m o alto relevo para ela se situar um pouco nas imagens ilustrativas. Sou grata pela oportunidade que tem sido dada a mim para ajudar nos materiais adequados para a minha filha\u201d, avalia.<\/p>\n\n\n\n<p>&#8220;Esse trabalho de atualiza\u00e7\u00e3o possibilita o aperfei\u00e7oamento do material Nossa Rede a partir das percep\u00e7\u00f5es e constata\u00e7\u00f5es de professores, de alunos e de familiares. As contribui\u00e7\u00f5es s\u00e3o recebidas pelas equipes t\u00e9cnicas por meio de um processo de escuta, que reafirma o car\u00e1ter democr\u00e1tico e dial\u00f3gico do nosso material\u201d, avaliou o titular da Smed, Thiago Dantas.<\/p>\n\n\n\n<p>Fonte: TRBN <\/p>\n","protected":false},"excerpt":{"rendered":"<p>A Secretaria Municipal da Educa\u00e7\u00e3o (Smed) est\u00e1 realizando uma atualiza\u00e7\u00e3o dos materiais da rede municipal de ensino de Salvador em colabora\u00e7\u00e3o com professores, coordenadores e, tamb\u00e9m, com a participa\u00e7\u00e3o das fam\u00edlias dos alunos. A iniciativa busca promover uma adequa\u00e7\u00e3o participativa e colaborativa dos materiais e possui consultoria da Avante &#8211; Educa\u00e7\u00e3o e Mobiliza\u00e7\u00e3o Social. A [&hellip;]<\/p>\n","protected":false},"author":2,"featured_media":5721,"comment_status":"open","ping_status":"open","sticky":false,"template":"","format":"standard","meta":{"jnews-multi-image_gallery":[],"jnews_single_post":{"subtitle":"","format":"standard","video":"","gallery":"","source_name":"","source_url":"","via_name":"","via_url":"","override_template":"0","override":[{"template":"1","single_blog_custom":"","parallax":"1","fullscreen":"1","layout":"right-sidebar","sidebar":"default-sidebar","second_sidebar":"default-sidebar","sticky_sidebar":"1","share_position":"top","share_float_style":"share-monocrhome","show_share_counter":"0","show_view_counter":"0","show_featured":"1","show_post_meta":"1","show_post_author":"0","show_post_author_image":"1","show_post_date":"1","post_date_format":"default","post_date_format_custom":"Y\/m\/d","show_post_category":"1","show_post_reading_time":"0","post_reading_time_wpm":"300","show_zoom_button":"0","zoom_button_out_step":"2","zoom_button_in_step":"3","show_post_tag":"1","show_prev_next_post":"1","show_popup_post":"1","number_popup_post":"1","show_author_box":"0","show_post_related":"0","show_inline_post_related":"0"}],"override_image_size":"0","image_override":[{"single_post_thumbnail_size":"no-crop","single_post_gallery_size":"crop-715"}],"trending_post":"0","trending_post_position":"meta","trending_post_label":"Trending","sponsored_post":"0","sponsored_post_label":"Sponsored by","sponsored_post_name":"","sponsored_post_url":"","sponsored_post_logo_enable":"0","sponsored_post_logo":"","sponsored_post_desc":"","disable_ad":"0"},"jnews_primary_category":{"id":"","hide":""},"footnotes":""},"categories":[106],"tags":[],"class_list":["post-5720","post","type-post","status-publish","format-standard","has-post-thumbnail","hentry","category-educacao"],"_links":{"self":[{"href":"https:\/\/cbxonline.com.br\/index.php\/wp-json\/wp\/v2\/posts\/5720","targetHints":{"allow":["GET"]}}],"collection":[{"href":"https:\/\/cbxonline.com.br\/index.php\/wp-json\/wp\/v2\/posts"}],"about":[{"href":"https:\/\/cbxonline.com.br\/index.php\/wp-json\/wp\/v2\/types\/post"}],"author":[{"embeddable":true,"href":"https:\/\/cbxonline.com.br\/index.php\/wp-json\/wp\/v2\/users\/2"}],"replies":[{"embeddable":true,"href":"https:\/\/cbxonline.com.br\/index.php\/wp-json\/wp\/v2\/comments?post=5720"}],"version-history":[{"count":1,"href":"https:\/\/cbxonline.com.br\/index.php\/wp-json\/wp\/v2\/posts\/5720\/revisions"}],"predecessor-version":[{"id":5722,"href":"https:\/\/cbxonline.com.br\/index.php\/wp-json\/wp\/v2\/posts\/5720\/revisions\/5722"}],"wp:featuredmedia":[{"embeddable":true,"href":"https:\/\/cbxonline.com.br\/index.php\/wp-json\/wp\/v2\/media\/5721"}],"wp:attachment":[{"href":"https:\/\/cbxonline.com.br\/index.php\/wp-json\/wp\/v2\/media?parent=5720"}],"wp:term":[{"taxonomy":"category","embeddable":true,"href":"https:\/\/cbxonline.com.br\/index.php\/wp-json\/wp\/v2\/categories?post=5720"},{"taxonomy":"post_tag","embeddable":true,"href":"https:\/\/cbxonline.com.br\/index.php\/wp-json\/wp\/v2\/tags?post=5720"}],"curies":[{"name":"wp","href":"https:\/\/api.w.org\/{rel}","templated":true}]}}