{"id":5651,"date":"2023-11-08T11:53:00","date_gmt":"2023-11-08T14:53:00","guid":{"rendered":"https:\/\/cbxonline.com.br\/?p=5651"},"modified":"2023-11-08T11:53:29","modified_gmt":"2023-11-08T14:53:29","slug":"com-novo-pedido-de-vista-julgamento-sobre-extensao-de-102-de-reajuste-salarial-a-servidores-da-al-ba-tcm-e-tce-e-adiado","status":"publish","type":"post","link":"https:\/\/cbxonline.com.br\/index.php\/2023\/11\/08\/com-novo-pedido-de-vista-julgamento-sobre-extensao-de-102-de-reajuste-salarial-a-servidores-da-al-ba-tcm-e-tce-e-adiado\/","title":{"rendered":"Com novo pedido de vista, julgamento sobre extens\u00e3o de 102% de reajuste salarial a servidores da AL-BA, TCM e TCE \u00e9 adiado"},"content":{"rendered":"\n<p>O Supremo Tribunal Federal (STF) suspendeu novamente o julgamento da argui\u00e7\u00e3o de descumprimento de preceito fundamental (ADPF) 362, que trata da extin\u00e7\u00e3o de processos em tramita\u00e7\u00e3o no Tribunal de Justi\u00e7a da Bahia (TJ-BA), fundados no Of\u00edcio 265\/91, sobre a extens\u00e3o do percentual de 102% de reajuste a servidores da Assembleia Legislativa (AL-BA) e do Tribunal de Contas do Estado (TCE-BA) e dos Munic\u00edpios (TCM-BA). Isso porque o ministro Dias Toffoli pediu vista do processo na sess\u00e3o desta ter\u00e7a-feira (7)\u00a0e ter\u00e1 at\u00e9 90 dias para apresentar o voto-vista.\u00a0<\/p>\n\n\n\n<p>A ADPF voltou \u00e0 pauta de julgamento no dia 3 de novembro, depois da an\u00e1lise ter sido suspensa por conta do\u00a0pedido de vista do ministro Nunes Marques na sess\u00e3o do dia 6 de junho. O julgamento ocorre no plen\u00e1rio virtual.<\/p>\n\n\n\n<p>A a\u00e7\u00e3o est\u00e1 em julgamento desde novembro de 2019, tendo sido suspenso pela primeira vez ap\u00f3s pedido de vista do ent\u00e3o ministro Ricardo Lewandowski. Inicialmente o relator era o falecido ministro Teori Zavascki.\u00a0<\/p>\n\n\n\n<p>A mat\u00e9ria voltou para aprecia\u00e7\u00e3o dos ministros em agosto de 2020 e foi retirada da pauta depois do pedido de destaque do ministro Dias Toffoli para que a an\u00e1lise fosse feita no plen\u00e1rio f\u00edsico. Quase tr\u00eas anos depois, o STF decidiu iniciar novamente o julgamento no dia 2 de junho.<\/p>\n\n\n\n<p>At\u00e9 o momento,\u00a0o STF formou maioria pela extin\u00e7\u00e3o de processos em tramita\u00e7\u00e3o no TJ-BA, com sete votos a favor e um contr\u00e1rio, do ministro Ricardo Lewandowski. O entendimento da maioria do Supremo n\u00e3o afetar\u00e1 os processos nos quais as decis\u00f5es j\u00e1 tenham sido atingidas pelo tr\u00e2nsito em julgado.\u00a0<\/p>\n\n\n\n<p>Tamb\u00e9m acompanharam Moraes os ministros\u00a0 Edson Fachin, C\u00e1rmen L\u00facia, Marco Aur\u00e9lio, Rosa Weber \u2013 que se aposentou no final do m\u00eas de setembro \u2013 e Gilmar Mendes. Ainda faltam votar os ministros Dias Toffoli, Luiz Fux e Lu\u00eds Roberto Barroso.<\/p>\n\n\n\n<p>O ministro Andr\u00e9 Mendon\u00e7a n\u00e3o vota, porque o seu antecessor, o ministro Marco Aur\u00e9lio j\u00e1 proferiu o voto. Tamb\u00e9m n\u00e3o vai analisar o processo Cristiano Zanin, j\u00e1 que o ex-ministro Ricardo Lewandowski proferiu voto-vista divergindo de Moraes, no sentido de julgar parcialmente a ADFP procedente para desconstituir as decis\u00f5es judiciais e extinguir os processos em tramita\u00e7\u00e3o no TJ-BA que, fundamentados no Of\u00edcio 265\/1991, tenham por objeto a extens\u00e3o do percentual de 102% de reajuste a servidores da Assembleia Legislativa contemplados com \u00edndice menor, ressalvados, no entanto, os processos nos quais as decis\u00f5es j\u00e1 tenham sido atingidas pelo tr\u00e2nsito em julgado, bem como aqueles nos quais as rela\u00e7\u00f5es jur\u00eddicas estejam resguardadas pelas leis estaduais 12.923\/2013, 12.923\/2014 e 13.801\/2017.<\/p>\n\n\n\n<p>Fonte: Bahia Not\u00edcias <\/p>\n","protected":false},"excerpt":{"rendered":"<p>O Supremo Tribunal Federal (STF) suspendeu novamente o julgamento da argui\u00e7\u00e3o de descumprimento de preceito fundamental (ADPF) 362, que trata da extin\u00e7\u00e3o de processos em tramita\u00e7\u00e3o no Tribunal de Justi\u00e7a da Bahia (TJ-BA), fundados no Of\u00edcio 265\/91, sobre a extens\u00e3o do percentual de 102% de reajuste a servidores da Assembleia Legislativa (AL-BA) e do Tribunal [&hellip;]<\/p>\n","protected":false},"author":2,"featured_media":5652,"comment_status":"open","ping_status":"open","sticky":false,"template":"","format":"standard","meta":{"jnews-multi-image_gallery":[],"jnews_single_post":{"subtitle":"","format":"standard","video":"","gallery":"","source_name":"","source_url":"","via_name":"","via_url":"","override_template":"0","override":[{"template":"1","single_blog_custom":"","parallax":"1","fullscreen":"1","layout":"right-sidebar","sidebar":"default-sidebar","second_sidebar":"default-sidebar","sticky_sidebar":"1","share_position":"top","share_float_style":"share-monocrhome","show_share_counter":"0","show_view_counter":"0","show_featured":"1","show_post_meta":"1","show_post_author":"0","show_post_author_image":"1","show_post_date":"1","post_date_format":"default","post_date_format_custom":"Y\/m\/d","show_post_category":"1","show_post_reading_time":"0","post_reading_time_wpm":"300","show_zoom_button":"0","zoom_button_out_step":"2","zoom_button_in_step":"3","show_post_tag":"1","show_prev_next_post":"1","show_popup_post":"1","number_popup_post":"1","show_author_box":"0","show_post_related":"0","show_inline_post_related":"0"}],"override_image_size":"0","image_override":[{"single_post_thumbnail_size":"no-crop","single_post_gallery_size":"crop-715"}],"trending_post":"0","trending_post_position":"meta","trending_post_label":"Trending","sponsored_post":"0","sponsored_post_label":"Sponsored by","sponsored_post_name":"","sponsored_post_url":"","sponsored_post_logo_enable":"0","sponsored_post_logo":"","sponsored_post_desc":"","disable_ad":"0"},"jnews_primary_category":{"id":"","hide":""},"footnotes":""},"categories":[107,85],"tags":[],"class_list":["post-5651","post","type-post","status-publish","format-standard","has-post-thumbnail","hentry","category-justica","category-noticias"],"_links":{"self":[{"href":"https:\/\/cbxonline.com.br\/index.php\/wp-json\/wp\/v2\/posts\/5651","targetHints":{"allow":["GET"]}}],"collection":[{"href":"https:\/\/cbxonline.com.br\/index.php\/wp-json\/wp\/v2\/posts"}],"about":[{"href":"https:\/\/cbxonline.com.br\/index.php\/wp-json\/wp\/v2\/types\/post"}],"author":[{"embeddable":true,"href":"https:\/\/cbxonline.com.br\/index.php\/wp-json\/wp\/v2\/users\/2"}],"replies":[{"embeddable":true,"href":"https:\/\/cbxonline.com.br\/index.php\/wp-json\/wp\/v2\/comments?post=5651"}],"version-history":[{"count":1,"href":"https:\/\/cbxonline.com.br\/index.php\/wp-json\/wp\/v2\/posts\/5651\/revisions"}],"predecessor-version":[{"id":5653,"href":"https:\/\/cbxonline.com.br\/index.php\/wp-json\/wp\/v2\/posts\/5651\/revisions\/5653"}],"wp:featuredmedia":[{"embeddable":true,"href":"https:\/\/cbxonline.com.br\/index.php\/wp-json\/wp\/v2\/media\/5652"}],"wp:attachment":[{"href":"https:\/\/cbxonline.com.br\/index.php\/wp-json\/wp\/v2\/media?parent=5651"}],"wp:term":[{"taxonomy":"category","embeddable":true,"href":"https:\/\/cbxonline.com.br\/index.php\/wp-json\/wp\/v2\/categories?post=5651"},{"taxonomy":"post_tag","embeddable":true,"href":"https:\/\/cbxonline.com.br\/index.php\/wp-json\/wp\/v2\/tags?post=5651"}],"curies":[{"name":"wp","href":"https:\/\/api.w.org\/{rel}","templated":true}]}}